{"id":1014,"date":"2012-09-09T14:24:59","date_gmt":"2012-09-09T17:24:59","guid":{"rendered":"https:\/\/www.r9competicoes.com.br\/r9\/?p=1014"},"modified":"2024-08-04T09:16:55","modified_gmt":"2024-08-04T12:16:55","slug":"giaffone-vence-na-argentina-e-man-latin-america-e-campea-de-marcas","status":"publish","type":"post","link":"https:\/\/www.r9competicoes.com.br\/r9\/2012\/09\/giaffone-vence-na-argentina-e-man-latin-america-e-campea-de-marcas\/","title":{"rendered":"Felipe Giaffone vence na Argentina e MAN Latin America \u00e9 bicampe\u00e3 sul-americana da F\u00f3rmula Truck"},"content":{"rendered":"<p><a  href=\"https:\/\/www.r9competicoes.com.br\/r9\/wp-content\/uploads\/2012\/09\/124733d.jpg\" data-rel=\"lightbox-gallery-0\" data-rl_title=\"\" data-rl_caption=\"\"><img loading=\"lazy\" decoding=\"async\" src=\"https:\/\/www.r9competicoes.com.br\/r9\/wp-content\/uploads\/2012\/09\/124733d-e1347219786788.webp\" alt=\"\" title=\"\" width=\"600\" height=\"381\" class=\"aligncenter size-full wp-image-1019\" srcset=\"https:\/\/www.r9competicoes.com.br\/r9\/wp-content\/uploads\/2012\/09\/124733d-e1347219786788.webp 600w, https:\/\/www.r9competicoes.com.br\/r9\/wp-content\/uploads\/2012\/09\/124733d-e1347219786788-450x286.webp 450w\" sizes=\"auto, (max-width: 600px) 100vw, 600px\" \/><\/a>O piloto da MAN Latin America, Felipe Giaffone, conquistou a vit\u00f3ria na \u00faltima etapa do campeonato sul-americano da F\u00f3rmula Truck, disputado neste domingo, em C\u00f3rdoba (Argentina) e com isso ajudou sua equipe a se sagrar bicampe\u00e3 sul-americana de marcas. O resultado tamb\u00e9m colocou a MAN Latin America na lideran\u00e7a do campeonato brasileiro, com dois pontos de vantagem sobre a vice-l\u00edder.<\/p>\n<p><a  href=\"https:\/\/www.r9competicoes.com.br\/r9\/wp-content\/uploads\/2012\/09\/124733e.jpg\" data-rel=\"lightbox-gallery-0\" data-rl_title=\"\" data-rl_caption=\"\"><img loading=\"lazy\" decoding=\"async\" src=\"https:\/\/www.r9competicoes.com.br\/r9\/wp-content\/uploads\/2012\/09\/124733e-e1347219827464.webp\" alt=\"\" title=\"\" width=\"400\" height=\"266\" class=\"alignright size-full wp-image-1020\" \/><\/a>&#8220;O trabalho da MAN Latin America foi excelente nesta pista que teoricamente n\u00e3o favorecia nossos caminh\u00f5es. A corrida foi disputada desde a largada e, mesmo largando na pole position, sabia que ter\u00edamos que suar muito para conquistar a vit\u00f3ria. Ficou muito feliz que o time me deu condi\u00e7\u00f5es de brigar de igual para igual contra os advers\u00e1rios e tamb\u00e9m sobreviver em uma grande prova de resist\u00eancia, com nosso caminh\u00e3o chegando perfeito ao final da prova e em primeiro lugar, disse Felipe Giaffone.<\/p>\n<p>O campe\u00e3o brasileiro e sul-americano de Truck em 2011 largou na pole position, perdeu a lideran\u00e7a ainda na primeira volta, mas imprimiu ritmo forte no final e reassumiu a ponta, at\u00e9 cruzar a linha de chegada em primeiro. Esta \u00e9 a segunda vit\u00f3ria de Giaffone na Argentina, a primeira foi na estreia da F\u00f3rmula Truck no pa\u00eds, em 2009. No ano passado, ele se sagrou campe\u00e3o sul-americano em Buenos Aires &#8211; neste ano, terminou o campeonato em quarto lugar.<\/p>\n<p><a  href=\"https:\/\/www.r9competicoes.com.br\/r9\/wp-content\/uploads\/2012\/09\/124733c.jpg\" data-rel=\"lightbox-gallery-0\" data-rl_title=\"\" data-rl_caption=\"\"><img loading=\"lazy\" decoding=\"async\" src=\"https:\/\/www.r9competicoes.com.br\/r9\/wp-content\/uploads\/2012\/09\/124733c-e1347219865581.webp\" alt=\"\" title=\"\" width=\"400\" height=\"266\" class=\"alignleft size-full wp-image-1021\" \/><\/a>S\u00e9timo colocado hoje na Argentina, Renato Martins destacou a vit\u00f3ria de sua equipe e da conquista do campeonato de marcas pela MAN Latin America na Truck. &#8220;Esta corrida foi memor\u00e1vel para nossa equipe, pois levamos mais um t\u00edtulo sul-americano de marcas e conquistamos uma importante vit\u00f3ria na temporada 2012. Claro que a vontade era ver um de nossos pilotos vencendo tamb\u00e9m o Sul-Americano, mas seguimos com chances no Brasileiro. Al\u00e9m disso, assumimos a lideran\u00e7a entre as marcas no brasileiro&#8221;, disse Martins, que \u00e9 piloto e chefe da equipe oficial da MAN Latin America.<\/p>\n<p><a  href=\"https:\/\/www.r9competicoes.com.br\/r9\/wp-content\/uploads\/2012\/09\/124733b.jpg\" data-rel=\"lightbox-gallery-0\" data-rl_title=\"\" data-rl_caption=\"\"><img loading=\"lazy\" decoding=\"async\" src=\"https:\/\/www.r9competicoes.com.br\/r9\/wp-content\/uploads\/2012\/09\/124733b-e1347219894952.webp\" alt=\"\" title=\"\" width=\"400\" height=\"266\" class=\"alignleft size-full wp-image-1022\" \/><\/a>Andr\u00e9 Marques chegou a C\u00f3rdoba na vice-lideran\u00e7a do sul-americano e chegou a ter chances de t\u00edtulo na corrida de hoje. Com a sexta coloca\u00e7\u00e3o na corrida argentina, ficou na terceira posi\u00e7\u00e3o na classifica\u00e7\u00e3o final, levando assim seu primeiro trof\u00e9u de campeonato j\u00e1 em seu primeiro ano com a MAN Latin America.<\/p>\n<p>&#8220;Viemos com o pensamento de decis\u00e3o para esta etapa e vencemos o t\u00edtulo das marcas. Claro que eu tamb\u00e9m queria o t\u00edtulo de pilotos, mas fico feliz com a conquista de marcas e pelo trof\u00e9u de terceiro lugar no Sul-Americano em meu primeiro ano com uma equipe competitiva na Truck&#8221;, diz Andr\u00e9.<\/p>\n<p><a  href=\"https:\/\/www.r9competicoes.com.br\/r9\/wp-content\/uploads\/2012\/09\/124733a.jpg\" data-rel=\"lightbox-gallery-0\" data-rl_title=\"\" data-rl_caption=\"\"><img loading=\"lazy\" decoding=\"async\" src=\"https:\/\/www.r9competicoes.com.br\/r9\/wp-content\/uploads\/2012\/09\/124733a-e1347219966691.webp\" alt=\"\" title=\"\" width=\"400\" height=\"266\" class=\"alignright size-full wp-image-1023\" \/><\/a>D\u00e9bora Rodrigues, a \u00fanica mulher na disputa da F\u00f3rmula Truck, iniciou a prova argentina na 17\u00aa posi\u00e7\u00e3o e ap\u00f3s conquistar oito posi\u00e7\u00f5es, cruzou a linha de chegada no nono posto. &#8220;Antes da largada decidi que iria para cima, na busca de posi\u00e7\u00f5es que pudessem render pontos importantes para a equipe. Felizmente consegui ultrapassar alguns advers\u00e1rios e garantir estes pontos, que ajudaram a MAN Latin America na conquista do t\u00edtulo sul-americano e assumir a lideran\u00e7a no brasileiro&#8221;, disse.<\/p>\n<p>Adalberto Jardim largou no 11\u00ba posto e recebeu acabou a prova na 15\u00aa posi\u00e7\u00e3o. &#8220;Infelizmente o resultado que eu queria n\u00e3o veio, mas a corrida foi muito boa para a equipe, que conquistou uma importante vit\u00f3ria&#8221;, disse.<\/p>\n<p>A pr\u00f3xima etapa da F\u00f3rmula Truck ser\u00e1 em Guapor\u00e9 (RS), no dia 14 de outubro.<\/p>\n<p><a  href=\"https:\/\/www.r9competicoes.com.br\/r9\/wp-content\/uploads\/2012\/09\/124733.webp\" data-rel=\"lightbox-gallery-0\" data-rl_title=\"Equipe RM com diretores da ZF\" data-rl_caption=\"\"><img loading=\"lazy\" decoding=\"async\" src=\"https:\/\/www.r9competicoes.com.br\/r9\/wp-content\/uploads\/2012\/09\/124733.webp\" alt=\"\" title=\"Equipe RM com diretores da ZF\" width=\"600\" height=\"383\" class=\"aligncenter size-full wp-image-1015\" srcset=\"https:\/\/www.r9competicoes.com.br\/r9\/wp-content\/uploads\/2012\/09\/124733.webp 600w, https:\/\/www.r9competicoes.com.br\/r9\/wp-content\/uploads\/2012\/09\/124733-450x287.webp 450w\" sizes=\"auto, (max-width: 600px) 100vw, 600px\" \/><\/a><\/p>\n<p>Confira o resultado do GP ZF Astronic:<br \/>\n1\u00ba) Felipe Giaffone (SP\/MAN-Volkswagen), RM Motors, 1h00min49s984<br \/>\n2\u00ba) Paulo Salustiano (SP\/Volvo), ABF\/Volvo, a 13s099<br \/>\n3\u00ba) Leandro Totti (PR\/Mercedes-Benz), ABF Racing Team, a 16s079<br \/>\n4\u00ba) Luiz Lopes (SP\/Mercedes-Benz), ABF Racing Team, a 20s297<br \/>\n5\u00ba) Valmir Benavides (SP\/Iveco), Scuderia Iveco, a 2 voltas<br \/>\n6\u00ba) Andr\u00e9 Marques (SP\/MAN-Volkswagen), RM-Competi\u00e7\u00f5es, a 2 voltas<br \/>\n7\u00ba) Renato Martins (SP\/MAN-Volkswagen), RM Motors, a 3 voltas<br \/>\n8\u00ba) Beto Monteiro (PE\/Iveco), Scuderia Iveco, a 3 voltas<br \/>\n9\u00ba) D\u00e9bora Rodrigues (SP\/MAN-Volkswagen), RM Motors, a 9 voltas<br \/>\n10\u00ba) Roberval Andrade (SP\/Scania), Ticket Car Corinthians Motorsport, a 13 voltas<br \/>\n11\u00ba) Luiz Pucci (ARG\/Volvo), ABF\/Volvo, a 13 voltas<br \/>\n12\u00ba) Pedro Muffato (PR\/Scania), Muffat\u00e3o, a 14 voltas<br \/>\n13\u00ba) R\u00e9gis Boessio (RS\/Mercedes-Benz), ABF Desenvolvimento Team, a 15 voltas<br \/>\n14\u00ba) Wellington Cirino (PR\/Mercedes-Benz), ABF\/Mercedes-Benz, a 21 voltas<br \/>\n15\u00ba) Adalberto Jardim (SP\/MAN-Volkswagen), AJ5 Competi\u00e7\u00f5es, a 22 voltas<br \/>\n16\u00ba) Diumar Bueno (PR\/Volvo), DB Motorsport, a 23 voltas<br \/>\n17\u00ba) Geraldo Piquet (DF\/Mercedes-Benz), ABF\/Mercedes-Benz, a 24 voltas<br \/>\n18\u00ba) Danilo Dirani (SP\/Ford), 72 Sports, a 27 voltas<br \/>\n19\u00ba) Pedro Gomes (SP\/Ford), 72 Sports, a 27 voltas<\/p>\n<p>Melhor volta: Felipe Giaffone, na 12\u00aa volta, 1min32s940, m\u00e9dia de 142,969 km\/h<\/p>\n<p>A classifica\u00e7\u00e3o final do Campeonato Sul-Americano entre as Marcas da F\u00f3rmula Truck \u00e9 a seguinte:<\/p>\n<p>1\u00ba) MAN Latin America &#8211; Volkswagen, 163 pontos<br \/>\n2\u00ba) Mercedes-Benz, 137<br \/>\n3\u00ba) Iveco, 94<br \/>\n4\u00ba) Volvo, 70<br \/>\n5\u00ba) Scania, 40<br \/>\n6\u00ba) Ford, 9.<\/p>\n<p>A classifica\u00e7\u00e3o final do Sul-Americano de F\u00f3rmula Truck:<\/p>\n<p>1\u00ba) Leandro Totti, 70 pontos<br \/>\n2\u00ba) Beto Monteiro, 66<br \/>\n3\u00ba) Andr\u00e9 Marques, 64<br \/>\n4\u00ba) Felipe Giaffone, 61<br \/>\n5\u00ba) Paulo Salustiano, 45<br \/>\n6\u00ba) Adalberto Jardim, 39<br \/>\n7\u00ba) Welington Cirino, 38<br \/>\n8\u00ba) Roberval Andrade, 36<br \/>\n9\u00ba) Valmir Benavides, 25<br \/>\n10\u00ba) Geraldo Piquet, 20<br \/>\n11\u00ba) Regis Boessio, 19<br \/>\n12\u00ba) Fred Marinelli, 15<br \/>\n13\u00ba) Renato Martins, 11<br \/>\n14\u00ba) Dilmar Bueno, 10<br \/>\n15\u00ba) Luiz Pucci, 9<br \/>\n15\u00ba) D\u00e9bora Rodrigues, 9<br \/>\n17\u00ba) Jo\u00e3o Maistro e Christian Fittipaldi, 6<br \/>\n19\u00ba) Leandro Reis, 5<br \/>\n19\u00ba) Pedro Gomes, 5<br \/>\n21\u00ba) Danilo Dirani, 4<br \/>\n22\u00ba) Pedro Muffato, 3<br \/>\n23\u00ba) Jos\u00e9 Maria Reis, 2<br \/>\n24\u00ba) Luiz Lopes, 15.<\/p>\n<p>No Brasileiro de Marcas, a tr\u00eas etapas do t\u00e9rmino da temporada de 2012, a pontua\u00e7\u00e3o \u00e9 a seguinte:<\/p>\n<p>1\u00ba) MAN Latin America &#8211; Volkswagen, 243<br \/>\n2\u00ba) Mercedes-Benz, 241<br \/>\n3\u00ba) Iveco, 169<br \/>\n4\u00ba) Volvo, 138<br \/>\n5\u00ba) Scania, 98<br \/>\n6\u00ba) Ford, 14<\/p>\n","protected":false},"excerpt":{"rendered":"<p>O piloto da MAN Latin America, Felipe Giaffone, conquistou a vit\u00f3ria na \u00faltima etapa do campeonato sul-americano da F\u00f3rmula Truck, disputado neste domingo, em C\u00f3rdoba [&hellip;]<\/p>\n","protected":false},"author":2,"featured_media":1019,"comment_status":"open","ping_status":"open","sticky":false,"template":"","format":"standard","meta":{"ngg_post_thumbnail":0,"footnotes":""},"categories":[3],"tags":[],"class_list":["post-1014","post","type-post","status-publish","format-standard","has-post-thumbnail","hentry","category-noticias"],"_links":{"self":[{"href":"https:\/\/www.r9competicoes.com.br\/r9\/wp-json\/wp\/v2\/posts\/1014","targetHints":{"allow":["GET"]}}],"collection":[{"href":"https:\/\/www.r9competicoes.com.br\/r9\/wp-json\/wp\/v2\/posts"}],"about":[{"href":"https:\/\/www.r9competicoes.com.br\/r9\/wp-json\/wp\/v2\/types\/post"}],"author":[{"embeddable":true,"href":"https:\/\/www.r9competicoes.com.br\/r9\/wp-json\/wp\/v2\/users\/2"}],"replies":[{"embeddable":true,"href":"https:\/\/www.r9competicoes.com.br\/r9\/wp-json\/wp\/v2\/comments?post=1014"}],"version-history":[{"count":6,"href":"https:\/\/www.r9competicoes.com.br\/r9\/wp-json\/wp\/v2\/posts\/1014\/revisions"}],"predecessor-version":[{"id":6598,"href":"https:\/\/www.r9competicoes.com.br\/r9\/wp-json\/wp\/v2\/posts\/1014\/revisions\/6598"}],"wp:featuredmedia":[{"embeddable":true,"href":"https:\/\/www.r9competicoes.com.br\/r9\/wp-json\/wp\/v2\/media\/1019"}],"wp:attachment":[{"href":"https:\/\/www.r9competicoes.com.br\/r9\/wp-json\/wp\/v2\/media?parent=1014"}],"wp:term":[{"taxonomy":"category","embeddable":true,"href":"https:\/\/www.r9competicoes.com.br\/r9\/wp-json\/wp\/v2\/categories?post=1014"},{"taxonomy":"post_tag","embeddable":true,"href":"https:\/\/www.r9competicoes.com.br\/r9\/wp-json\/wp\/v2\/tags?post=1014"}],"curies":[{"name":"wp","href":"https:\/\/api.w.org\/{rel}","templated":true}]}}