{"id":116,"date":"2011-02-24T11:42:26","date_gmt":"2011-02-24T14:42:26","guid":{"rendered":"https:\/\/www.r9competicoes.com.br\/r9\/?p=116"},"modified":"2024-08-04T09:14:52","modified_gmt":"2024-08-04T12:14:52","slug":"man-latin-america-apresenta-a-manmagazine","status":"publish","type":"post","link":"https:\/\/www.r9competicoes.com.br\/r9\/2011\/02\/man-latin-america-apresenta-a-manmagazine\/","title":{"rendered":"MAN Latin America apresenta a MANmagazine"},"content":{"rendered":"<p><img loading=\"lazy\" decoding=\"async\" src=\"https:\/\/www.r9competicoes.com.br\/r9\/wp-content\/uploads\/2011\/04\/99712.webp\" alt=\"\" title=\"Revista MANmagazine\" width=\"400\" height=\"255\" class=\"alignleft size-full wp-image-117\" \/>A publica\u00e7\u00e3o \u00e9 a primeira revista corporativa do Brasil a contar com uma vers\u00e3o para a plataforma iPad e marca o in\u00edcio das comemora\u00e7\u00f5es dos 30 anos da empresa. A primeira edi\u00e7\u00e3o conta ainda com um teste drive in\u00e9dito com o piloto Renato Martins em um caminh\u00e3o MAN TGX, al\u00e9m de outras grandes mat\u00e9rias. Na vers\u00e3o tablet, o leitor ter\u00e1 acesso, al\u00e9m do conte\u00fado da revista impressa, \u00e0 v\u00eddeos, depoimentos, e novas imagens. <\/p>\n<p><!--more-->A MAN Latin America acaba de lan\u00e7ar a MANmagazine, primeira revista da empresa. A publica\u00e7\u00e3o foi apresentada por Roberto Cortes, presidente da MAN Latin America, na noite dessa ter\u00e7a-feira (15\/02), em S\u00e3o Paulo (SP). A company magazine, que possui tamb\u00e9m uma vers\u00e3o para a plataforma iPad, est\u00e1 entre as estrat\u00e9gias para fortalecimento da marca na Am\u00e9rica Latina, e segue o conceito dual brand, que combina a tradi\u00e7\u00e3o e brasilidade da Volkswagen Caminh\u00f5es e \u00d4nibus com a for\u00e7a e alta tecnologia alem\u00e3 da MAN.<\/p>\n<p>A revista trar\u00e1 em suas edi\u00e7\u00f5es boas hist\u00f3rias, viagens, inova\u00e7\u00e3o e tecnologia, tendo o Brasil e demais pa\u00edses da Am\u00e9rica Latina como cen\u00e1rio principal. As mat\u00e9rias s\u00e3o assinadas por jornalistas e fot\u00f3grafos de primeira linha, com destaque para o colunista fixo Ricardo Amorim, um dos maiores comentaristas econ\u00f4micos do Brasil.<\/p>\n<p>O projeto gr\u00e1fico da MANmagazine \u00e9 inspirado na eleg\u00e2ncia europeia, acrescido da alegria e tempero latinoamericanos. Por isso, a revista j\u00e1 \u00e9 considerada um marco na integra\u00e7\u00e3o aos demais ti\u00edtulos do Grupo MAN. \u201cA MANmagazine \u00e9 um sonho que perseguimos e que tornamos realidade no ano em que comemoramos 30 anos de mercado. Essa \u00e9 mais uma grande conquista de nossa empresa\u201d, diz Roberto Cortes.<\/p>\n<p>Se\u00e7\u00f5es<\/p>\n<p>Em \u201cPonto de Partida\u201d, os leitores acompanhar\u00e3o o ciclo de um produto, da origem at\u00e9 o consumidor final. J\u00e1 na se\u00e7\u00e3o \u201cRetrato\u201d a revista mostrar\u00e1 o perfil de personalidades de destaque no esporte, nas artes, ou neg\u00f3cios. Nessa primeira edi\u00e7\u00e3o, o entrevistado \u00e9 o navegador Amyr Klink, um dos homens mais admirados do Pa\u00eds.<\/p>\n<p>Em \u201cUma rua\u201d, um convidado comenta os encantos de uma rua em qualquer cidade do Brasil ou do exterior. E na se\u00e7\u00e3o \u201cViagem\u201d, os leitores da MANmagazine descobrir\u00e3o roteiros pelas estradas mais bonitas da Am\u00e9rica Latina. A primeira edi\u00e7\u00e3o conta ainda com um teste drive in\u00e9dito com o piloto Renato Martins em um caminh\u00e3o MAN TGX, al\u00e9m de outras grandes mat\u00e9rias.<\/p>\n<p>Pioneirismo<\/p>\n<p>A MANmagazine \u00e9 ainda a primeira revista corporativa do Brasil a contar com uma vers\u00e3o exclusiva para a plataforma iPad. Na vers\u00e3o tablet, o leitor ter\u00e1 acesso, al\u00e9m do conte\u00fado da revista impressa, \u00e0 v\u00eddeos, depoimentos, e novas imagens. \u201cMais um vez sa\u00edmos na frente, mostrando que inova\u00e7\u00e3o e tecnologia est\u00e3o sempre ao nosso lado\u201d, completa Cortes. A vers\u00e3o estar\u00e1 dispon\u00edvel em breve para download gratuito na loja virtual da Apple, fabricante do aparelho.<\/p>\n<p>Dados T\u00e9cnicos<\/p>\n<p>A MANmagazine ser\u00e1 quadrimestral com tiragem de 13 mil exemplares em portugu\u00eas e 2 mil em espanhol. A revista ser\u00e1 distribu\u00edda para clientes, concession\u00e1rios, fornecedores, autoridades de governo e importadores. Al\u00e9m disso, todos os seis mil colaboradores da MAN Latin America receber\u00e3o a revista em seus postos de trabalho.<\/p>\n<p>Fa\u00e7a download aqui &#8211; www.vwtbpress.com.br\/pdf\/por\/man.pdf   <\/p>\n","protected":false},"excerpt":{"rendered":"<p>A publica\u00e7\u00e3o \u00e9 a primeira revista corporativa do Brasil a contar com uma vers\u00e3o para a plataforma iPad e marca o in\u00edcio das comemora\u00e7\u00f5es dos [&hellip;]<\/p>\n","protected":false},"author":2,"featured_media":117,"comment_status":"open","ping_status":"open","sticky":false,"template":"","format":"standard","meta":{"ngg_post_thumbnail":0,"footnotes":""},"categories":[3],"tags":[],"class_list":["post-116","post","type-post","status-publish","format-standard","has-post-thumbnail","hentry","category-noticias"],"_links":{"self":[{"href":"https:\/\/www.r9competicoes.com.br\/r9\/wp-json\/wp\/v2\/posts\/116","targetHints":{"allow":["GET"]}}],"collection":[{"href":"https:\/\/www.r9competicoes.com.br\/r9\/wp-json\/wp\/v2\/posts"}],"about":[{"href":"https:\/\/www.r9competicoes.com.br\/r9\/wp-json\/wp\/v2\/types\/post"}],"author":[{"embeddable":true,"href":"https:\/\/www.r9competicoes.com.br\/r9\/wp-json\/wp\/v2\/users\/2"}],"replies":[{"embeddable":true,"href":"https:\/\/www.r9competicoes.com.br\/r9\/wp-json\/wp\/v2\/comments?post=116"}],"version-history":[{"count":1,"href":"https:\/\/www.r9competicoes.com.br\/r9\/wp-json\/wp\/v2\/posts\/116\/revisions"}],"predecessor-version":[{"id":6422,"href":"https:\/\/www.r9competicoes.com.br\/r9\/wp-json\/wp\/v2\/posts\/116\/revisions\/6422"}],"wp:featuredmedia":[{"embeddable":true,"href":"https:\/\/www.r9competicoes.com.br\/r9\/wp-json\/wp\/v2\/media\/117"}],"wp:attachment":[{"href":"https:\/\/www.r9competicoes.com.br\/r9\/wp-json\/wp\/v2\/media?parent=116"}],"wp:term":[{"taxonomy":"category","embeddable":true,"href":"https:\/\/www.r9competicoes.com.br\/r9\/wp-json\/wp\/v2\/categories?post=116"},{"taxonomy":"post_tag","embeddable":true,"href":"https:\/\/www.r9competicoes.com.br\/r9\/wp-json\/wp\/v2\/tags?post=116"}],"curies":[{"name":"wp","href":"https:\/\/api.w.org\/{rel}","templated":true}]}}