{"id":122,"date":"2011-02-24T08:41:07","date_gmt":"2011-02-24T11:41:07","guid":{"rendered":"https:\/\/www.r9competicoes.com.br\/r9\/?p=122"},"modified":"2024-08-04T09:14:52","modified_gmt":"2024-08-04T12:14:52","slug":"felipe-giaffone-e-valmir-benavides-estarao-na-briga-pelo-titulo-como-pilotos-da-crystal","status":"publish","type":"post","link":"https:\/\/www.r9competicoes.com.br\/r9\/2011\/02\/felipe-giaffone-e-valmir-benavides-estarao-na-briga-pelo-titulo-como-pilotos-da-crystal\/","title":{"rendered":"Felipe Giaffone e Valmir Benavides estar\u00e3o na briga pelo t\u00edtulo como pilotos da Crystal"},"content":{"rendered":"<p><img loading=\"lazy\" decoding=\"async\" src=\"https:\/\/www.r9competicoes.com.br\/r9\/wp-content\/uploads\/2011\/04\/99711.webp\" alt=\"\" title=\"Pilotos Giaffone e Benavides\" width=\"400\" height=\"255\" class=\"alignleft size-full wp-image-123\" \/>Entre as principais categorias nacionais de esporte a motor, a F\u00f3rmula Truck ser\u00e1 a primeira a realizar uma corrida em 2011. A etapa de abertura do campeonato est\u00e1 marcada j\u00e1 para o dia 27 de fevereiro, no circuito de Santa Cruz do Sul (RS). Uma nova temporada, com outros desafios, mas nomes bem conhecidos na disputa pelo t\u00edtulo: entre eles, Felipe Giaffone, piloto da Crystal. Ele est\u00e1 confirmado para mais uma temporada na equipe Volkswagen e parte em busca do tricampeonato (depois de vencer em 2007 e 2009). Seu companheiro de equipe, tamb\u00e9m com patroc\u00ednio Crystal, ser\u00e1 Valmir Benavides.<\/p>\n<p><!--more-->No ano passado, os dois venceram corridas e estiveram na disputa pelo t\u00edtulo at\u00e9 as etapas finais.<\/p>\n<p>&#8220;Em uma longa temporada, com dez corridas, terminamos exatamente na mesma posi\u00e7\u00e3o do campe\u00e3o, com pontua\u00e7\u00e3o id\u00eantica, s\u00f3 que devido ao crit\u00e9rio desempate fiquei com o vice-campeonato\u201d, lembra Felipe Giaffone, que ter\u00e1 a chance de dar o troco no advers\u00e1rio, Roberval Andrade, em 2011. Mas ter\u00e1 dentro do pr\u00f3prio box um outro concorrente de peso: Valmir Benavides.<\/p>\n<p>&#8220;O ano passado foi excelente. Liderei parte do campeonato e acredito que teremos boas chances de lutar novamente pelo t\u00edtulo em 2011&#8221;, revela Valmir Benavides. Al\u00e9m do apoio aos dois pilotos, a Cerveja Crystal \u00e9 tamb\u00e9m patrocinadora oficial da F\u00f3rmula Truck, que neste ano ter\u00e1 suas corridas exibidas em televis\u00e3o aberta sempre pela Rede Bandeirantes.<\/p>\n<p>Programa\u00e7\u00e3o do final de semana em Santa Cruz do Sul:<br \/>\nConfira os hor\u00e1rios do final de semana:<\/p>\n<p>SEXTA DIA 25\/02\/2011<\/p>\n<p>Das 10h00\u00e0s11h45 Vistoria T\u00e9cnica<\/p>\n<p>Das 10h30\u00e0s11h30 1\u00ba. Treino Livre \u2013 Top Race \u2013 Grupo A<\/p>\n<p>Das 12h00\u00e0s13h00 1\u00ba. Treino Livre \u2013 F\u00f3rmula Truck<\/p>\n<p>Das 13h30\u00e0s14h30 1\u00ba. Treino Livre \u2013 Top Race \u2013 Grupo B<\/p>\n<p>As14h00 Briefing \u2013 Equipes \u2013 F\u00f3rmula Truck<\/p>\n<p>Das 15h00\u00e0s 16h00 2\u00ba. Treino Livre \u2013 F\u00f3rmula Truck<\/p>\n<p>As 16h30 Briefing \u2013 Pilotos \u2013 F\u00f3rmula Truck<\/p>\n<p>S\u00c1BADO DIA 26\/02\/2011<\/p>\n<p>Das 09h00 \u00e0s 10h00 3\u00ba. Treino Livre \u2013 F\u00f3rmula Truck<\/p>\n<p>Das 10h10 \u00e0s 10h30 2\u00ba. Treino Livre \u2013 Top Race \u2013 Grupo A<\/p>\n<p>Das 10h35 \u00e0s 10h55 2\u00ba. Treino Livre \u2013 Top Race \u2013 Grupo B<\/p>\n<p>\u00c0s 10h45 Pesagem Oficial de Pilotos \u2013 F\u00f3rmula Truck<\/p>\n<p>Das 11h10 \u00e0s 12h10 4\u00ba. Treino Livre \u2013 F\u00f3rmula Truck<\/p>\n<p>\u00c0s 11h25 Briefing \u2013 Pilotos \u2013 Top Race<\/p>\n<p>Das 12h25 \u00e0s 13h40 Treino Classificat\u00f3rio \u2013 Top Race<\/p>\n<p>Das 14h00 \u00e0s 15h30 Treino Classificat\u00f3rio \u2013 F\u00f3rmula Truck<\/p>\n<p>Das 15h45 \u00e0s 16h15 Top Qualifing \u2013 F\u00f3rmula Truck<\/p>\n<p>\u00c0s 16h30 Truck Kids \u2013 Parque de exposi\u00e7\u00e3o<\/p>\n<p>Das 16h30 \u00e0s 16h55 Super Sprint \u2013 Top Race \u2013 (20\u00b0 ao 32\u00b0) \u2013 6 Voltas<\/p>\n<p>Das 17h05 \u00e0s 17h30 Super Sprint \u2013 Top Race \u2013 (01\u00b0 ao 19\u00b0) \u2013 6 Voltas<\/p>\n<p>DOMINGO DIA 27\/02\/2011<\/p>\n<p>Das 07h00 as 08h30 Teste Show<\/p>\n<p>Das 08h50 as 09h20 Warm-Up \u2013 F\u00f3rmula Truck<\/p>\n<p>Das 09h25 \u00e0s 09h40 Show de Motos<\/p>\n<p>\u00c0s 09h45 Abertura de Box \u2013 Top Race<\/p>\n<p>\u00c0s 09h50 Fechamento de Box \u2013 Top Race<\/p>\n<p>\u00c0s 09h55 Placa de 5 Minutos \u2013 Top Race<\/p>\n<p>\u00c0s 10h00 Bandeira verde para volta de apresenta\u00e7\u00e3o,<\/p>\n<p>mais 00h45 de corrida (prova) \u2013 Top Race<\/p>\n<p>\u00c0s 10h50 P\u00f3dium Top Race<\/p>\n<p>Das 11h00 \u00e0s 11h07 Desfile dos Pilotos<\/p>\n<p>Das 11h10 \u00e0s 12h10 Truck Test<\/p>\n<p>Das 12h15 \u00e0s 12h40 Show de Caminh\u00f5es \u2013 Dani, Gabi e Junior<\/p>\n<p>\u00c0s 12h45 Abertura de Box \u2013 F\u00f3rmula Truck<\/p>\n<p>\u00c0s 12h55 Fechamento de Box \u2013 F\u00f3rmula Truck<\/p>\n<p>\u00c0s 13h05 Placa de 5 Minutos \u2013 F\u00f3rmula Truck<\/p>\n<p>\u00c0s 13h10 Bandeira verde para volta de apresenta\u00e7\u00e3o, mais<\/p>\n<p>1h00 h. de corrida (prova) \u2013 F\u00f3rmula Truck<\/p>\n<p>\u00c0s 14h20 P\u00f3dium F\u00f3rmula Truck   <\/p>\n","protected":false},"excerpt":{"rendered":"<p>Entre as principais categorias nacionais de esporte a motor, a F\u00f3rmula Truck ser\u00e1 a primeira a realizar uma corrida em 2011. A etapa de abertura [&hellip;]<\/p>\n","protected":false},"author":2,"featured_media":123,"comment_status":"open","ping_status":"open","sticky":false,"template":"","format":"standard","meta":{"ngg_post_thumbnail":0,"footnotes":""},"categories":[3],"tags":[],"class_list":["post-122","post","type-post","status-publish","format-standard","has-post-thumbnail","hentry","category-noticias"],"_links":{"self":[{"href":"https:\/\/www.r9competicoes.com.br\/r9\/wp-json\/wp\/v2\/posts\/122","targetHints":{"allow":["GET"]}}],"collection":[{"href":"https:\/\/www.r9competicoes.com.br\/r9\/wp-json\/wp\/v2\/posts"}],"about":[{"href":"https:\/\/www.r9competicoes.com.br\/r9\/wp-json\/wp\/v2\/types\/post"}],"author":[{"embeddable":true,"href":"https:\/\/www.r9competicoes.com.br\/r9\/wp-json\/wp\/v2\/users\/2"}],"replies":[{"embeddable":true,"href":"https:\/\/www.r9competicoes.com.br\/r9\/wp-json\/wp\/v2\/comments?post=122"}],"version-history":[{"count":1,"href":"https:\/\/www.r9competicoes.com.br\/r9\/wp-json\/wp\/v2\/posts\/122\/revisions"}],"predecessor-version":[{"id":6423,"href":"https:\/\/www.r9competicoes.com.br\/r9\/wp-json\/wp\/v2\/posts\/122\/revisions\/6423"}],"wp:featuredmedia":[{"embeddable":true,"href":"https:\/\/www.r9competicoes.com.br\/r9\/wp-json\/wp\/v2\/media\/123"}],"wp:attachment":[{"href":"https:\/\/www.r9competicoes.com.br\/r9\/wp-json\/wp\/v2\/media?parent=122"}],"wp:term":[{"taxonomy":"category","embeddable":true,"href":"https:\/\/www.r9competicoes.com.br\/r9\/wp-json\/wp\/v2\/categories?post=122"},{"taxonomy":"post_tag","embeddable":true,"href":"https:\/\/www.r9competicoes.com.br\/r9\/wp-json\/wp\/v2\/tags?post=122"}],"curies":[{"name":"wp","href":"https:\/\/api.w.org\/{rel}","templated":true}]}}