{"id":125,"date":"2011-02-25T17:38:49","date_gmt":"2011-02-25T20:38:49","guid":{"rendered":"https:\/\/www.r9competicoes.com.br\/r9\/?p=125"},"modified":"2024-08-04T09:14:53","modified_gmt":"2024-08-04T12:14:53","slug":"volkswagen-e-a-mais-rapida-do-dia-em-santa-cruz-do-sul","status":"publish","type":"post","link":"https:\/\/www.r9competicoes.com.br\/r9\/2011\/02\/volkswagen-e-a-mais-rapida-do-dia-em-santa-cruz-do-sul\/","title":{"rendered":"Volkswagen \u00e9 a mais r\u00e1pida do dia em Santa Cruz do Sul"},"content":{"rendered":"<p><img loading=\"lazy\" decoding=\"async\" src=\"https:\/\/www.r9competicoes.com.br\/r9\/wp-content\/uploads\/2011\/04\/99710.webp\" alt=\"\" title=\"Pilotos da equipe RM Motors\" width=\"400\" height=\"255\" class=\"alignleft size-full wp-image-126\" \/>A primeira etapa da F\u00f3rmula Truck em 2011 come\u00e7ou com dom\u00ednio da equipe campe\u00e3 de marcas da temporada passada: com um caminh\u00e3o Volkswagen Constellation, Valmir Benavides foi o mais r\u00e1pido de hoje em Santa Cruz do Sul (RS), onde a categoria abre seu campeonato deste ano neste domingo.<\/p>\n<p><!--more-->O paranaense estabeleceu a melhor volta desta sexta-feira ao cravar o tempo de 1m44s456 no segundo treino livre, marcado tamb\u00e9m pela forte chuva nos minutos finais.<\/p>\n<p>&#8220;Come\u00e7amos com o ano com o p\u00e9 direito&#8221;, admitiu Benavides. &#8220;Mas ainda \u00e9 cedo para fazer previs\u00f5es. Em todo caso, o que pudemos perceber hoje \u00e9 que teremos mais um ano competitivo, lutando por vit\u00f3rias e, claro, buscando o t\u00edtulo de pilotos e o de marcas no final do ano&#8221;, diz o piloto da equipe Volkswagen.<\/p>\n<p>Outro piloto da equipe que teve um bom treino hoje em Santa Cruz do Sul foi Felipe Giaffone. O bicampe\u00e3o da F\u00f3rmula Truck (2007-2009) registrou sua melhor volta em 1m44s595, tamb\u00e9m na segunda sess\u00e3o, disputada na tarde desta sexta-feira, sendo o terceiro melhor tempo.<\/p>\n<p>&#8220;Foi um bom come\u00e7o, que mostra que, se n\u00e3o formos os mais velozes, pelo menos estaremos entre os mais r\u00e1pidos. Mas s\u00f3 vamos saber realmente amanh\u00e3, quando todo mundo estiver com o m\u00e1ximo de performance na pista. Foi um in\u00edcio animador. \u00c9 preciso continuar trabalhando porque esta pista \u00e9 um pouco manhosa. J\u00e1 estamos em n\u00edvel id\u00eantico ao do ano passado, agora \u00e9 s\u00f3 quest\u00e3o de melhorar um pouco&#8221;, diz Giaffone.<\/p>\n<p>Piloto e tamb\u00e9m chefe da equipe Volkswagen na F\u00f3rmula Truck, Renato Martins destacou o bom in\u00edcio do time da MAN Latin America no campeonato deste ano. <\/p>\n<p>&#8220;Ainda n\u00e3o sabemos se nossos advers\u00e1rios usaram for\u00e7a m\u00e1xima nestes dois treinos livres, mas \u00e9 \u00f3timo come\u00e7ar o ano sendo o mais r\u00e1pido no primeiro dia. Esperamos que a equipe mantenha esta forma no domingo e no restante da temporada&#8221;, diz Renato.<\/p>\n<p>Para D\u00e9bora Rodrigues, o primeiro dia de trabalho em Santa Cruz do Sul foi bastante produtivo. &#8220;Acho que podemos melhorar bastante para amanh\u00e3. O tempo ainda \u00e9 uma inc\u00f3gnita: hoje andamos com pista seca e depois no final do segundo treino, com pista molhada. Eu gosto de guiar na chuva, mas acho que a torcida fan\u00e1tica aqui do Sul merece um belo domingo de Sol para lotar mais uma vez este aut\u00f3dromo&#8221;, diz a piloto da Volkswagen.<\/p>\n<p>Amanh\u00e3, os caminh\u00f5es voltam \u00e0 pista para mais sess\u00f5es de treinos, incluindo o da defini\u00e7\u00e3o do grid de largada. A corrida ser\u00e1 \u00e0s 13h deste domingo, com transmiss\u00e3o ao vivo e em HD pela TV Band.<\/p>\n<p>Resultado do \u00faltimo treino livre &#8211; F\u00f3rmula Truck:<br \/>\n1\u00ba) 2 &#8211; Valmir Benavides (VW, SP), 1:44.456<br \/>\n2\u00ba) 1 &#8211; Roberval Andrade (S, SP), 1:44.507<br \/>\n3\u00ba) 4 &#8211; Felipe Giaffone (VW, SP), 1:44.595<br \/>\n4\u00ba) 6 &#8211; Wellington Cirino (M, PR), 1:44.724<br \/>\n5\u00ba) 88 &#8211; Beto Monteiro (I, PE), 1:44.973<br \/>\n6\u00ba) 14 &#8211; Jo\u00e3o Maistro (V, PR), 1:44.996<br \/>\n7\u00ba) 3 &#8211; Geraldo Piquet (M, DF), 1:45.040<br \/>\n8\u00ba) 55 &#8211; Paulo Salustiano (I, SP), 1:45.274<br \/>\n9\u00ba) 73 &#8211; Leandro Totti (M, PR), 1:45.315<br \/>\n10\u00ba) 45 &#8211; Leandro Reis (S, GO), 1:45.408<br \/>\n11\u00ba) 70 &#8211; Danilo Dirani (F, SP), 1:45.572<br \/>\n12\u00ba) 50 &#8211; Fred Marinelli (I, PR), 1:45.807<br \/>\n13\u00ba) 23 &#8211; Adalberto Jardim (F, SP), 1:46.517<br \/>\n14\u00ba) 77 &#8211; Andr\u00e9 Marques (V, SP), 1:46.633<br \/>\n15\u00ba) 9 &#8211; Renato Martins (VW, PR), 1:46.875<br \/>\n16\u00ba) 12 &#8211; Z\u00e9 Maria Reis (S, GO), 1:48.029<br \/>\n17\u00ba) 7 &#8211; D\u00e9bora Rodrigues (VW, SP), 1:48.323<br \/>\n18\u00ba) 71 &#8211; Cristina Rosito (F, RS), 1:49.813<br \/>\n19\u00ba) 99 &#8211; Luiz Lopes (S, SP), 1:52.394<br \/>\n20\u00ba) 32 &#8211; Luiz Pucci (V, RA), 1:53.889<br \/>\n21\u00ba) 83 &#8211; Regis Boessio (M, SP), 3:40.562<br \/>\n22\u00ba) 20 &#8211; Pedro Muffato (S, PR), 6:09.895   <\/p>\n","protected":false},"excerpt":{"rendered":"<p>A primeira etapa da F\u00f3rmula Truck em 2011 come\u00e7ou com dom\u00ednio da equipe campe\u00e3 de marcas da temporada passada: com um caminh\u00e3o Volkswagen Constellation, Valmir [&hellip;]<\/p>\n","protected":false},"author":2,"featured_media":126,"comment_status":"closed","ping_status":"open","sticky":false,"template":"","format":"standard","meta":{"ngg_post_thumbnail":0,"footnotes":""},"categories":[3],"tags":[],"class_list":["post-125","post","type-post","status-publish","format-standard","has-post-thumbnail","hentry","category-noticias"],"_links":{"self":[{"href":"https:\/\/www.r9competicoes.com.br\/r9\/wp-json\/wp\/v2\/posts\/125","targetHints":{"allow":["GET"]}}],"collection":[{"href":"https:\/\/www.r9competicoes.com.br\/r9\/wp-json\/wp\/v2\/posts"}],"about":[{"href":"https:\/\/www.r9competicoes.com.br\/r9\/wp-json\/wp\/v2\/types\/post"}],"author":[{"embeddable":true,"href":"https:\/\/www.r9competicoes.com.br\/r9\/wp-json\/wp\/v2\/users\/2"}],"replies":[{"embeddable":true,"href":"https:\/\/www.r9competicoes.com.br\/r9\/wp-json\/wp\/v2\/comments?post=125"}],"version-history":[{"count":1,"href":"https:\/\/www.r9competicoes.com.br\/r9\/wp-json\/wp\/v2\/posts\/125\/revisions"}],"predecessor-version":[{"id":6424,"href":"https:\/\/www.r9competicoes.com.br\/r9\/wp-json\/wp\/v2\/posts\/125\/revisions\/6424"}],"wp:featuredmedia":[{"embeddable":true,"href":"https:\/\/www.r9competicoes.com.br\/r9\/wp-json\/wp\/v2\/media\/126"}],"wp:attachment":[{"href":"https:\/\/www.r9competicoes.com.br\/r9\/wp-json\/wp\/v2\/media?parent=125"}],"wp:term":[{"taxonomy":"category","embeddable":true,"href":"https:\/\/www.r9competicoes.com.br\/r9\/wp-json\/wp\/v2\/categories?post=125"},{"taxonomy":"post_tag","embeddable":true,"href":"https:\/\/www.r9competicoes.com.br\/r9\/wp-json\/wp\/v2\/tags?post=125"}],"curies":[{"name":"wp","href":"https:\/\/api.w.org\/{rel}","templated":true}]}}