{"id":129,"date":"2011-02-26T18:16:33","date_gmt":"2011-02-26T21:16:33","guid":{"rendered":"https:\/\/www.r9competicoes.com.br\/r9\/?p=129"},"modified":"2024-08-04T09:14:53","modified_gmt":"2024-08-04T12:14:53","slug":"volkswagen-coloca-quatro-caminhoes-no-top-5-do-grid-da-truck-em-santa-cruz-do-sul","status":"publish","type":"post","link":"https:\/\/www.r9competicoes.com.br\/r9\/2011\/02\/volkswagen-coloca-quatro-caminhoes-no-top-5-do-grid-da-truck-em-santa-cruz-do-sul\/","title":{"rendered":"Volkswagen coloca quatro caminh\u00f5es no top-5 do grid da Truck em Santa Cruz do Sul"},"content":{"rendered":"<p><img loading=\"lazy\" decoding=\"async\" src=\"https:\/\/www.r9competicoes.com.br\/r9\/wp-content\/uploads\/2011\/04\/997101.webp\" alt=\"\" title=\"Felipe Giaffone larga em 2\u00ba\" width=\"400\" height=\"255\" class=\"alignleft size-full wp-image-130\" \/>A equipe Volkswagen conquistou um resultado hist\u00f3rico no treino que definiu o grid de largada da primeira etapa da F\u00f3rmula Truck, disputado hoje, em Santa Cruz do Sul (RS). Pela primeira vez, o time colocou quatro caminh\u00f5es entre os cinco melhores do Top Qualifying: Felipe Giaffone largar\u00e1 na primeira fila, na segunda coloca\u00e7\u00e3o, seguido por Valmir Benavides, Renato Martins e D\u00e9bora Rodrigues, todos competindo com Volkswagen Constellation.<\/p>\n<p><!--more-->&#8220;Foi um resultado inesquec\u00edvel. Claro que faltou a pole position, mas o sentimento \u00e9 de grande satisfa\u00e7\u00e3o&#8221;, diz Giaffone. &#8220;Cometi um pequeno erro na Curva 1, que me custou o primeiro lugar, mas mesmo assim estou otimista em rela\u00e7\u00e3o \u00e0s nossas chances de vit\u00f3ria neste domingo&#8221;, completou o bicampe\u00e3o da categoria (2007-2009), que venceu a etapa de abertura do campeonato no ano passado, disputada tamb\u00e9m no Rio Grande do Sul, mas na cidade de Guapor\u00e9.<\/p>\n<p>O excelente resultado da equipe tamb\u00e9m foi destacado por Benavides, que partir\u00e1 na terceira coloca\u00e7\u00e3o. &#8220;\u00c9 claro que nosso time teve sorte de ter os quatro caminh\u00f5es na parte final do treino classificat\u00f3rio e a pista acabou melhorando&#8221;, diz o piloto da Volkswagen, citando a chuva que marcou o in\u00edcio do treino deste s\u00e1bado e que depois deu uma tr\u00e9gua na parte final da sess\u00e3o.<\/p>\n<p>Segundo Renato Martins, piloto e tamb\u00e9m chefe da equipe, a sess\u00e3o de treino, embora tenha sido at\u00edpica, demonstra que a Volkswagen vir\u00e1 novamente forte para brigar pelo t\u00edtulo &#8211; o time \u00e9 o atual tricampe\u00e3o de marcas (2007-2009-2010).<\/p>\n<p>&#8220;\u00c9 verdade que a classifica\u00e7\u00e3o foi bastante complicada para os pilotos que sa\u00edram antes, mas o Top Qualifying foi disputado em condi\u00e7\u00f5es iguais para todos e conquistamos este excelente resultado de quatro caminh\u00f5es no top-5&#8221;, diz Martins, o quarto colocado no grid.<\/p>\n<p>O chefe de equipe tamb\u00e9m destacou o \u00f3timo resultado de D\u00e9bora Rodrigues, a quinta colocada no treino de hoje. A piloto da Volkswagen sabe que a prova de amanh\u00e3 em Santa Cruz do Sul (RS) ser\u00e1 ainda mais emocionante.<\/p>\n<p>&#8220;Este resultado \u00e9 muito gratificante. Intensifiquei bastante minha prepara\u00e7\u00e3o desde o ano passado e \u00e9 \u00f3timo ver este trabalho dar certo. Amanh\u00e3, vou fazer de tudo para me manter no top-5 e com isso subir no p\u00f3dio. Com certeza ser\u00e1 uma das corridas mais marcantes de minha carreira&#8221;, diz D\u00e9bora.<\/p>\n<p>A primeira etapa da F\u00f3rmula Truck ser\u00e1 \u00e0s 13h deste domingo, com transmiss\u00e3o ao vivo e em HD pela TV Band.<\/p>\n<p>Confira o grid de largada da F\u00f3rmula Truck:<\/p>\n<p>1\u00ba) 88 \u2013 Beto Monteiro (I, PE), 1:48.764, m\u00e9dia de 116,84 Km\/h<br \/>\n2\u00ba) 4 \u2013 Felipe Giaffone (W, SP), 1:49.256<br \/>\n3\u00ba) 2 \u2013 Valmir Benavides (W, SP), 1:49.806<br \/>\n4\u00ba) 9 \u2013 Renato Martins (W, PR), 1:50.261<br \/>\n5\u00ba) 7 \u2013 Debora Rodrigues (W, SP), 1:52.296<br \/>\n6\u00ba) 70 \u2013 Danilo Dirani (F, SP), 1:55.668<br \/>\n7\u00ba) 73 \u2013 Leandro Totti (M, PR), sem tempo<br \/>\n8\u00ba) 12 \u2013 Z\u00e9 Maria Reis (S, GO), sem tempo<br \/>\n9\u00ba) 3 \u2013 Geraldo Piquet (M, DF), 2:05.604<br \/>\n10\u00ba) 50 \u2013 Fred Marinelli (I, PR), 2:05.943<br \/>\n11\u00ba) 83 \u2013 Regis Boessio (M, RS), 2:07.360<br \/>\n12\u00ba) 23 \u2013 Adalberto Jardim (F, SP), 2:07.545<br \/>\n13\u00ba) 14 \u2013 Jo\u00e3o Maistro (V, PR), 2:07.842<br \/>\n14\u00ba) 77 \u2013 Andr\u00e9 Marques (V, SP), 2:11.045<br \/>\n15\u00ba) 99 \u2013 Luiz Lopes (S, SP), 2:12.519<br \/>\n16\u00ba) 32 \u2013 Luiz Pucci (V, RA), 2:12.957<br \/>\n17\u00ba) 6 \u2013 Wellington Cirino (M, PR), 2:26.534<br \/>\n18\u00ba) 20 \u2013 Pedro Muffato (S, PR), 7:29.036<br \/>\n19\u00ba) 1 \u2013 Roberval Andrade (S, SP), punido<br \/>\n20\u00ba) 55 \u2013 Paulo Salustiano (I, SP), punido<br \/>\n21\u00ba) 45 \u2013 Leandro Reis (S, GO), sem tempo<br \/>\n22\u00ba) 71 \u2013 Cristina Rosito (F, RS), sem tempo<\/p>\n","protected":false},"excerpt":{"rendered":"<p>A equipe Volkswagen conquistou um resultado hist\u00f3rico no treino que definiu o grid de largada da primeira etapa da F\u00f3rmula Truck, disputado hoje, em Santa [&hellip;]<\/p>\n","protected":false},"author":2,"featured_media":130,"comment_status":"open","ping_status":"open","sticky":false,"template":"","format":"standard","meta":{"ngg_post_thumbnail":0,"footnotes":""},"categories":[3],"tags":[],"class_list":["post-129","post","type-post","status-publish","format-standard","has-post-thumbnail","hentry","category-noticias"],"_links":{"self":[{"href":"https:\/\/www.r9competicoes.com.br\/r9\/wp-json\/wp\/v2\/posts\/129","targetHints":{"allow":["GET"]}}],"collection":[{"href":"https:\/\/www.r9competicoes.com.br\/r9\/wp-json\/wp\/v2\/posts"}],"about":[{"href":"https:\/\/www.r9competicoes.com.br\/r9\/wp-json\/wp\/v2\/types\/post"}],"author":[{"embeddable":true,"href":"https:\/\/www.r9competicoes.com.br\/r9\/wp-json\/wp\/v2\/users\/2"}],"replies":[{"embeddable":true,"href":"https:\/\/www.r9competicoes.com.br\/r9\/wp-json\/wp\/v2\/comments?post=129"}],"version-history":[{"count":1,"href":"https:\/\/www.r9competicoes.com.br\/r9\/wp-json\/wp\/v2\/posts\/129\/revisions"}],"predecessor-version":[{"id":6425,"href":"https:\/\/www.r9competicoes.com.br\/r9\/wp-json\/wp\/v2\/posts\/129\/revisions\/6425"}],"wp:featuredmedia":[{"embeddable":true,"href":"https:\/\/www.r9competicoes.com.br\/r9\/wp-json\/wp\/v2\/media\/130"}],"wp:attachment":[{"href":"https:\/\/www.r9competicoes.com.br\/r9\/wp-json\/wp\/v2\/media?parent=129"}],"wp:term":[{"taxonomy":"category","embeddable":true,"href":"https:\/\/www.r9competicoes.com.br\/r9\/wp-json\/wp\/v2\/categories?post=129"},{"taxonomy":"post_tag","embeddable":true,"href":"https:\/\/www.r9competicoes.com.br\/r9\/wp-json\/wp\/v2\/tags?post=129"}],"curies":[{"name":"wp","href":"https:\/\/api.w.org\/{rel}","templated":true}]}}