{"id":2470,"date":"2015-02-26T13:59:01","date_gmt":"2015-02-26T16:59:01","guid":{"rendered":"https:\/\/www.r9competicoes.com.br\/r9\/?p=2470"},"modified":"2024-08-04T09:24:33","modified_gmt":"2024-08-04T12:24:33","slug":"treinos-da-formula-truck-em-caruaru-iniciam-nesta-sexta","status":"publish","type":"post","link":"https:\/\/www.r9competicoes.com.br\/r9\/2015\/02\/treinos-da-formula-truck-em-caruaru-iniciam-nesta-sexta\/","title":{"rendered":"Treinos da F\u00f3rmula Truck em Caruaru iniciam nesta sexta"},"content":{"rendered":"<p><a  href=\"https:\/\/www.r9competicoes.com.br\/r9\/wp-content\/uploads\/2015\/02\/123540.webp\" data-rel=\"lightbox-gallery-0\" data-rl_title=\"Caminh\u00f5es da RM Motors nos boxes em Caruaru\" data-rl_caption=\"\" title=\"Caminh\u00f5es da RM Motors nos boxes em Caruaru\"><img loading=\"lazy\" decoding=\"async\" src=\"https:\/\/www.r9competicoes.com.br\/r9\/wp-content\/uploads\/2015\/02\/123540-450x253.webp\" alt=\"Caminh\u00f5es da RM Motors nos boxes em Caruaru\" width=\"450\" height=\"253\" class=\"aligncenter size-medium wp-image-2472\" srcset=\"https:\/\/www.r9competicoes.com.br\/r9\/wp-content\/uploads\/2015\/02\/123540-450x253.webp 450w, https:\/\/www.r9competicoes.com.br\/r9\/wp-content\/uploads\/2015\/02\/123540-600x337.webp 600w, https:\/\/www.r9competicoes.com.br\/r9\/wp-content\/uploads\/2015\/02\/123540-768x432.webp 768w, https:\/\/www.r9competicoes.com.br\/r9\/wp-content\/uploads\/2015\/02\/123540.webp 777w\" sizes=\"auto, (max-width: 450px) 100vw, 450px\" \/><\/a>Come\u00e7am nesta sexta-feira os treinos livres para a prova de abertura da 20\u00aa temporada da F\u00f3rmula Truck, marcada para este domingo \u00e0s 13 horas no Aut\u00f3dromo Ayrton Senna, em Caruaru, Pernambuco. Todos os 22 pilotos que disputam a corrida &#8211; acontece pela 18\u00aa vez no Nordeste &#8211; estar\u00e3o nos 3.180 metros do tra\u00e7ado pernambucano em busca do melhor acerto para seus caminh\u00f5es. A prova ter\u00e1 a transmiss\u00e3o ao vivo da Rede Bandeirantes.<\/p>\n<p><!--more-->O primeiro treinamento acontece nesta sexta das 11h15 \u00e0s 12 horas, o segundo, com os mesmos 45 minutos, come\u00e7a \u00e0s 13h15 e o terceiro e \u00faltimo est\u00e1 marcado para \u00e0s 15h15. No s\u00e1bado o grid de largada come\u00e7a a ser definido com o primeiro treino das 9 horas \u00e0s 9h30. Depois disso, conforme o novo regulamento, os pilotos ser\u00e3o divididos em grupos pares e \u00edmpares, de acordo com a coloca\u00e7\u00e3o no primeiro treinamento, e ter\u00e1 in\u00edcio o classificat\u00f3rio.<\/p>\n<p><a  href=\"https:\/\/www.r9competicoes.com.br\/r9\/wp-content\/uploads\/2015\/02\/33875885.webp\" data-rel=\"lightbox-gallery-0\" data-rl_title=\"Vista do Aut\u00f3dromo de Caruaru\" data-rl_caption=\"\" title=\"Vista do Aut\u00f3dromo de Caruaru\"><img loading=\"lazy\" decoding=\"async\" src=\"https:\/\/www.r9competicoes.com.br\/r9\/wp-content\/uploads\/2015\/02\/33875885-450x253.webp\" alt=\"Vista do Aut\u00f3dromo de Caruaru\" width=\"450\" height=\"253\" class=\"aligncenter size-medium wp-image-2471\" srcset=\"https:\/\/www.r9competicoes.com.br\/r9\/wp-content\/uploads\/2015\/02\/33875885-450x253.webp 450w, https:\/\/www.r9competicoes.com.br\/r9\/wp-content\/uploads\/2015\/02\/33875885-600x337.webp 600w, https:\/\/www.r9competicoes.com.br\/r9\/wp-content\/uploads\/2015\/02\/33875885-768x432.webp 768w, https:\/\/www.r9competicoes.com.br\/r9\/wp-content\/uploads\/2015\/02\/33875885.webp 777w\" sizes=\"auto, (max-width: 450px) 100vw, 450px\" \/><\/a>Na primeira parte do treinamento que define o grid de largada da prova de abertura da temporada 2015 da F\u00f3rmula Truck o Grupo A ter\u00e1 os pilotos que finalizaram em posi\u00e7\u00f5es \u00edmpares (1\u00ba, 3\u00ba, 5\u00ba, 7\u00ba&#8230;) e o Grupo B os das coloca\u00e7\u00f5es pares: 2\u00ba, 4\u00ba, 6\u00ba, 8\u00ba e da\u00ed em diante. Os cinco primeiros colocados de cada s\u00e9rie garantem vaga no Top Qualifying. Os dez pilotos ter\u00e3o 10 minutos, todos juntos na pista para ver quem larga na posi\u00e7\u00e3o de honra e j\u00e1 leva o primeiro ponto de bonifica\u00e7\u00e3o da etapa.<\/p>\n<p>A corrida em Caruaru tamb\u00e9m apresenta outras novidades, como a maior distribui\u00e7\u00e3o de pontos aos pilotos. A partir de agora as corridas da F\u00f3rmula Truck ter\u00e3o duas partes, mas sem que os caminh\u00f5es, obrigatoriamente, parem nos boxes. Na primeira metade (cerca de 28 minutos) o vencedor leva 25 pontos na tabela de classifica\u00e7\u00e3o. Depois de realinhados, os caminh\u00f5es d\u00e3o a nova largada para a segunda metade, que valem outros 25 pontos. Al\u00e9m do ponto de bonifica\u00e7\u00e3o pela pole position, tamb\u00e9m recebem pontua\u00e7\u00e3o extra os pilotos que fizerem as melhores voltas em cada uma das duas corridas, o que totaliza 53 pontos distrubu\u00eddos em cada um dos dez finais de semana da temporada.<\/p>\n<p>CALEND\u00c1RIO DE 2015<br \/>\n1\u00ba de mar\u00e7o &#8211; Caruaru (PE)<br \/>\n12 de abril &#8211; Bras\u00edlia<br \/>\n17 de maio &#8211; Londrina (PR)<br \/>\n14 de junho &#8211; Campo Grande<br \/>\n12 de julho &#8211; Goi\u00e2nia (GO)<br \/>\n9 de agosto &#8211; Santa Cruz do Sul (RS)<br \/>\n13 de setembro &#8211; Curitiba (PR)<br \/>\n4 de outubro &#8211; Guapor\u00e9 (RS)<br \/>\n8 de novembro &#8211; Cascavel (PR)<br \/>\n6 de dezembro &#8211; S\u00e3o Paulo (SP)<br \/>\n________________________________________<br \/>\n<em>Texto: Milton Alves<br \/>\nCr\u00e9dito das Imagens: Divulga\u00e7\u00e3o F\u00f3rmula Truck e Orlei Silva<\/em><\/p>\n","protected":false},"excerpt":{"rendered":"<p>Come\u00e7am nesta sexta-feira os treinos livres para a prova de abertura da 20\u00aa temporada da F\u00f3rmula Truck, marcada para este domingo \u00e0s 13 horas no [&hellip;]<\/p>\n","protected":false},"author":2,"featured_media":0,"comment_status":"closed","ping_status":"open","sticky":false,"template":"","format":"standard","meta":{"ngg_post_thumbnail":0,"footnotes":""},"categories":[18],"tags":[],"class_list":["post-2470","post","type-post","status-publish","format-standard","hentry","category-f-truck"],"_links":{"self":[{"href":"https:\/\/www.r9competicoes.com.br\/r9\/wp-json\/wp\/v2\/posts\/2470","targetHints":{"allow":["GET"]}}],"collection":[{"href":"https:\/\/www.r9competicoes.com.br\/r9\/wp-json\/wp\/v2\/posts"}],"about":[{"href":"https:\/\/www.r9competicoes.com.br\/r9\/wp-json\/wp\/v2\/types\/post"}],"author":[{"embeddable":true,"href":"https:\/\/www.r9competicoes.com.br\/r9\/wp-json\/wp\/v2\/users\/2"}],"replies":[{"embeddable":true,"href":"https:\/\/www.r9competicoes.com.br\/r9\/wp-json\/wp\/v2\/comments?post=2470"}],"version-history":[{"count":2,"href":"https:\/\/www.r9competicoes.com.br\/r9\/wp-json\/wp\/v2\/posts\/2470\/revisions"}],"predecessor-version":[{"id":6833,"href":"https:\/\/www.r9competicoes.com.br\/r9\/wp-json\/wp\/v2\/posts\/2470\/revisions\/6833"}],"wp:attachment":[{"href":"https:\/\/www.r9competicoes.com.br\/r9\/wp-json\/wp\/v2\/media?parent=2470"}],"wp:term":[{"taxonomy":"category","embeddable":true,"href":"https:\/\/www.r9competicoes.com.br\/r9\/wp-json\/wp\/v2\/categories?post=2470"},{"taxonomy":"post_tag","embeddable":true,"href":"https:\/\/www.r9competicoes.com.br\/r9\/wp-json\/wp\/v2\/tags?post=2470"}],"curies":[{"name":"wp","href":"https:\/\/api.w.org\/{rel}","templated":true}]}}