{"id":3022,"date":"2015-10-02T13:36:58","date_gmt":"2015-10-02T16:36:58","guid":{"rendered":"https:\/\/www.r9competicoes.com.br\/r9\/?p=3022"},"modified":"2024-08-04T09:25:54","modified_gmt":"2024-08-04T12:25:54","slug":"felipe-giaffone-larga-na-frente-da-truck-em-guapore","status":"publish","type":"post","link":"https:\/\/www.r9competicoes.com.br\/r9\/2015\/10\/felipe-giaffone-larga-na-frente-da-truck-em-guapore\/","title":{"rendered":"Felipe Giaffone larga na frente na F-Truck de Guapor\u00e9"},"content":{"rendered":"<p><iframe loading=\"lazy\" width=\"450\" height=\"315\" src=\"https:\/\/www.youtube.com\/embed\/zz02VrmHaTI?rel=0&amp;showinfo=0\" frameborder=\"0\" allowfullscreen><\/iframe><br \/>\nFelipe Giaffone (Volkswagen Constellation) abriu na frente os treinos livres da oitava etapa da temporada da F\u00f3rmula Truck. Na manh\u00e3 desta sexta-feira, no Aut\u00f3dromo de Guapor\u00e9, interior do Rio Grande do Sul, o vice-l\u00edder do Campeonato Brasileiro marcou 1min26s1330, m\u00e9dia de 128,7 km\/h. <\/p>\n<p><!--more--><br \/>\n<a  href=\"https:\/\/www.r9competicoes.com.br\/r9\/wp-content\/uploads\/2015\/10\/123254b.webp\" data-rel=\"lightbox-gallery-0\" data-rl_title=\"Felipe Giaffone\" data-rl_caption=\"\" title=\"Felipe Giaffone\"><img loading=\"lazy\" decoding=\"async\" src=\"https:\/\/www.r9competicoes.com.br\/r9\/wp-content\/uploads\/2015\/10\/123254b-450x300.webp\" alt=\"Felipe Giaffone\" width=\"450\" height=\"300\" class=\"aligncenter size-medium wp-image-3023\" srcset=\"https:\/\/www.r9competicoes.com.br\/r9\/wp-content\/uploads\/2015\/10\/123254b-450x300.webp 450w, https:\/\/www.r9competicoes.com.br\/r9\/wp-content\/uploads\/2015\/10\/123254b-600x400.webp 600w, https:\/\/www.r9competicoes.com.br\/r9\/wp-content\/uploads\/2015\/10\/123254b-768x512.webp 768w, https:\/\/www.r9competicoes.com.br\/r9\/wp-content\/uploads\/2015\/10\/123254b.webp 777w\" sizes=\"auto, (max-width: 450px) 100vw, 450px\" \/><\/a><\/p>\n<p>O segundo lugar ficou com Wellington Cirino (Mercedes-Benz), com 1min26s5917, seguido pelo l\u00edder da competi\u00e7\u00e3o, Paulo Salustiano (Mercedes-Benz), com 1min26s8702. Leandro Totti (Volkswagen Constellation), o terceiro na classifica\u00e7\u00e3o geral e um dos tr\u00eas que utiliza o restritor de pot\u00eancia &#8211; os outros s\u00e3o Salustiano e Giaffone -, ficou na sexta coloca\u00e7\u00e3o (1min27s0809), atr\u00e1s de Roberval Andrade (Scania), com 1min26s8888 e Andr\u00e9 Marques (MAN Latin Am\u00e9rica) com 1min26s9890.<\/p>\n<p><iframe loading=\"lazy\" width=\"450\" height=\"315\" src=\"https:\/\/www.youtube.com\/embed\/Ygyfw8cqkg8?rel=0&amp;showinfo=0\" frameborder=\"0\" allowfullscreen><\/iframe><\/p>\n<p>Resultado do primeiro treino livre da oitava etapa da F\u00f3rmula Truck:<\/p>\n<p>1\u00ba) Felipe Giaffone (Volkswagen Constellation-MAN), RM Motors, 1min26s1330<br \/>\n2\u00ba) Wellington Cirino (Mercedes-Benz), ABF\/Mercedes-Benz, 1min26s5917<br \/>\n3\u00ba) Paulo Salustiano (Mercedes-Benz), ABF\/Mercedes-Benz, 1min26s8702<br \/>\n4\u00ba) Roberval Andrade (Scania), Corinthians Motorsport, 1min26s8888<br \/>\n5\u00ba) Andr\u00e9 Marques (MAN TGX), RM Motors, 1min26s9890<br \/>\n6\u00ba) Leandro Totti (Volkswagen Constellation-MAN), RM Motors, 1min27s0809<br \/>\n7\u00ba) Diogo Pachenki (Mercedes-Benz), Copacol Racing Truck, 1min27s3574<br \/>\n8\u00ba) Adalberto Jardim (Volkswagen Constellation-MAN), RM Motors, 1min27s5422<br \/>\n9\u00ba) Beto Monteiro (Iveco), Lucar Motorsports, 1min27s7045<br \/>\n10\u00ba) Djalma Foga\u00e7a (Ford), DF Racing Fans, 1min27s7785<br \/>\n11\u00ba) R\u00e9gis Boessio (Volvo), Boessio Competi\u00e7\u00f5es, 1min27s9469<br \/>\n12\u00ba) D\u00e9bora Rodrigues (Volkswagen Constellation-MAN), RM Motors, 1min28s0926<br \/>\n13\u00ba) Rog\u00e9rio Castro (Mercedes-Benz), ABF Racing Team, 1min28s1998<br \/>\n14\u00ba) Raijan Mascarello (Ford), DF Racing Fans, 1min28s6077<br \/>\n15\u00ba) Pedro Muffato (Scania), Muffat\u00e3o Racing, 1min28s9120<br \/>\n16\u00ba) David Muffato (Scania), Muffat\u00e3o Racing, 1min29s1985<br \/>\n17\u00ba) Alex Fabiano (Volvo), Clay Truck Racing, a 1min30s9289<br \/>\n18\u00ba) Fabiano Brito (Scania) Max Power Racing Team, 1min46s5655<\/p>\n<p><a  href=\"https:\/\/www.r9competicoes.com.br\/r9\/wp-content\/uploads\/2015\/10\/123254a.webp\" data-rel=\"lightbox-gallery-0\" data-rl_title=\"D\u00e9bora Rodrigues\" data-rl_caption=\"\" title=\"D\u00e9bora Rodrigues\"><img loading=\"lazy\" decoding=\"async\" src=\"https:\/\/www.r9competicoes.com.br\/r9\/wp-content\/uploads\/2015\/10\/123254a-450x300.webp\" alt=\"D\u00e9bora Rodrigues\" width=\"450\" height=\"300\" class=\"aligncenter size-medium wp-image-3024\" srcset=\"https:\/\/www.r9competicoes.com.br\/r9\/wp-content\/uploads\/2015\/10\/123254a-450x300.webp 450w, https:\/\/www.r9competicoes.com.br\/r9\/wp-content\/uploads\/2015\/10\/123254a-600x400.webp 600w, https:\/\/www.r9competicoes.com.br\/r9\/wp-content\/uploads\/2015\/10\/123254a-768x512.webp 768w, https:\/\/www.r9competicoes.com.br\/r9\/wp-content\/uploads\/2015\/10\/123254a.webp 777w\" sizes=\"auto, (max-width: 450px) 100vw, 450px\" \/><\/a><\/p>\n<p>O segundo treinamento do dia &#8211; tamb\u00e9m ter\u00e1 uma hora de dura\u00e7\u00e3o &#8211; ser\u00e1 a partir das 14 horas. No s\u00e1bado o \u00faltimo treino livre acontece das 9 horas \u00e0s 9h45. Em seguida tem in\u00edcio a primeira parte do classificat\u00f3rio, que \u00e9 composto por tr\u00eas fases. <\/p>\n<p><a  href=\"https:\/\/www.r9competicoes.com.br\/r9\/wp-content\/uploads\/2015\/10\/123254.webp\" data-rel=\"lightbox-gallery-0\" data-rl_title=\"RM Motors em Guapor\u00e9\" data-rl_caption=\"\" title=\"RM Motors em Guapor\u00e9\"><img loading=\"lazy\" decoding=\"async\" src=\"https:\/\/www.r9competicoes.com.br\/r9\/wp-content\/uploads\/2015\/10\/123254-450x300.webp\" alt=\"RM Motors em Guapor\u00e9\" width=\"450\" height=\"300\" class=\"aligncenter size-medium wp-image-3025\" srcset=\"https:\/\/www.r9competicoes.com.br\/r9\/wp-content\/uploads\/2015\/10\/123254-450x300.webp 450w, https:\/\/www.r9competicoes.com.br\/r9\/wp-content\/uploads\/2015\/10\/123254-600x400.webp 600w, https:\/\/www.r9competicoes.com.br\/r9\/wp-content\/uploads\/2015\/10\/123254-768x512.webp 768w, https:\/\/www.r9competicoes.com.br\/r9\/wp-content\/uploads\/2015\/10\/123254.webp 777w\" sizes=\"auto, (max-width: 450px) 100vw, 450px\" \/><\/a><\/p>\n<p>O treino livre da manh\u00e3 define os pilotos que terminarem nas posi\u00e7\u00f5es pares (2, 4, 6, 8 etc) e \u00edmpares (1, 3, 5, 7 etc) que ser\u00e3o divididos em dois grupos: A, composto pelos \u00edmpares, e B, com os pares. De cada um saem os cinco mais velozes, independentemente dos tempos obtidos na outra s\u00e9rie. Esses dez est\u00e3o garantido no Top Qualifiyng, que decide o pole position em dez minutos: das 15h05 \u00e0s 15h15. O pole position leva um ponto de bonifica\u00e7\u00e3o.<\/p>\n<p>A prova, como acontece desde o in\u00edcio da temporada, ser\u00e1 dividida em duas fases, mas somente o piloto que terminar na frente na segunda \u00e9 que vai para o p\u00f3dio, assim como os quatro a seguir. A pontua\u00e7\u00e3o ficou assim distribu\u00edda: o vencedor de cada fase receber\u00e1 25 pontos, o segundo 22, o terceiro 20, o quarto 18, o quinto 16, o sexto 15, o s\u00e9timo 14, o oitavo 13, o nono 12, o d\u00e9cimo 11, o d\u00e9cimo primeiro 10, o d\u00e9cimo segundo 9, o d\u00e9cimo terceiro 8, o d\u00e9cimo quarto 7, o d\u00e9cimo quinto 6, o d\u00e9cimo sexto 5, o d\u00e9cimo s\u00e9timo 4, o d\u00e9cimo oitavo 3, o d\u00e9cimo nono 2 e o vig\u00e9simo colocado 1 ponto. Somados os tr\u00eas pontos de b\u00f4nus (pole e duas melhores voltas) se atinge 53 distribu\u00eddos por etapa.<\/p>\n<p>Vencedores em Guapor\u00e9 at\u00e9 2014:<\/p>\n<p><strong>1996 &#8211; Renato Martins<\/strong><br \/>\n1997 &#8211; Djalma Foga\u00e7a<br \/>\n1998 &#8211; Osvaldo Drugovich<br \/>\n1999 &#8211; Jorge Fleck<br \/>\n2000 &#8211; Jorge Fleck<br \/>\n2001 &#8211; Jorge Fleck<br \/>\n2002 &#8211; Roberval Andrade<br \/>\n2003 &#8211; Djalma Foga\u00e7a<br \/>\n2004 &#8211; Wellington Cirino<br \/>\n2005 &#8211; Wellington Cirino<br \/>\n<strong>2006 &#8211; Renato Martins<\/strong><br \/>\n2007 &#8211; N\u00e3o teve corrida<br \/>\n2008 &#8211; Beto Monteiro<br \/>\n<strong>2009 &#8211; Felipe Giaffone<br \/>\n2010 &#8211; Felipe Giaffone<br \/>\n2011 &#8211; Valmir Hisgu\u00e9 Benavides<\/strong><br \/>\n<strong>2012 &#8211; Leandro Totti<\/strong><br \/>\n2013 &#8211; R\u00e9gis Boessio<br \/>\n2014 &#8211; Roberval Andrade<\/p>\n<p><em>Texto: Milton Alves<br \/>\nImagens: Orlei Silva<\/em><\/p>\n","protected":false},"excerpt":{"rendered":"<p>Felipe Giaffone (Volkswagen Constellation) abriu na frente os treinos livres da oitava etapa da temporada da F\u00f3rmula Truck. Na manh\u00e3 desta sexta-feira, no Aut\u00f3dromo de [&hellip;]<\/p>\n","protected":false},"author":2,"featured_media":0,"comment_status":"closed","ping_status":"open","sticky":false,"template":"","format":"standard","meta":{"ngg_post_thumbnail":0,"footnotes":""},"categories":[3],"tags":[],"class_list":["post-3022","post","type-post","status-publish","format-standard","hentry","category-noticias"],"_links":{"self":[{"href":"https:\/\/www.r9competicoes.com.br\/r9\/wp-json\/wp\/v2\/posts\/3022","targetHints":{"allow":["GET"]}}],"collection":[{"href":"https:\/\/www.r9competicoes.com.br\/r9\/wp-json\/wp\/v2\/posts"}],"about":[{"href":"https:\/\/www.r9competicoes.com.br\/r9\/wp-json\/wp\/v2\/types\/post"}],"author":[{"embeddable":true,"href":"https:\/\/www.r9competicoes.com.br\/r9\/wp-json\/wp\/v2\/users\/2"}],"replies":[{"embeddable":true,"href":"https:\/\/www.r9competicoes.com.br\/r9\/wp-json\/wp\/v2\/comments?post=3022"}],"version-history":[{"count":3,"href":"https:\/\/www.r9competicoes.com.br\/r9\/wp-json\/wp\/v2\/posts\/3022\/revisions"}],"predecessor-version":[{"id":6888,"href":"https:\/\/www.r9competicoes.com.br\/r9\/wp-json\/wp\/v2\/posts\/3022\/revisions\/6888"}],"wp:attachment":[{"href":"https:\/\/www.r9competicoes.com.br\/r9\/wp-json\/wp\/v2\/media?parent=3022"}],"wp:term":[{"taxonomy":"category","embeddable":true,"href":"https:\/\/www.r9competicoes.com.br\/r9\/wp-json\/wp\/v2\/categories?post=3022"},{"taxonomy":"post_tag","embeddable":true,"href":"https:\/\/www.r9competicoes.com.br\/r9\/wp-json\/wp\/v2\/tags?post=3022"}],"curies":[{"name":"wp","href":"https:\/\/api.w.org\/{rel}","templated":true}]}}