{"id":3038,"date":"2015-10-03T14:11:20","date_gmt":"2015-10-03T17:11:20","guid":{"rendered":"https:\/\/www.r9competicoes.com.br\/r9\/?p=3038"},"modified":"2024-08-04T09:26:00","modified_gmt":"2024-08-04T12:26:00","slug":"giaffone-o-mais-rapido-no-3o-treino-livre-que-teve-forte-acidente-em-guapore","status":"publish","type":"post","link":"https:\/\/www.r9competicoes.com.br\/r9\/2015\/10\/giaffone-o-mais-rapido-no-3o-treino-livre-que-teve-forte-acidente-em-guapore\/","title":{"rendered":"Giaffone o mais r\u00e1pido no 3o treino livre que teve forte acidente em Guapor\u00e9"},"content":{"rendered":"<p><iframe loading=\"lazy\" width=\"450\" height=\"315\" src=\"https:\/\/www.youtube.com\/embed\/BVPgxQYLMos?rel=0&amp;showinfo=0\" frameborder=\"0\" allowfullscreen><\/iframe><br \/>\nOs cinco pilotos da MAN Latin America completaram o terceiro treino livre entre os dez mais r\u00e1pidos, Giaffone realizou o melhor tempo, Totti (4), Marques (6), Jardim (8) e D\u00e9bora (10). A sess\u00e3o foi marcada por forte acidente com sa\u00edda de pista de David Muffato e o truck despencar grande altura.<\/p>\n<p><!--more--><br \/>\nResultado do terceiro e \u00faltimo treino livre da oitava etapa da F\u00f3rmula Truck:<\/p>\n<p>1\u00ba) Felipe Giaffone (Volkswagen Constellation-MAN), RM Motors, 1min25s3127<br \/>\n2\u00ba) Wellington Cirino (Mercedes-Benz), ABF\/Mercedes-Benz, 1min25s7519<br \/>\n3\u00ba) Paulo Salustiano (Mercedes-Benz), ABF\/Mercedes-Benz, 1min25s9450<br \/>\n4\u00ba) Leandro Totti (Volkswagen Constellation-MAN), RM Motors, 1min26s0251<br \/>\n5\u00ba) Diogo Pachenki (Mercedes-Benz), Copacol Racing Truck, 1min26s2895<br \/>\n6\u00ba) Andr\u00e9 Marques (MAN TGX), RM Motors, 1min26s3793<br \/>\n7\u00ba) Roberval Andrade (Scania), Corinthians Motorsport, 1min26s4209<br \/>\n8\u00ba) Adalberto Jardim (Volkswagen Constellation-MAN), RM Motors, 1min26s4616<br \/>\n9\u00ba) Djalma Foga\u00e7a (Ford), DF Racing Fans, 1min26s5667<br \/>\n10\u00ba) D\u00e9bora Rodrigues (Volkswagen Constellation-MAN), RM Motors, 1min26s6430<br \/>\n11\u00ba) Beto Monteiro (Iveco), Lucar Motorsports, 1min26s9305<br \/>\n12\u00ba) R\u00e9gis Boessio (Volvo), Boessio Competi\u00e7\u00f5es, 1min27s0957<br \/>\n13\u00ba) David Muffato (Scania), Muffat\u00e3o Racing, 1min27s9299<br \/>\n14\u00ba) Raijan Mascarello (Ford), DF Racing Fans, 1min28s1665<br \/>\n15\u00ba) Pedro Muffato (Scania), Muffat\u00e3o Racing, 1min28s4616<br \/>\n16\u00ba) Alex Fabiano (Volvo), Clay Truck Racing, a 1min29s9621<br \/>\n17\u00ba) Luiz Lopes (Iveco), Lucar Motorsports, 1min30s1121<br \/>\n18\u00ba) Fabiano Brito (Scania), Max Power Racing Team, 1min31s6956<\/p>\n<p>Grupo A<\/p>\n<p>Felipe Giaffone<br \/>\nPaulo Salustiano<br \/>\nDiogo Pachenki<br \/>\nRoberval Andrade<br \/>\nDjalma Foga\u00e7a<br \/>\nBeto Monteiro<br \/>\nDavid Muffato<br \/>\nPedro Muffato<br \/>\nLuiz Lopes<\/p>\n<p>Grupo B<\/p>\n<p>Wellington Cirino<br \/>\nLeandro Totti<br \/>\nAndr\u00e9 Marques<br \/>\nAdalberto Jardim<br \/>\nD\u00e9bora Rodrigues<br \/>\nR\u00e9gis Boessio<br \/>\nRaijan Mascarello<br \/>\nAlex Fabiano<br \/>\nFabiano Brito<\/p>\n<p><a  href=\"https:\/\/www.r9competicoes.com.br\/r9\/wp-content\/uploads\/2015\/10\/251134_1.webp\" data-rel=\"lightbox-gallery-0\" data-rl_title=\"3o treino Guapor\u00e9 2015\" data-rl_caption=\"\" title=\"3o treino Guapor\u00e9 2015\"><img loading=\"lazy\" decoding=\"async\" src=\"https:\/\/www.r9competicoes.com.br\/r9\/wp-content\/uploads\/2015\/10\/251134_1-450x433.webp\" alt=\"3o treino Guapor\u00e9 2015\" width=\"450\" height=\"433\" class=\"aligncenter size-medium wp-image-3039\" srcset=\"https:\/\/www.r9competicoes.com.br\/r9\/wp-content\/uploads\/2015\/10\/251134_1-450x433.webp 450w, https:\/\/www.r9competicoes.com.br\/r9\/wp-content\/uploads\/2015\/10\/251134_1.webp 478w\" sizes=\"auto, (max-width: 450px) 100vw, 450px\" \/><\/a><\/p>\n<p><a href=\"https:\/\/fbcdn-sphotos-a-a.akamaihd.net\/hphotos-ak-xat1\/v\/t1.0-9\/12049628_1201592939866940_851678579117866063_n.jpg?oh=21c4cc6447b78c8414d02db004bb17be&#038;oe=56A4B000&#038;__gda__=1452658911_1548380dfdc39a5b8df65be7fc853a83\"><img decoding=\"async\" src=\"https:\/\/fbcdn-sphotos-a-a.akamaihd.net\/hphotos-ak-xat1\/v\/t1.0-9\/12049628_1201592939866940_851678579117866063_n.jpg?oh=21c4cc6447b78c8414d02db004bb17be&#038;oe=56A4B000&#038;__gda__=1452658911_1548380dfdc39a5b8df65be7fc853a83\" width=\"450\" class=\"aligncenter\" \/><\/a><\/p>\n<p><a href=\"https:\/\/fbcdn-sphotos-a-a.akamaihd.net\/hphotos-ak-xat1\/v\/t1.0-9\/12118647_1201593016533599_8353771505192908491_n.jpg?oh=0d368474f50447a0b78fdc538d56efba&#038;oe=56A8D822&#038;__gda__=1452434474_61224714a8379f4c0ec3be9f8c27edd8\"><img decoding=\"async\" src=\"https:\/\/fbcdn-sphotos-a-a.akamaihd.net\/hphotos-ak-xat1\/v\/t1.0-9\/12118647_1201593016533599_8353771505192908491_n.jpg?oh=0d368474f50447a0b78fdc538d56efba&#038;oe=56A8D822&#038;__gda__=1452434474_61224714a8379f4c0ec3be9f8c27edd8\" width=\"450\" class=\"aligncenter\" \/><\/a><\/p>\n<p><a href=\"https:\/\/scontent-gru1-1.xx.fbcdn.net\/hphotos-xpt1\/v\/t1.0-9\/12096569_1201593023200265_3214963818587864671_n.jpg?oh=b28340dd24dd812b4a80a1dd61fe83a2&#038;oe=5695A0F0\"><img decoding=\"async\" src=\"https:\/\/scontent-gru1-1.xx.fbcdn.net\/hphotos-xpt1\/v\/t1.0-9\/12096569_1201593023200265_3214963818587864671_n.jpg?oh=b28340dd24dd812b4a80a1dd61fe83a2&#038;oe=5695A0F0\" width=\"450\" class=\"aligncenter\" \/><\/a><\/p>\n<p><a href=\"https:\/\/fbcdn-sphotos-f-a.akamaihd.net\/hphotos-ak-xap1\/v\/t1.0-9\/12122823_1201593026533598_6512619682233596800_n.jpg?oh=10962cf18d231102974737174c596b57&#038;oe=568F0CA0&#038;__gda__=1452870553_06b832bd90daa51262ffd9df323ecd57\"><img decoding=\"async\" src=\"https:\/\/fbcdn-sphotos-f-a.akamaihd.net\/hphotos-ak-xap1\/v\/t1.0-9\/12122823_1201593026533598_6512619682233596800_n.jpg?oh=10962cf18d231102974737174c596b57&#038;oe=568F0CA0&#038;__gda__=1452870553_06b832bd90daa51262ffd9df323ecd57\" width=\"450\" class=\"aligncenter\" \/><\/a><\/p>\n<p><em>Imagens: Orlei Silva<\/em><\/p>\n","protected":false},"excerpt":{"rendered":"<p>Os cinco pilotos da MAN Latin America completaram o terceiro treino livre entre os dez mais r\u00e1pidos, Giaffone realizou o melhor tempo, Totti (4), Marques [&hellip;]<\/p>\n","protected":false},"author":2,"featured_media":0,"comment_status":"closed","ping_status":"open","sticky":false,"template":"","format":"standard","meta":{"ngg_post_thumbnail":0,"footnotes":""},"categories":[3],"tags":[],"class_list":["post-3038","post","type-post","status-publish","format-standard","hentry","category-noticias"],"_links":{"self":[{"href":"https:\/\/www.r9competicoes.com.br\/r9\/wp-json\/wp\/v2\/posts\/3038","targetHints":{"allow":["GET"]}}],"collection":[{"href":"https:\/\/www.r9competicoes.com.br\/r9\/wp-json\/wp\/v2\/posts"}],"about":[{"href":"https:\/\/www.r9competicoes.com.br\/r9\/wp-json\/wp\/v2\/types\/post"}],"author":[{"embeddable":true,"href":"https:\/\/www.r9competicoes.com.br\/r9\/wp-json\/wp\/v2\/users\/2"}],"replies":[{"embeddable":true,"href":"https:\/\/www.r9competicoes.com.br\/r9\/wp-json\/wp\/v2\/comments?post=3038"}],"version-history":[{"count":1,"href":"https:\/\/www.r9competicoes.com.br\/r9\/wp-json\/wp\/v2\/posts\/3038\/revisions"}],"predecessor-version":[{"id":6889,"href":"https:\/\/www.r9competicoes.com.br\/r9\/wp-json\/wp\/v2\/posts\/3038\/revisions\/6889"}],"wp:attachment":[{"href":"https:\/\/www.r9competicoes.com.br\/r9\/wp-json\/wp\/v2\/media?parent=3038"}],"wp:term":[{"taxonomy":"category","embeddable":true,"href":"https:\/\/www.r9competicoes.com.br\/r9\/wp-json\/wp\/v2\/categories?post=3038"},{"taxonomy":"post_tag","embeddable":true,"href":"https:\/\/www.r9competicoes.com.br\/r9\/wp-json\/wp\/v2\/tags?post=3038"}],"curies":[{"name":"wp","href":"https:\/\/api.w.org\/{rel}","templated":true}]}}