{"id":3079,"date":"2015-11-06T18:20:51","date_gmt":"2015-11-06T21:20:51","guid":{"rendered":"https:\/\/www.r9competicoes.com.br\/r9\/?p=3079"},"modified":"2024-08-04T09:26:09","modified_gmt":"2024-08-04T12:26:09","slug":"caminhoes-volkswagen-entre-os-mais-rapidos-nos-primeiros-treinos-livres-em-cascavel","status":"publish","type":"post","link":"https:\/\/www.r9competicoes.com.br\/r9\/2015\/11\/caminhoes-volkswagen-entre-os-mais-rapidos-nos-primeiros-treinos-livres-em-cascavel\/","title":{"rendered":"Caminh\u00f5es Volkswagen entre os mais r\u00e1pidos nos primeiros treinos livres em Cascavel"},"content":{"rendered":"<p><a  href=\"https:\/\/www.r9competicoes.com.br\/r9\/wp-content\/uploads\/2015\/11\/123223.webp\" data-rel=\"lightbox-gallery-0\" data-rl_title=\"D\u00e9bora Rodrigues durante o Truck Kids\" data-rl_caption=\"\" title=\"D\u00e9bora Rodrigues durante o Truck Kids\"><img loading=\"lazy\" decoding=\"async\" src=\"https:\/\/www.r9competicoes.com.br\/r9\/wp-content\/uploads\/2015\/11\/123223-450x299.jpg\" alt=\"D\u00e9bora Rodrigues durante o Truck Kids\" width=\"450\" height=\"299\" class=\"aligncenter size-medium wp-image-3080\" \/><\/a>Giaffone, Jardim e Totti colocaram os caminh\u00f5es Volkswagen no top10 dos primeiros treinos livres realizados hoje no Aut\u00f3dromo Zilmar Beux, em Cascavel (PR). O grid de largada da nona etapa da temporada da F\u00f3rmula Truck ser\u00e1 definido na tarde deste s\u00e1bado nos 3.058 metros do Aut\u00f3dromo de Cascavel. A cidade do Oeste paranaense, que recebe mais uma vez a mais popular categoria do automobilismo da Am\u00e9rica do Sul, tem a pen\u00faltima corrida do seu 20\u00ba ano de exist\u00eancia neste domingo \u00e0s 13 horas.<\/p>\n<p><!--more--><\/p>\n<p><a  href=\"https:\/\/www.r9competicoes.com.br\/r9\/wp-content\/uploads\/2015\/11\/123223a.webp\" data-rel=\"lightbox-gallery-0\" data-rl_title=\"Felipe Giaffone\" data-rl_caption=\"\" title=\"Felipe Giaffone\"><img loading=\"lazy\" decoding=\"async\" src=\"https:\/\/www.r9competicoes.com.br\/r9\/wp-content\/uploads\/2015\/11\/123223a-450x299.jpg\" alt=\"Felipe Giaffone\" width=\"450\" height=\"299\" class=\"aligncenter size-medium wp-image-3081\" \/><\/a><\/p>\n<p>O pole position do Grande Pr\u00eamio Bridgestone Bandag, que ganha um ponto de bonifica\u00e7\u00e3o por ser o mais r\u00e1pido, ser\u00e1 conhecido \u00e0s 14h35, quando se encerra o Top Qualifying.<\/p>\n<p><a  href=\"https:\/\/www.r9competicoes.com.br\/r9\/wp-content\/uploads\/2015\/11\/123223b.webp\" data-rel=\"lightbox-gallery-0\" data-rl_title=\"Leandro Totti\" data-rl_caption=\"\" title=\"Leandro Totti\"><img loading=\"lazy\" decoding=\"async\" src=\"https:\/\/www.r9competicoes.com.br\/r9\/wp-content\/uploads\/2015\/11\/123223b-450x299.jpg\" alt=\"Leandro Totti\" width=\"450\" height=\"299\" class=\"aligncenter size-medium wp-image-3082\" \/><\/a><\/p>\n<p>Antes, neste s\u00e1bado, das 9h \u00e0s 9h45, acontece o terceiro treino livre, que define os dois grupos da primeira parte do classificat\u00f3rio, o equivalente ao Q1. Os que terminarem nas posi\u00e7\u00f5es \u00edmpares (1, 3, 5, 7 etc) estar\u00e3o no Grupo A, e os das posi\u00e7\u00f5es pares (2, 4, 6, 8 etc) no Grupo B. De cada um saem os cinco mais velozes que, durante dez minutos &#8211; 14h25 \u00e0s 14h35 &#8211; se re\u00fanem no Top Qualifying para definir o pole position da etapa. Os dez primeiros no grid, que integram as cinco primeiras filas, estar\u00e3o garantidos na frente enquanto os que n\u00e3o passarem para o Top Qualifying ter\u00e3o suas posi\u00e7\u00f5es de largada de acordo com os tempos obtidos nos grupos.<\/p>\n<p><a  href=\"https:\/\/www.r9competicoes.com.br\/r9\/wp-content\/uploads\/2015\/11\/123223c.webp\" data-rel=\"lightbox-gallery-0\" data-rl_title=\"Andr\u00e9 Marques\" data-rl_caption=\"\" title=\"Andr\u00e9 Marques\"><img loading=\"lazy\" decoding=\"async\" src=\"https:\/\/www.r9competicoes.com.br\/r9\/wp-content\/uploads\/2015\/11\/123223c-450x299.jpg\" alt=\"Andr\u00e9 Marques\" width=\"450\" height=\"299\" class=\"aligncenter size-medium wp-image-3083\" \/><\/a><\/p>\n<p>Liberada visita\u00e7\u00e3o aos boxes<\/p>\n<p>Com o objetivo de aproximar mais o p\u00fablico da categoria, dos pilotos e das equipes, a F\u00f3rmula Truck d\u00e1 um presente ao torcedor de Cascavel, local da nona e pen\u00faltima etapa da temporada, a ser disputada no pr\u00f3ximo domingo. Todos os que comprarem ingresso de arquibancada poder\u00e3o fazer a visita\u00e7\u00e3o aos boxes somente no s\u00e1bado, das 10h30 \u00e0s 13h30, pegar aut\u00f3grafos e tirar fotos dos caminh\u00f5es e com os pilotos. <\/p>\n<p><a  href=\"https:\/\/www.r9competicoes.com.br\/r9\/wp-content\/uploads\/2015\/11\/123223d.webp\" data-rel=\"lightbox-gallery-0\" data-rl_title=\"Leandro Totti\" data-rl_caption=\"\" title=\"Leandro Totti\"><img loading=\"lazy\" decoding=\"async\" src=\"https:\/\/www.r9competicoes.com.br\/r9\/wp-content\/uploads\/2015\/11\/123223d-450x299.jpg\" alt=\"Leandro Totti\" width=\"450\" height=\"299\" class=\"aligncenter size-medium wp-image-3084\" \/><\/a><\/p>\n<p>Antes, esse privil\u00e9gio era limitado aos portadores de credenciais Paddock e VIP e agora foi estendido a todo o p\u00fablico que adquirir qualquer ingresso. Os f\u00e3s que comprarem as credenciais de Paddock continuam a ter o direito de, no domingo, dar uma volta no Truck Teste, o que \u00e9 diferente da Volta R\u00e1pida, exclusiva dos convidados dos patrocinadores e de empresas que adquirirem camarotes. Os portadores de ingressos das arquibancadas n\u00e3o ter\u00e3o acesso aos boxes no domingo.<\/p>\n<p><a  href=\"https:\/\/www.r9competicoes.com.br\/r9\/wp-content\/uploads\/2015\/11\/123223e.webp\" data-rel=\"lightbox-gallery-0\" data-rl_title=\"Felipe Giaffone\" data-rl_caption=\"\" title=\"Felipe Giaffone\"><img loading=\"lazy\" decoding=\"async\" src=\"https:\/\/www.r9competicoes.com.br\/r9\/wp-content\/uploads\/2015\/11\/123223e-450x299.jpg\" alt=\"Felipe Giaffone\" width=\"450\" height=\"299\" class=\"aligncenter size-medium wp-image-3085\" \/><\/a><\/p>\n<p>A corrida, no domingo (8), ter\u00e1 transmiss\u00e3o ao vivo para todo o Brasil pela Rede Bandeirantes, em HD, a partir das 13h, com a gera\u00e7\u00e3o de imagens a cargo da Master\/CATVE.<\/p>\n<p>F\u00d3RMULA TRUCK \u2013 CASCAVEL \u2013 TREINOS LIVRES<br \/>\n(Resultado combinado das duas sess\u00f5es desta sexta-feira)<br \/>\n1\u00ba) Wellington Cirino (PR\/Mercedes-Benz), ABF\/Mercedes-Benz, 1min17s6514<br \/>\n2\u00ba) Felipe Giaffone (SP\/Volkswagen-MAN), RM Motors, 1min18s0028<br \/>\n3\u00ba) Diogo Pachenki (PR\/Mercedes-Benz), Copacol Racing Truck, 1min18s0512<br \/>\n4\u00ba) Beto Monteiro (PE\/Iveco), Lucar Motorsports, 1min18s9170<br \/>\n5\u00ba) Adalberto Jardim (SP\/Volkswagen-MAN), RM Motors, 1min18s9273<br \/>\n6\u00ba) Leandro Totti (PR\/Volkswagen-MAN), RM Motors, 1min19s0804<br \/>\n7\u00ba) David Muffato (PR\/Scania), Muffat\u00e3o, 1min19s1058<br \/>\n8\u00ba) Paulo Salustiano (SP\/Mercedes-Benz), ABF\/Mercedes-Benz, 1min19s1507<br \/>\n9\u00ba) Roberval Andrade (SP\/Scania), Corinthians Motorsport, 1min19s3210<br \/>\n10\u00ba) Rog\u00e9rio Castro (GO\/Mercedes-Benz), ABF Racing Team, 1min19s5461<br \/>\n11\u00ba) D\u00e9bora Rodrigues (PR\/Volkswagen-MAN), RM Motors, 1min19s5484<br \/>\n12\u00ba) R\u00e9gis Boessio (RS\/Volvo), Boessio Competi\u00e7\u00f5es\/Clay Truck Racing, 1min19s6369<br \/>\n13\u00ba) Andr\u00e9 Marques (SP\/MAN), RM Motors, 1min19s7056<br \/>\n14\u00ba) Raijan Mascarello (MT\/Ford), DF Racing Fans, 1min20s0299<br \/>\n15\u00ba) Djalma Foga\u00e7a (SP\/Ford), DF Racing Fans, 1min20s1439<br \/>\n16\u00ba) Jaidson Zini (PR\/Iveco), Dakarmotors, 1min21s0891<br \/>\n17\u00ba) Alex Fabiano (SP\/Volvo), Clay Truck Racing, 1min22s0249<br \/>\n18\u00ba) Pedro Muffato (PR\/Scania), Muffat\u00e3o, 1min23s0936<br \/>\nM\u00e9dia do 1\u00ba: 141,772 km\/h<\/p>\n<p><em>Com informa\u00e7\u00f5es de Milton Alves e imagens de Orlei Silva.<\/em><\/p>\n","protected":false},"excerpt":{"rendered":"<p>Giaffone, Jardim e Totti colocaram os caminh\u00f5es Volkswagen no top10 dos primeiros treinos livres realizados hoje no Aut\u00f3dromo Zilmar Beux, em Cascavel (PR). O grid [&hellip;]<\/p>\n","protected":false},"author":2,"featured_media":0,"comment_status":"closed","ping_status":"open","sticky":false,"template":"","format":"standard","meta":{"ngg_post_thumbnail":0,"footnotes":""},"categories":[3],"tags":[],"class_list":["post-3079","post","type-post","status-publish","format-standard","hentry","category-noticias"],"_links":{"self":[{"href":"https:\/\/www.r9competicoes.com.br\/r9\/wp-json\/wp\/v2\/posts\/3079","targetHints":{"allow":["GET"]}}],"collection":[{"href":"https:\/\/www.r9competicoes.com.br\/r9\/wp-json\/wp\/v2\/posts"}],"about":[{"href":"https:\/\/www.r9competicoes.com.br\/r9\/wp-json\/wp\/v2\/types\/post"}],"author":[{"embeddable":true,"href":"https:\/\/www.r9competicoes.com.br\/r9\/wp-json\/wp\/v2\/users\/2"}],"replies":[{"embeddable":true,"href":"https:\/\/www.r9competicoes.com.br\/r9\/wp-json\/wp\/v2\/comments?post=3079"}],"version-history":[{"count":6,"href":"https:\/\/www.r9competicoes.com.br\/r9\/wp-json\/wp\/v2\/posts\/3079\/revisions"}],"predecessor-version":[{"id":6897,"href":"https:\/\/www.r9competicoes.com.br\/r9\/wp-json\/wp\/v2\/posts\/3079\/revisions\/6897"}],"wp:attachment":[{"href":"https:\/\/www.r9competicoes.com.br\/r9\/wp-json\/wp\/v2\/media?parent=3079"}],"wp:term":[{"taxonomy":"category","embeddable":true,"href":"https:\/\/www.r9competicoes.com.br\/r9\/wp-json\/wp\/v2\/categories?post=3079"},{"taxonomy":"post_tag","embeddable":true,"href":"https:\/\/www.r9competicoes.com.br\/r9\/wp-json\/wp\/v2\/tags?post=3079"}],"curies":[{"name":"wp","href":"https:\/\/api.w.org\/{rel}","templated":true}]}}