{"id":333,"date":"2011-05-14T16:17:34","date_gmt":"2011-05-14T19:17:34","guid":{"rendered":"https:\/\/www.r9competicoes.com.br\/r9\/?p=333"},"modified":"2024-08-04T09:15:08","modified_gmt":"2024-08-04T12:15:08","slug":"felipe-giaffone-e-o-pole-position-em-caruaru","status":"publish","type":"post","link":"https:\/\/www.r9competicoes.com.br\/r9\/2011\/05\/felipe-giaffone-e-o-pole-position-em-caruaru\/","title":{"rendered":"Felipe Giaffone \u00e9 o pole-position em Caruaru"},"content":{"rendered":"<p><a  href=\"https:\/\/www.r9competicoes.com.br\/r9\/wp-content\/uploads\/2011\/05\/125436.webp\" data-rel=\"lightbox-gallery-0\" data-rl_title=\"Felipe Giaffone \u00e9 o pole position em Caruaru\" data-rl_caption=\"\"><img loading=\"lazy\" decoding=\"async\" class=\"alignleft size-full wp-image-339\" title=\"Felipe Giaffone \u00e9 o pole position em Caruaru\" src=\"https:\/\/www.r9competicoes.com.br\/r9\/wp-content\/uploads\/2011\/05\/125436.webp\" alt=\"\" width=\"394\" height=\"256\" \/><\/a>Felipe Giaffone cravou a pole-position em Caruaru e, de quebra, bateu o novo recorde da F\u00f3rmula Truck no Aut\u00f3dromo Ayrton Senna, Circuito Aur\u00e9lio Batista F\u00e9lix. O grid de largada da segunda etapa do Campeonato Brasileiro de F\u00f3rmula Truck 2011, a \u00fanica etapa nordestina, foi definido sob amea\u00e7a de chuva, o que n\u00e3o se concretizou. A disputa desse s\u00e1bado (14) foi bem emocionante entre Giaffone e Roberval Andrade, com o piloto da RM Motors\/ Volkswagen levando a melhor e conquistando a sua 10a pole-position na categoria.<\/p>\n<p>Inesperadamente, o piloto da casa Beto Monteiro, Iveco, acabou errando em sua primeira parcial e n\u00e3o conseguiu passar para a segunda etapa do classificat\u00f3rio entre os oito primeiros, largando na 15\u00aa posi\u00e7\u00e3o. O paulista Danilo Dirani, Ford, tamb\u00e9m n\u00e3o passou para a super classifica\u00e7\u00e3o por apenas uma posi\u00e7\u00e3o, largando em 9\u00ba.<\/p>\n<p>Na decis\u00e3o entre os oito melhores do grid, Giaffone e Andrade disputaram brilhantemente a pole position, com os dois batendo o recorde da pista com os tempos de 1:47.366 e 1:47.396, respectivamente. Antes, o melhor tempo da Truck em Caruaru era de 1:47.444. Entre os demais pilotos, Cirino larga na 3\u00aa posi\u00e7\u00e3o, Renato Martins em 4\u00ba, Leandro Reis em 5\u00ba, Paulo Salustiano, Valmir Benavides e Andr\u00e9 Marques, respectivamente em 6\u00ba, 7\u00ba e 8\u00ba. J\u00e1 D\u00e9bora Rodrigues ir\u00e1 largar na 7\u00aa fila.<\/p>\n<p>Felipe Giaffone da RM Motors\/Volkswagen disse: &#8220;Hoje foi muito bom, s\u00f3 tenho que agradecer a equipe e ao Renato Martins. O Roberval veio pra cima, mas felizmente nosso caminh\u00e3o foi perfeito. Amanh\u00e3 ser\u00e1 outro dia e com certeza a corrida vai ser de resist\u00eancia, e precisamos economizar bastante o caminh\u00e3o para completar a corrida&#8221;.<\/p>\n<p>Confira o grid de largada:<\/p>\n<p>1\u00ba) 4 &#8211; Felipe Giaffone (W, SP), 1:47.366<\/p>\n<p>2\u00ba) 1 &#8211; Roberval Andrade (S, SP), 1:47.396<\/p>\n<p>3\u00ba) 6 &#8211; Wellington Cirino (M, PR), 1:48.093<\/p>\n<p>4\u00ba) 9 &#8211; Renato Martins (W, SP), 1:48.649<\/p>\n<p>5\u00ba) 45 &#8211; Leandro Reis (S, GO), 1:48.666<\/p>\n<p>6\u00ba) 55 &#8211; Paulo Salustiano (I, SP), 1:49.068<\/p>\n<p>7\u00ba) 2 &#8211; Valmir Benavides (W, SP), 1:49.289<\/p>\n<p>8\u00ba) 77 &#8211; Andr\u00e9 Marques (V, SP), 1:50.050<\/p>\n<p>9\u00ba) 70 &#8211; Danilo Dirani (F, SP), 1:49.612<\/p>\n<p>10\u00ba) 3 &#8211; Geraldo Piquet (M, DF), 1:49.658<\/p>\n<p>11\u00ba) 23 &#8211; Adalberto Jardim (W, SP), 1:50.114<\/p>\n<p>12\u00ba) 11 &#8211; Diumar Bueno (V, PR), 1:50.868<\/p>\n<p>13\u00ba) 20 &#8211; Pedro Muffato (S, PR), 1:51.346<\/p>\n<p>14\u00ba) 7 &#8211; Debora Rodrigues (W, SP), 1:51.531<\/p>\n<p>15\u00ba) 88 &#8211; Beto Monteiro (I, PE), 1:51.667<\/p>\n<p>16\u00ba) 71 &#8211; Cristina Rosito (F, RS), 1:52.784<\/p>\n<p>17\u00ba) 12 &#8211; Z\u00e9 Maria Reis (S, GO), 1:52.943<\/p>\n<p>18\u00ba) 99 &#8211; Luiz Lopes (S, SP), 1:55.314<\/p>\n<p><em>Texto: MPTeam<\/em><\/p>\n","protected":false},"excerpt":{"rendered":"<p>Felipe Giaffone cravou a pole-position em Caruaru e, de quebra, bateu o novo recorde da F\u00f3rmula Truck no Aut\u00f3dromo Ayrton Senna, Circuito Aur\u00e9lio Batista F\u00e9lix. [&hellip;]<\/p>\n","protected":false},"author":2,"featured_media":339,"comment_status":"open","ping_status":"open","sticky":false,"template":"","format":"standard","meta":{"ngg_post_thumbnail":0,"footnotes":""},"categories":[3],"tags":[],"class_list":["post-333","post","type-post","status-publish","format-standard","has-post-thumbnail","hentry","category-noticias"],"_links":{"self":[{"href":"https:\/\/www.r9competicoes.com.br\/r9\/wp-json\/wp\/v2\/posts\/333","targetHints":{"allow":["GET"]}}],"collection":[{"href":"https:\/\/www.r9competicoes.com.br\/r9\/wp-json\/wp\/v2\/posts"}],"about":[{"href":"https:\/\/www.r9competicoes.com.br\/r9\/wp-json\/wp\/v2\/types\/post"}],"author":[{"embeddable":true,"href":"https:\/\/www.r9competicoes.com.br\/r9\/wp-json\/wp\/v2\/users\/2"}],"replies":[{"embeddable":true,"href":"https:\/\/www.r9competicoes.com.br\/r9\/wp-json\/wp\/v2\/comments?post=333"}],"version-history":[{"count":1,"href":"https:\/\/www.r9competicoes.com.br\/r9\/wp-json\/wp\/v2\/posts\/333\/revisions"}],"predecessor-version":[{"id":6448,"href":"https:\/\/www.r9competicoes.com.br\/r9\/wp-json\/wp\/v2\/posts\/333\/revisions\/6448"}],"wp:featuredmedia":[{"embeddable":true,"href":"https:\/\/www.r9competicoes.com.br\/r9\/wp-json\/wp\/v2\/media\/339"}],"wp:attachment":[{"href":"https:\/\/www.r9competicoes.com.br\/r9\/wp-json\/wp\/v2\/media?parent=333"}],"wp:term":[{"taxonomy":"category","embeddable":true,"href":"https:\/\/www.r9competicoes.com.br\/r9\/wp-json\/wp\/v2\/categories?post=333"},{"taxonomy":"post_tag","embeddable":true,"href":"https:\/\/www.r9competicoes.com.br\/r9\/wp-json\/wp\/v2\/tags?post=333"}],"curies":[{"name":"wp","href":"https:\/\/api.w.org\/{rel}","templated":true}]}}