{"id":3500,"date":"2016-06-04T18:19:06","date_gmt":"2016-06-04T21:19:06","guid":{"rendered":"https:\/\/www.r9competicoes.com.br\/r9\/?p=3500"},"modified":"2016-06-04T18:23:09","modified_gmt":"2016-06-04T21:23:09","slug":"largando-na-segunda-fila-david-muffato-pensa-em-podio-em-goiania","status":"publish","type":"post","link":"https:\/\/www.r9competicoes.com.br\/r9\/2016\/06\/largando-na-segunda-fila-david-muffato-pensa-em-podio-em-goiania\/","title":{"rendered":"Largando na segunda fila, David Muffato pensa em p\u00f3dio em Goi\u00e2nia"},"content":{"rendered":"<p>ngg_shortcode_0_placeholderO paulista Paulo Salustiano (Mercedes) foi o mais r\u00e1pido nos treinos do s\u00e1bado (4) e vai largar na pole position da quarta etapa do Campeonato Brasileiro de F\u00f3rmula, que ser\u00e1 disputada no domingo (5), no Aut\u00f3dromo Internacional de Goi\u00e2nia (GO).<\/p>\n<p><!--more--><\/p>\n<p>Debaixo de um forte calor nos dois dias de treinos Salustiano fez sua melhor volta em 1min47s702, com m\u00e9dia hor\u00e1ria de 128,2 Km\/h. O paulista ter\u00e1 o companheiro de equipe Wellington Cirino (Mercedes) ao seu lado na largada. A segunda fila do grid goiano \u00e9 formada pelo paulista Adalberto Jardim (Volkswagen-MAN) e pelo paranaense David Muffato (MAN).<\/p>\n<p>ngg_shortcode_1_placeholderPole position na etapa anterior, em Campo Grande (MS), David Muffato se diz satisfeito com o quarto lugar no grid. Era algo que ele j\u00e1 esperava pelo fato de ter de utilizar o restritor de velocidade nesta etapa, item obrigat\u00f3rio aos tr\u00eas primeiros do campeonato. \u201cA pista de Goi\u00e2nia tem uma reta muito grande, e se perde bastante pot\u00eancia com o uso do restritor. Acredito que aqui e Interlagos (SP) s\u00e3o os dois casos em que o uso do restritor faz mais diferen\u00e7a\u201d, avalia, ele que \u00e9 terceiro colocado no campeonato.<\/p>\n<p>Mesmo com essa desvantagem David acredita que pode brigar por um lugar no p\u00f3dio. O plano \u00e9 fazer uma corrida num ritmo tranquilo, devido ao forte calor em Goi\u00e2nia. \u201cAmanh\u00e3 deve fazer calor igual hoje\u201d, avalia. \u201cO que vai exigir muita cautela. A estrat\u00e9gia \u00e9 fazer uma corrida tranquila, principalmente na primeira parte da corrida, sem for\u00e7ar o equipamento. Acho que administrando bem d\u00e1 para chegar ao p\u00f3dio no final da prova\u201d, considera o piloto do Muffat\u00e3o Atacado Distribuidor, Incorporadora Santa Clara e MAN Latin Am\u00e9rica. A prova ter\u00e1 in\u00edcio \u00e0s 13 horas.<\/p>\n<p>GRID DE LARGADA DA F\u00d3RMULA TRUCK<br \/>\n(Resultado do treino classificat\u00f3rio deste s\u00e1bado)<br \/>\nTop Qualifying<br \/>\n1\u00ba) Paulo Salustiano (SP\/Mercedes-Benz), ABF\/Mercedes-Benz, 1min47s702<br \/>\n2\u00ba) Wellington Cirino (PR\/Mercedes-Benz), ABF\/Mercedes-Benz, 1min48s012<br \/>\n3\u00ba) Adalberto Jardim (SP\/Volkswagen-MAN), RM Motors, 1min48s280<br \/>\n4\u00ba) David Muffato (PR\/MAN), RM Motors, 1min48s658<br \/>\n5\u00ba) Diogo Pachenki (PR\/Mercedes-Benz), Copacol Truck Racing, 1min49s095<br \/>\n6\u00ba) Raijan Mascarello (MT\/Mercedes-Benz), ABF Racing Team, 1min49s413<br \/>\n7\u00ba) Beto Monteiro (PE\/Iveco), Lucar Motorsports, 1min50s070<br \/>\n8\u00ba) Felipe Giaffone (SP\/Volkswagen-MAN), RM Motors, sem tempo<br \/>\nTreino classificat\u00f3rio<br \/>\n9\u00ba) Valmir Benavides (SP\/Ford), DF Racing Fans, 1min50s929<br \/>\n10\u00ba) Leandro Totti (PR\/Volvo), Clay Truck Racing, 1min51s032<br \/>\n11\u00ba) D\u00e9bora Rodrigues (PR\/Volkswagen-MAN), RM Motors, 1min51s231<br \/>\n12\u00ba) Roberval Andrade (SP\/Scania), Corinthians Motorsport, 1min51s268<br \/>\n13\u00ba) Rogerio Castro (GO\/Mercedes-Benz), ABF Racing Team, 1min52s010<br \/>\n14\u00ba) Alex Fabiano (SP\/Volvo), Azulim Indy Truck Racing\/ABF Motorsport, 1min52s227<br \/>\n25\u00ba) Geraldo Piquet (DF\/Ford), DF Racing Fans, 1min53s031<br \/>\n16\u00ba) Luiz Lopes (SP\/Iveco), Lucar Motorsports, 1min54s039<br \/>\n17\u00ba) Joel Mendes J\u00fanior (SC\/Ford), F\u00e1bio Foga\u00e7a\/Reis Motorsport, 1min54s092<br \/>\n18\u00ba) R\u00e9gis Boessio (RS\/Volvo), Boessio Competi\u00e7\u00f5es\/Clay Truck Racing, 1min54s253<br \/>\n19\u00ba) Andr\u00e9 Marques (SP\/Volkswagen-MAN), RM Motors, sem tempo<br \/>\nM\u00e9dia do 1\u00ba: 128,2 km\/h<\/p>\n<p>_____________________________________<br \/>\n<em>Texto: Grelak Comunica\u00e7\u00e3o<br \/>\nCr\u00e9ditos das Imagens: Luciana Flores<\/em><\/p>\n","protected":false},"excerpt":{"rendered":"<p>O paulista Paulo Salustiano (Mercedes) foi o mais r\u00e1pido nos treinos do s\u00e1bado (4) e vai largar na pole position da quarta etapa do Campeonato [&hellip;]<\/p>\n","protected":false},"author":2,"featured_media":0,"comment_status":"closed","ping_status":"open","sticky":false,"template":"","format":"standard","meta":{"ngg_post_thumbnail":0,"footnotes":""},"categories":[3],"tags":[],"class_list":["post-3500","post","type-post","status-publish","format-standard","hentry","category-noticias"],"_links":{"self":[{"href":"https:\/\/www.r9competicoes.com.br\/r9\/wp-json\/wp\/v2\/posts\/3500","targetHints":{"allow":["GET"]}}],"collection":[{"href":"https:\/\/www.r9competicoes.com.br\/r9\/wp-json\/wp\/v2\/posts"}],"about":[{"href":"https:\/\/www.r9competicoes.com.br\/r9\/wp-json\/wp\/v2\/types\/post"}],"author":[{"embeddable":true,"href":"https:\/\/www.r9competicoes.com.br\/r9\/wp-json\/wp\/v2\/users\/2"}],"replies":[{"embeddable":true,"href":"https:\/\/www.r9competicoes.com.br\/r9\/wp-json\/wp\/v2\/comments?post=3500"}],"version-history":[{"count":0,"href":"https:\/\/www.r9competicoes.com.br\/r9\/wp-json\/wp\/v2\/posts\/3500\/revisions"}],"wp:attachment":[{"href":"https:\/\/www.r9competicoes.com.br\/r9\/wp-json\/wp\/v2\/media?parent=3500"}],"wp:term":[{"taxonomy":"category","embeddable":true,"href":"https:\/\/www.r9competicoes.com.br\/r9\/wp-json\/wp\/v2\/categories?post=3500"},{"taxonomy":"post_tag","embeddable":true,"href":"https:\/\/www.r9competicoes.com.br\/r9\/wp-json\/wp\/v2\/tags?post=3500"}],"curies":[{"name":"wp","href":"https:\/\/api.w.org\/{rel}","templated":true}]}}