{"id":3521,"date":"2016-06-24T10:59:05","date_gmt":"2016-06-24T13:59:05","guid":{"rendered":"https:\/\/www.r9competicoes.com.br\/r9\/?p=3521"},"modified":"2016-06-24T11:04:37","modified_gmt":"2016-06-24T14:04:37","slug":"news-f-truck-taruma-de-volta-no-calendario-mais-de-40-mil-em-goiania-preocupacao-com-meio-ambiente","status":"publish","type":"post","link":"https:\/\/www.r9competicoes.com.br\/r9\/2016\/06\/news-f-truck-taruma-de-volta-no-calendario-mais-de-40-mil-em-goiania-preocupacao-com-meio-ambiente\/","title":{"rendered":"News F-Truck: Tarum\u00e3 de volta no calend\u00e1rio; Mais de 40 mil em Goi\u00e2nia; Preocupa\u00e7\u00e3o com meio ambiente"},"content":{"rendered":"<p>ngg_shortcode_0_placeholderO aut\u00f3dromo de Tarum\u00e3, situado na cidade de Viam\u00e3o, no Rio Grande do Sul, receber\u00e1 uma etapa da F\u00f3rmula Truck no dia 4 de setembro. A \u00faltima vez que a mais popular categoria do automobilismo da Am\u00e9rica do Sul esteve na cidade foi em 2013 e a confirma\u00e7\u00e3o da veloz e exigente pista ga\u00facha aconteceu nesta semana. A data foi trocada com Guapor\u00e9, que passou a ser a pen\u00faltima corrida desta temporada, no dia 6 de novembro, em data que estava indefinida. <\/p>\n<p><!--more--><\/p>\n<p>Assim, est\u00e1 completo o calend\u00e1rio, que teve de ser modificado algumas vezes devido \u00e0s reformas no desativado Aut\u00f3dromo de Bras\u00edlia. <\/p>\n<p><strong>F\u00f3rmula Truck tem mais de 40 mil f\u00e3s em Goi\u00e2nia<\/strong><\/p>\n<p>A quarta etapa do Campeonato Brasileiro da F\u00f3rmula Truck, disputada no Aut\u00f3dromo Ayrton Senna, na capital do Estado de Goi\u00e1s, teve 40.095 torcedores. Com mais esse bom n\u00famero de f\u00e3s, a mais popular categoria do automobilismo da Am\u00e9rica do Sul se aproximou de 153 mil presentes nas quatro etapas da temporada, o que atinge a importante m\u00e9dia de 38.144 pessoas por prova.<\/p>\n<p>A pr\u00f3xima etapa, a quinta desta 21\u00aa temporada da F\u00f3rmula Truck, acontece dia 3 de julho no Aut\u00f3dromo Ayrton Senna, em Londrina, cidade do Norte paranaense.<\/p>\n<p><strong>F\u00f3rmula Truck recicla e colabora com o meio-ambiente<\/strong><\/p>\n<p>A preocupa\u00e7\u00e3o em preservar o meio ambiente deve ser uma constante na vida das pessoas e das empresas. No automobilismo, a F\u00f3rmula Truck serve de exemplo para todo o Brasil com o trabalho de reciclagem de v\u00e1rios materiais utilizados durante as dez etapas da temporada e na sede da mais popular categoria do automobilismo da Am\u00e9rica do Sul. Em Santos, cidade do Litoral paulista, cerca de 300 litros de \u00f3leo dos mais variados tipos (motor, c\u00e2mbio, dire\u00e7\u00e3o hidr\u00e1ulica e outros) s\u00e3o direcionados mensalmente para companhias especializadas. <\/p>\n<p>Na \u00faltima etapa da Truck, disputada em Goi\u00e2nia, a Coocamar (Cooperativa de Catadores de Material Recicl\u00e1vel) e a Accert Transporte Log\u00edstica de Res\u00edduos, sob a coordena\u00e7\u00e3o do ativista ambiental Nilton Marques (www.conhecer.org.br), recolheram 200 quilos de alum\u00ednio, 150 Kg de pl\u00e1sticos e 10 quilos embalagens de tetra pak. O mesmo trabalho acontecer\u00e1 em Londrina, no pr\u00f3ximo dia 3 de julho.<\/p>\n<p>&#8220;Temos de preservar o meio-ambiente, pois vivemos neste mundo e queremos deixar para nossos filhos e netos um planeta com boas condi\u00e7\u00f5es e onde as pessoas possam viver em harmonia com a natureza. Nossas \u00e1guas, mares, rios e lagos, e nossas florestas precisam ser preservadas para as pr\u00f3ximas gera\u00e7\u00f5es&#8220;, diz Neusa Navarro, presidente da categoria.<\/p>\n<p>Nas corridas realizadas pelo Brasil a F\u00f3rmula Truck contrata empresas para recolher o material recicl\u00e1vel descartado nos camarotes, nos bares e na cozinha. Todo o pessoal \u00e9 orientado a auxiliar na separa\u00e7\u00e3o do lixo org\u00e2nico e do recicl\u00e1vel em sacos pl\u00e1sticos especiais. Depois, essas embalagens s\u00e3o direcionadas para um local espec\u00edfico dentro dos pr\u00f3prios aut\u00f3dromos, e o conte\u00fado separado pelo pessoal das empresas ou ONGs. Essa atitude movimenta a economia, pois gera dinheiro para fam\u00edlias de baixa renda que vivem de reciclagem.<\/p>\n<p>&#8220;Na nossa sede, em Santos, e em todas as corridas temos lixeiras especiais para cada tipo de lixo e fazemos a separa\u00e7\u00e3o de tudo o que pode ser reciclado e realizamos bom aproveitamento de todo o material, especialmente de papel, embalagens tetra pak e pl\u00e1sticos. Imaginem se jog\u00e1ssemos no ralo centenas de litros de \u00f3leo que utilizamos nos caminh\u00f5es de corrida e nas carretas que transportam toda a nossa estrutura pelo Brasil. Com certeza poluir\u00edamos muito o mar e os rios ao nosso redor&#8220;, analisa Neusa.<\/p>\n<p>Essa quest\u00e3o tem um respons\u00e1vel direto. Altair F\u00e9lix cuida, especialmente, da reciclagem de \u00f3leos e de materiais ferrosos reaproveitados dos caminh\u00f5es da F\u00f3rmula Truck. A empresa Lubrasil, especializada em reciclar esses l\u00edquidos, mant\u00e9m na sede da Truck um reservat\u00f3rio de 500 litros que \u00e9 esvaziado a cada 30 dias. S\u00e3o cerca de 300 litros dos mais variados tipos de \u00f3leos (motor, transmiss\u00e3o e de componentes hidr\u00e1ulicos) reciclados todos os meses.<\/p>\n<p>&#8220;Tamb\u00e9m reciclamos tudo o que se estraga nas corridas, pois muitos desses objetos met\u00e1licos que trazemos das provas n\u00e3o podem ser reutilizados. Aproveitamos o alum\u00ednio dos pist\u00f5es e de outros pontos, enviamos para as empresas partes da estrutura dos caminh\u00f5es de corrida, ferros e at\u00e9 mesmo os blocos dos motores, claro, quando n\u00e3o podem mais ser aproveitados nas pistas. A fibra de vidro, usada nas carenagens, quando se quebra em acidentes, \u00e9 encaminhada para uma empresa usar em fornos industriais&#8220;, explica Altair, irm\u00e3o de Aur\u00e9lio Batista F\u00e9lix, criador da F\u00f3rmula Truck, falecido em 2008.<\/p>\n<p>Outro importante material utilizado por toda a categoria que todas equipes da F\u00f3rmula Truck reciclam &#8211; de forma individual &#8211; \u00e9 o pneu. Al\u00e9m de evitar ser jogado em aterros sanit\u00e1rios e se transformar em criadouro de mosquitos, principalmente o Aedes Aegypt, causador de graves doen\u00e7as como dengue, chicungunha e zika, todas potencialmente mortais, a categoria colabora com a preserva\u00e7\u00e3o da terra. Quem explica como funciona \u00e9 Aur\u00e9lio J\u00fanior, diretor Operacional da F\u00f3rmula Truck.<\/p>\n<p>&#8220;Separamos os pneus usados em tr\u00eas tipos. Um que pode ser recapeado mais facilmente, outro que \u00e9 direcionado para virar sucata e se transformar em materiais de borracha e o terceiro, que se apresenta bastante desgastado. Esses geralmente s\u00e3o os do meu show, pois minhas apresenta\u00e7\u00f5es consomem muito os pneus. Em m\u00e9dia, cada caminh\u00e3o de corrida utiliza cerca de 70 pneus por temporada. Como temos sete em atividade nas nossas equipes em Santos, s\u00e3o 700 pneus por ano encaminhados \u00e0 empresa Sorocap, que tem sede em Sorocaba, interior de S\u00e3o Paulo&#8220;, diz Juninho, como \u00e9 conhecido, pelo Show dos Caminh\u00f5es, feito ao lado da irm\u00e3, Dani, em todas as dez etapas da F\u00f3rmula Truck, que ter\u00e1 sua pr\u00f3xima corrida no dia 3 de julho em Londrina, Norte do Paran\u00e1.<\/p>\n<p><em>Texto: Milton Alves<br \/>\nImagem: Luciana Flores<\/em><\/p>\n","protected":false},"excerpt":{"rendered":"<p>O aut\u00f3dromo de Tarum\u00e3, situado na cidade de Viam\u00e3o, no Rio Grande do Sul, receber\u00e1 uma etapa da F\u00f3rmula Truck no dia 4 de setembro. [&hellip;]<\/p>\n","protected":false},"author":2,"featured_media":0,"comment_status":"closed","ping_status":"open","sticky":false,"template":"","format":"standard","meta":{"ngg_post_thumbnail":0,"footnotes":""},"categories":[3],"tags":[],"class_list":["post-3521","post","type-post","status-publish","format-standard","hentry","category-noticias"],"_links":{"self":[{"href":"https:\/\/www.r9competicoes.com.br\/r9\/wp-json\/wp\/v2\/posts\/3521","targetHints":{"allow":["GET"]}}],"collection":[{"href":"https:\/\/www.r9competicoes.com.br\/r9\/wp-json\/wp\/v2\/posts"}],"about":[{"href":"https:\/\/www.r9competicoes.com.br\/r9\/wp-json\/wp\/v2\/types\/post"}],"author":[{"embeddable":true,"href":"https:\/\/www.r9competicoes.com.br\/r9\/wp-json\/wp\/v2\/users\/2"}],"replies":[{"embeddable":true,"href":"https:\/\/www.r9competicoes.com.br\/r9\/wp-json\/wp\/v2\/comments?post=3521"}],"version-history":[{"count":0,"href":"https:\/\/www.r9competicoes.com.br\/r9\/wp-json\/wp\/v2\/posts\/3521\/revisions"}],"wp:attachment":[{"href":"https:\/\/www.r9competicoes.com.br\/r9\/wp-json\/wp\/v2\/media?parent=3521"}],"wp:term":[{"taxonomy":"category","embeddable":true,"href":"https:\/\/www.r9competicoes.com.br\/r9\/wp-json\/wp\/v2\/categories?post=3521"},{"taxonomy":"post_tag","embeddable":true,"href":"https:\/\/www.r9competicoes.com.br\/r9\/wp-json\/wp\/v2\/tags?post=3521"}],"curies":[{"name":"wp","href":"https:\/\/api.w.org\/{rel}","templated":true}]}}