{"id":3524,"date":"2016-06-30T17:28:58","date_gmt":"2016-06-30T20:28:58","guid":{"rendered":"https:\/\/www.r9competicoes.com.br\/r9\/?p=3524"},"modified":"2024-08-04T09:27:22","modified_gmt":"2024-08-04T12:27:22","slug":"david-muffato-tenta-primeira-vitoria-em-sua-segunda-casa","status":"publish","type":"post","link":"https:\/\/www.r9competicoes.com.br\/r9\/2016\/06\/david-muffato-tenta-primeira-vitoria-em-sua-segunda-casa\/","title":{"rendered":"David Muffato tenta primeira vit\u00f3ria em sua &#8216;segunda casa&#8217;"},"content":{"rendered":"<p><a  href=\"https:\/\/www.r9competicoes.com.br\/r9\/wp-content\/uploads\/2016\/06\/123040.webp\" data-rel=\"lightbox-gallery-0\" data-rl_title=\"David Muffato\" data-rl_caption=\"\" title=\"David Muffato\"><img loading=\"lazy\" decoding=\"async\" src=\"https:\/\/www.r9competicoes.com.br\/r9\/wp-content\/uploads\/2016\/06\/123040-450x299.jpg\" alt=\"David Muffato\" width=\"450\" height=\"299\" class=\"aligncenter size-medium wp-image-3526\" \/><\/a>A quinta etapa do Campeonato Brasileiro de F\u00f3rmula Truck marcar\u00e1 neste domingo (3) o encerramento da primeira metade da temporada de 2016. A corrida acontecer\u00e1 no Aut\u00f3dromo Internacional Ayrton Senna, em Londrina (PR), cidade que o piloto paranaense David Muffato, da RM Motors-MAN Latin America, considera como sua \u201csegunda casa\u201d. Quarto colocado na tabela de pontos, Muffato \u00e9 representante da cidade de Cascavel.<\/p>\n<p><!--more--><\/p>\n<p>\u201cTenho um contato direto de mais de vinte anos com Londrina, inclusive morei l\u00e1 por quase tr\u00eas anos, \u00e9 um lugar que eu tenho como minha segunda casa\u201d, diz o piloto do caminh\u00e3o MAN n\u00famero 35, em que exibe as cores de Incorporadora \u00c1gua Clara, Muffat\u00e3o Atacado Distribuidor e MAN Latin America. \u201c\u00c9 um ambiente muito interessante para tentar cumprir a meta de conquistar a minha primeira vit\u00f3ria na F\u00f3rmula Truck\u201d, considera Muffato.<\/p>\n<p><a  href=\"https:\/\/www.r9competicoes.com.br\/r9\/wp-content\/uploads\/2016\/06\/123040a.webp\" data-rel=\"lightbox-gallery-0\" data-rl_title=\"David Muffato\" data-rl_caption=\"\" title=\"David Muffato\"><img loading=\"lazy\" decoding=\"async\" src=\"https:\/\/www.r9competicoes.com.br\/r9\/wp-content\/uploads\/2016\/06\/123040a-450x299.webp\" alt=\"David Muffato\" width=\"450\" height=\"299\" class=\"aligncenter size-medium wp-image-3527\" srcset=\"https:\/\/www.r9competicoes.com.br\/r9\/wp-content\/uploads\/2016\/06\/123040a-450x299.webp 450w, https:\/\/www.r9competicoes.com.br\/r9\/wp-content\/uploads\/2016\/06\/123040a-600x399.webp 600w, https:\/\/www.r9competicoes.com.br\/r9\/wp-content\/uploads\/2016\/06\/123040a-768x511.webp 768w, https:\/\/www.r9competicoes.com.br\/r9\/wp-content\/uploads\/2016\/06\/123040a.webp 777w\" sizes=\"auto, (max-width: 450px) 100vw, 450px\" \/><\/a><\/p>\n<p>As caracter\u00edsticas do tra\u00e7ado de 3.145 metros do aut\u00f3dromo londrinense n\u00e3o agradam o piloto tanto quanto a cidade. \u201cPor estar praticamente em casa a gente sempre tem uma torcida especial, os amigos por perto. Mas a pista, em si, est\u00e1 longe de ser uma das minhas preferidas. Por ser muito travada, imp\u00f5e muitas limita\u00e7\u00f5es aos pilotos. Um bom balan\u00e7o dos freios \u00e9 fundamental, e isso n\u00f3s j\u00e1 temos conseguido em todas as pistas\u201d, enaltece.<\/p>\n<p><a  href=\"https:\/\/www.r9competicoes.com.br\/r9\/wp-content\/uploads\/2016\/06\/123040b.webp\" data-rel=\"lightbox-gallery-0\" data-rl_title=\"David Muffato\" data-rl_caption=\"\" title=\"David Muffato\"><img loading=\"lazy\" decoding=\"async\" src=\"https:\/\/www.r9competicoes.com.br\/r9\/wp-content\/uploads\/2016\/06\/123040b-450x299.jpg\" alt=\"David Muffato\" width=\"450\" height=\"299\" class=\"aligncenter size-medium wp-image-3528\" \/><\/a><\/p>\n<p>A programa\u00e7\u00e3o da etapa de Londrina prev\u00ea um treino livre de 60 minutos para as 16h desta sexta-feira (1\u00ba). No s\u00e1bado (2) haver\u00e1 mais dois treinos de 45 minutos, marcados para as 8h e as 9h30. A tomada de tempos definindo as posi\u00e7\u00f5es de largada ter\u00e1 in\u00edcio \u00e0s 14h. A corrida de domingo ter\u00e1 transmiss\u00e3o ao vivo em HD pela Rede Bandeirantes para todo o Brasil a partir das 13h, com gera\u00e7\u00e3o de imagens da paranaense MasterTV\/CATVE.<\/p>\n<p>CAMPEONATO BRASILEIRO DE F\u00d3RMULA TRUCK<br \/>\n(Classifica\u00e7\u00e3o da temporada ap\u00f3s 4 de 10 etapas)<br \/>\n1\u00ba) Diogo Pachenki (PR\/Mercedes-Benz), Copacol Truck Racing, 161<br \/>\n2\u00ba) Felipe Giaffone (SP\/Volkswagen-MAN), RM Motors, 152<br \/>\n3\u00ba) Paulo Salustiano (SP\/Mercedes-Benz), ABF\/Mercedes-Benz, 113<br \/>\n4\u00ba) David Muffato (PR\/MAN), RM Motors, 109<br \/>\n5\u00ba) Alex Fabiano (SP\/Volvo), Azulim Indy Truck Racing, 96<br \/>\n6\u00ba) D\u00e9bora Rodrigues (PR\/Volkswagen-MAN), RM Motors, 93<br \/>\n7\u00ba) Andr\u00e9 Marques (SP\/Volkswagen-MAN), RM Motors, 90<br \/>\n8\u00ba) Raijan Mascarello (MT\/Mercedes-Benz), ABF Racing Team, 83<br \/>\n9\u00ba) Wellington Cirino (PR\/Mercedes-Benz), ABF\/Mercedes-Benz, 65<br \/>\n10\u00ba) Gustavo Magnabosco (SC\/Mercedes-Benz), ABF Racing Team, 61<br \/>\n11\u00ba) Valmir Benavides (SP\/Ford), DF Racing Fans, 57<br \/>\n12\u00ba) R\u00e9gis Boessio (RS\/Volvo), Boessio Competi\u00e7\u00f5es-Clay Truck Racing, 55<br \/>\n13\u00ba) Adalberto Jardim (SP\/Volkswagen-MAN), RM Motors, 46<br \/>\n14\u00ba) Pedro Muffato (PR\/Scania), Muffat\u00e3o, 34<br \/>\n15\u00ba) Luiz Lopes (SP\/Iveco), Lucar Motorsports, 33<br \/>\n16\u00ba) Joel Mendes J\u00fanior (SC\/Ford), F\u00e1bio Foga\u00e7a Motorsport-Reis Pe\u00e7as, 30<br \/>\n17\u00ba) Leandro Totti (PR\/Volvo), Clay Truck Racing, 29<br \/>\n18\u00ba) Roberval Andrade (SP\/Iveco), Dakarmotors, 29<br \/>\n19\u00ba) Djalma Foga\u00e7a (SP\/Ford), DF Racing Fans, 28<br \/>\n19\u00ba) Ricardo Sargo (SP\/Volvo), ABF Motorsport, 28<br \/>\n21\u00ba) Jaidson Zini (PR\/Iveco), Dakarmotors, 26<br \/>\n22\u00ba) Beto Monteiro (PE\/Iveco), Lucar Motorsports, 22<br \/>\n23\u00ba) Felipe Tozzo (SC\/Iveco), Dakarmotors, 17<br \/>\n24\u00ba) Geraldo Piquet (DF\/Ford), F\u00e1bio Foga\u00e7a Motorsport, 6<br \/>\n25\u00ba) Jansen Bueno (PR\/Iveco), Dakarmotors, 5<\/p>\n<p><em>Texto: Grelak Comunica\u00e7\u00e3o &#8211; (45) 3037-6667<br \/>\nImagens: Rodrigo Ruiz<\/em><\/p>\n","protected":false},"excerpt":{"rendered":"<p>A quinta etapa do Campeonato Brasileiro de F\u00f3rmula Truck marcar\u00e1 neste domingo (3) o encerramento da primeira metade da temporada de 2016. A corrida acontecer\u00e1 [&hellip;]<\/p>\n","protected":false},"author":2,"featured_media":0,"comment_status":"closed","ping_status":"open","sticky":false,"template":"","format":"standard","meta":{"ngg_post_thumbnail":0,"footnotes":""},"categories":[3],"tags":[],"class_list":["post-3524","post","type-post","status-publish","format-standard","hentry","category-noticias"],"_links":{"self":[{"href":"https:\/\/www.r9competicoes.com.br\/r9\/wp-json\/wp\/v2\/posts\/3524","targetHints":{"allow":["GET"]}}],"collection":[{"href":"https:\/\/www.r9competicoes.com.br\/r9\/wp-json\/wp\/v2\/posts"}],"about":[{"href":"https:\/\/www.r9competicoes.com.br\/r9\/wp-json\/wp\/v2\/types\/post"}],"author":[{"embeddable":true,"href":"https:\/\/www.r9competicoes.com.br\/r9\/wp-json\/wp\/v2\/users\/2"}],"replies":[{"embeddable":true,"href":"https:\/\/www.r9competicoes.com.br\/r9\/wp-json\/wp\/v2\/comments?post=3524"}],"version-history":[{"count":3,"href":"https:\/\/www.r9competicoes.com.br\/r9\/wp-json\/wp\/v2\/posts\/3524\/revisions"}],"predecessor-version":[{"id":6974,"href":"https:\/\/www.r9competicoes.com.br\/r9\/wp-json\/wp\/v2\/posts\/3524\/revisions\/6974"}],"wp:attachment":[{"href":"https:\/\/www.r9competicoes.com.br\/r9\/wp-json\/wp\/v2\/media?parent=3524"}],"wp:term":[{"taxonomy":"category","embeddable":true,"href":"https:\/\/www.r9competicoes.com.br\/r9\/wp-json\/wp\/v2\/categories?post=3524"},{"taxonomy":"post_tag","embeddable":true,"href":"https:\/\/www.r9competicoes.com.br\/r9\/wp-json\/wp\/v2\/tags?post=3524"}],"curies":[{"name":"wp","href":"https:\/\/api.w.org\/{rel}","templated":true}]}}