{"id":3531,"date":"2016-07-01T18:32:09","date_gmt":"2016-07-01T21:32:09","guid":{"rendered":"https:\/\/www.r9competicoes.com.br\/r9\/?p=3531"},"modified":"2024-08-04T09:27:25","modified_gmt":"2024-08-04T12:27:25","slug":"felipe-giaffone-abriu-como-o-mais-veloz-dos-treinos-livres-da-quinta-etapa-da-formula-truck","status":"publish","type":"post","link":"https:\/\/www.r9competicoes.com.br\/r9\/2016\/07\/felipe-giaffone-abriu-como-o-mais-veloz-dos-treinos-livres-da-quinta-etapa-da-formula-truck\/","title":{"rendered":"Felipe Giaffone abriu como o mais veloz dos treinos livres da quinta etapa da F\u00f3rmula Truck"},"content":{"rendered":"<p><iframe loading=\"lazy\" width=\"450\" height=\"315\" src=\"https:\/\/www.youtube.com\/embed\/mxu_bq_W058\" frameborder=\"0\" allowfullscreen><\/iframe>Na tarde desta sexta-feira, o vice-l\u00edder do Campeonato Brasileiro completou os 3.145 metros do Aut\u00f3dromo Ayrton Senna, em Londrina, Norte do Paran\u00e1, em 1min36s935, m\u00e9dia de 116,8 km\/h. O segundo colocado foi Paulo Salustiano, seguido por Andr\u00e9 Marques e por Wellington Cirino. Na tarde deste s\u00e1bado acontece a defini\u00e7\u00e3o da pole position e a corrida est\u00e1 marcada para domingo \u00e0s 13 horas.<\/p>\n<p><!--more--><br \/>\n<a  href=\"https:\/\/www.r9competicoes.com.br\/r9\/wp-content\/uploads\/2016\/07\/123039.webp\" data-rel=\"lightbox-gallery-0\" data-rl_title=\"Felipe Giaffone\" data-rl_caption=\"\" title=\"Felipe Giaffone\"><img loading=\"lazy\" decoding=\"async\" src=\"https:\/\/www.r9competicoes.com.br\/r9\/wp-content\/uploads\/2016\/07\/123039-450x300.webp\" alt=\"Felipe Giaffone\" width=\"450\" height=\"300\" class=\"aligncenter size-medium wp-image-3533\" srcset=\"https:\/\/www.r9competicoes.com.br\/r9\/wp-content\/uploads\/2016\/07\/123039-450x300.webp 450w, https:\/\/www.r9competicoes.com.br\/r9\/wp-content\/uploads\/2016\/07\/123039-600x400.webp 600w, https:\/\/www.r9competicoes.com.br\/r9\/wp-content\/uploads\/2016\/07\/123039-768x512.webp 768w, https:\/\/www.r9competicoes.com.br\/r9\/wp-content\/uploads\/2016\/07\/123039.webp 777w\" sizes=\"auto, (max-width: 450px) 100vw, 450px\" \/><\/a><\/p>\n<p>Por ocuparem, respectivamente, o segundo e o terceiro lugares na classifica\u00e7\u00e3o geral da F\u00f3rmula Truck, Giaffone e Salustiano utilizam o restritor de pot\u00eancia nos caminh\u00f5es. Giaffone usa o de 72 mil\u00edmetros e Salustiano o de 74mm. Com isso, eles deixam de aproveitar toda a pot\u00eancia dos motores Volkswagen e Mercedes-Benz.<\/p>\n<p><a  href=\"https:\/\/www.r9competicoes.com.br\/r9\/wp-content\/uploads\/2016\/07\/123039a.webp\" data-rel=\"lightbox-gallery-0\" data-rl_title=\"Andr\u00e9 Marques\" data-rl_caption=\"\" title=\"Andr\u00e9 Marques\"><img loading=\"lazy\" decoding=\"async\" src=\"https:\/\/www.r9competicoes.com.br\/r9\/wp-content\/uploads\/2016\/07\/123039a-450x299.jpg\" alt=\"Andr\u00e9 Marques\" width=\"450\" height=\"299\" class=\"aligncenter size-medium wp-image-3534\" \/><\/a><\/p>\n<p>Uso dos restritores<\/p>\n<p>A decis\u00e3o pela modifica\u00e7\u00e3o no regulamento t\u00e9cnico do uso dos restritores foi tomada em conjunto pelas equipes, pilotos e organiza\u00e7\u00e3o da F\u00f3rmula Truck na corrida de Campo Grande, Mato Grosso do Sul e colocada em pr\u00e1tica pela primeira vez neste treinamento em Londrina.<\/p>\n<p>Com essa defini\u00e7\u00e3o, a partir de Londrina e at\u00e9 a pen\u00faltima corrida, marcada para dia 6 de novembro em Guapor\u00e9, Rio Grande do Sul, o l\u00edder na classifica\u00e7\u00e3o geral (Diogo Pachenki) que usar o restritor de 70mm vai perder cerca de 140 cavalos de pot\u00eancia, o segundo colocado (72mm) deixa de usar 120 HP, o terceiro (74mm) cerca de 100 cavalos, o quarto, David Muffato, 76mm, em torno de 50 e o quinto colocado (Alex Fabiano) aproximadamente 30 HP. <\/p>\n<p>Enquanto isso, os tr\u00eas Iveco ganham 50 cavalos. Caso os pilotos dos Iveco se posicionem entre os cinco, usar\u00e3o normalmente os restritores previstos pelo regulamento. Todos os outros caminh\u00f5es do grid mant\u00eam a pot\u00eancia dos motores. A exemplo do ano passado, na decis\u00e3o do t\u00edtulo, dia 4 de dezembro em Curvelo, Minas Gerais, todos os pilotos estar\u00e3o sem restritores, portanto, em igualdade de condi\u00e7\u00f5es.<\/p>\n<p><a  href=\"https:\/\/www.r9competicoes.com.br\/r9\/wp-content\/uploads\/2016\/07\/123039b.webp\" data-rel=\"lightbox-gallery-0\" data-rl_title=\"D\u00e9bora Rodrigues\" data-rl_caption=\"\" title=\"D\u00e9bora Rodrigues\"><img loading=\"lazy\" decoding=\"async\" src=\"https:\/\/www.r9competicoes.com.br\/r9\/wp-content\/uploads\/2016\/07\/123039b-450x299.jpg\" alt=\"D\u00e9bora Rodrigues\" width=\"450\" height=\"299\" class=\"aligncenter size-medium wp-image-3535\" \/><\/a><\/p>\n<p>Resultado do primeiro treino livre da F\u00f3rmula Truck, em Londrina:<\/p>\n<p>1) Felipe Giaffone (RM Motors-MAN), 1min36s935, m\u00e9dia de 116,8 km\/h<br \/>\n2) Paulo Salustiano (ABF Mercedes-Benz), 1min37s697<br \/>\n3) Wellington Cirino (ABF Mercedes-Benz), 1min37s715<br \/>\n4) Andr\u00e9 Marques (RM Motors-MAN), 1min37s787<br \/>\n5) Diogo Pachenki (Copacol Truck Racing), 1min37s932<br \/>\n6) Leandro Totti (Clay Truck Racing), 1min38s079<br \/>\n7) Raijan Mascarello (ABF Racing Team), 1min38s207<br \/>\n8) Roberval Andrade (Dakar Motorsports), 1min38s381<br \/>\n9) Adalberto Jardim (RM Motors-MAN), 1min38s440<br \/>\n10) D\u00e9bora Rodrigues (RM Motors-MAN), 1min39s269<br \/>\n11) Pedro Muffato (Muffat\u00e3o Racing), 1min39s709<br \/>\n12) Djalma Foga\u00e7a (F\u00e1bio Foga\u00e7a Motorsports), 1min39s772<br \/>\n13) Beto Monteiro (Lucar Motorsport), 1min40s023<br \/>\n14) Alex Fabiano (ABF Azulim Indy Truck Racing), 1min40s076<br \/>\n15) Valmir Hisgu\u00e9 Benavides (DF Racing Fans), 1min40s564<br \/>\n16) Luiz Lopes (Lucar Motorsport), 1min40s665<br \/>\n17) Rog\u00e9rio Castro (ABF Racing Team), 1min44s100<br \/>\n18) David Muffato (MAN TGX), sem tempo<br \/>\n19) R\u00e9gis Boessio (Boessio Competi\u00e7\u00f5es), sem tempo<br \/>\n20) Geraldo Piquet (DF Motorsports), sem tempo<br \/>\n21) Joel Mendes J\u00fanior (F\u00e1bio Foga\u00e7a Motorsports), sem tempo<\/p>\n<p><em>Texto: Milton Alves<br \/>\nImagens: Luciana Flores<\/em><\/p>\n","protected":false},"excerpt":{"rendered":"<p>Na tarde desta sexta-feira, o vice-l\u00edder do Campeonato Brasileiro completou os 3.145 metros do Aut\u00f3dromo Ayrton Senna, em Londrina, Norte do Paran\u00e1, em 1min36s935, m\u00e9dia [&hellip;]<\/p>\n","protected":false},"author":2,"featured_media":0,"comment_status":"closed","ping_status":"open","sticky":false,"template":"","format":"standard","meta":{"ngg_post_thumbnail":0,"footnotes":""},"categories":[3,6],"tags":[],"class_list":["post-3531","post","type-post","status-publish","format-standard","hentry","category-noticias","category-videos"],"_links":{"self":[{"href":"https:\/\/www.r9competicoes.com.br\/r9\/wp-json\/wp\/v2\/posts\/3531","targetHints":{"allow":["GET"]}}],"collection":[{"href":"https:\/\/www.r9competicoes.com.br\/r9\/wp-json\/wp\/v2\/posts"}],"about":[{"href":"https:\/\/www.r9competicoes.com.br\/r9\/wp-json\/wp\/v2\/types\/post"}],"author":[{"embeddable":true,"href":"https:\/\/www.r9competicoes.com.br\/r9\/wp-json\/wp\/v2\/users\/2"}],"replies":[{"embeddable":true,"href":"https:\/\/www.r9competicoes.com.br\/r9\/wp-json\/wp\/v2\/comments?post=3531"}],"version-history":[{"count":3,"href":"https:\/\/www.r9competicoes.com.br\/r9\/wp-json\/wp\/v2\/posts\/3531\/revisions"}],"predecessor-version":[{"id":6977,"href":"https:\/\/www.r9competicoes.com.br\/r9\/wp-json\/wp\/v2\/posts\/3531\/revisions\/6977"}],"wp:attachment":[{"href":"https:\/\/www.r9competicoes.com.br\/r9\/wp-json\/wp\/v2\/media?parent=3531"}],"wp:term":[{"taxonomy":"category","embeddable":true,"href":"https:\/\/www.r9competicoes.com.br\/r9\/wp-json\/wp\/v2\/categories?post=3531"},{"taxonomy":"post_tag","embeddable":true,"href":"https:\/\/www.r9competicoes.com.br\/r9\/wp-json\/wp\/v2\/tags?post=3531"}],"curies":[{"name":"wp","href":"https:\/\/api.w.org\/{rel}","templated":true}]}}