{"id":3667,"date":"2016-09-01T20:20:43","date_gmt":"2016-09-01T23:20:43","guid":{"rendered":"https:\/\/www.r9competicoes.com.br\/r9\/?p=3667"},"modified":"2024-08-04T09:27:49","modified_gmt":"2024-08-04T12:27:49","slug":"giaffone-e-debora-acompanham-visita-de-pilotos-da-f-truck-a-visita-a-fabrica-da-pirelli","status":"publish","type":"post","link":"https:\/\/www.r9competicoes.com.br\/r9\/2016\/09\/giaffone-e-debora-acompanham-visita-de-pilotos-da-f-truck-a-visita-a-fabrica-da-pirelli\/","title":{"rendered":"Giaffone e D\u00e9bora acompanham visita de pilotos da F-Truck \u00e0 f\u00e1brica da Pirelli"},"content":{"rendered":"<p><a  href=\"https:\/\/www.r9competicoes.com.br\/r9\/wp-content\/uploads\/2016\/09\/122995.webp\" data-rel=\"lightbox-gallery-0\" data-rl_title=\"Giaffone e D\u00e9bora na visita a Pirelli\" data-rl_caption=\"\" title=\"Giaffone e D\u00e9bora na visita a Pirelli\"><img loading=\"lazy\" decoding=\"async\" src=\"https:\/\/www.r9competicoes.com.br\/r9\/wp-content\/uploads\/2016\/09\/122995-450x243.jpg\" alt=\"Giaffone e D\u00e9bora na visita a Pirelli\" width=\"450\" height=\"243\" class=\"aligncenter size-medium wp-image-3668\" \/><\/a>V\u00e1rios pilotos da F\u00f3rmula Truck fizeram uma visita \u00e0 f\u00e1brica da Pirelli em Gravata\u00ed, na Grande Porto Alegre, e passaram a dar mais valor ainda aos pneus dos seus caminh\u00f5es, que nesta sexta-feira, no Aut\u00f3dromo de Tarum\u00e3, iniciam os treinos livres para a s\u00e9tima etapa da temporada, marcada para domingo \u00e0s 13 horas. <\/p>\n<p><!--more--><\/p>\n<p>Acompanhados por Neusa Navarro, presidente da F\u00f3rmula Truck, e por Dani Navarro, a vice-presidente da categoria, os pilotos se reuniram com Murilo Fonseca, CEO da Pirelli Industrial para a Am\u00e9rica Latina e, al\u00e9m de receberem v\u00e1rias informa\u00e7\u00f5es sobre a fabrica\u00e7\u00e3o dos pneus, tamb\u00e9m aprenderam como s\u00e3o feitos, pois os que usam nas corridas s\u00e3o exatamente iguais aos vendidos aos caminhoneiros e frotistas de todo o Brasil.<\/p>\n<p><a  href=\"https:\/\/www.r9competicoes.com.br\/r9\/wp-content\/uploads\/2016\/09\/122995a.webp\" data-rel=\"lightbox-gallery-0\" data-rl_title=\"Visita a f\u00e1brica da Pirelli\" data-rl_caption=\"\" title=\"Visita a f\u00e1brica da Pirelli\"><img loading=\"lazy\" decoding=\"async\" src=\"https:\/\/www.r9competicoes.com.br\/r9\/wp-content\/uploads\/2016\/09\/122995a-450x300.webp\" alt=\"Visita a f\u00e1brica da Pirelli\" width=\"450\" height=\"300\" class=\"aligncenter size-medium wp-image-3669\" srcset=\"https:\/\/www.r9competicoes.com.br\/r9\/wp-content\/uploads\/2016\/09\/122995a-450x300.webp 450w, https:\/\/www.r9competicoes.com.br\/r9\/wp-content\/uploads\/2016\/09\/122995a-600x400.webp 600w, https:\/\/www.r9competicoes.com.br\/r9\/wp-content\/uploads\/2016\/09\/122995a-768x512.webp 768w, https:\/\/www.r9competicoes.com.br\/r9\/wp-content\/uploads\/2016\/09\/122995a.webp 777w\" sizes=\"auto, (max-width: 450px) 100vw, 450px\" \/><\/a><\/p>\n<p>Marcaram presen\u00e7a os pilotos Felipe Giaffone, Paulo Salustiano, Diogo Pachenki, os tr\u00eas primeiros colocados no Campeonato Brasileiro da F\u00f3rmula Truck, al\u00e9m de Andr\u00e9 Marques, quarto colocado na classifica\u00e7\u00e3o geral, Raijan Mascarello, o sexto, D\u00e9bora Rodrigues, a \u00fanica mulher a disputar a temporada da Truck, Alex Fabiano, conhecido como Gordinho Gostoso, o goianiense Rog\u00e9rio Castro e Wellington Cirino. Depois da visita \u00e0 f\u00e1brica de Gravata\u00ed os pilotos tiveram conversas com Murilo Fonseca, engenheiros e especialistas da empresa italiana sobre a qualidade dos pneus e possibilidades futuras.<\/p>\n<p>No final foi sorteada uma emocionante ida ao bra\u00e7o do Cristo Redentor, no Rio de Janeiro. O ganhador foi Felipe Giaffone, que poder\u00e1 levar um acompanhante para a aventura que ter\u00e1 a data marcada. A Pirelli \u00e9 empresa apoiadora do Cristo Redentor. <\/p>\n<p>Os treinos de abertura da s\u00e9tima etapa da temporada da F\u00f3rmula Truck acontecem nesta sexta-feira, a partir das 11 horas, divididos em duas partes, ambas com uma hora de dura\u00e7\u00e3o. A primeira ir\u00e1 at\u00e9 as 12 horas e a segunda e \u00faltima do dia das 14h30 \u00e0s 15h30. Os treinamentos marcam o retorno da mais popular categoria do automobilismo da Am\u00e9rica do Sul ao tradicional Aut\u00f3dromo de Tarum\u00e3, na cidade de Viam\u00e3o, Rio Grande do Sul. A \u00faltima vez que a Truck correu na pista ga\u00facha de 3.016 metros foi em 2013, quando a vit\u00f3ria ficou com Wellington Cirino. Ele tem 26 vit\u00f3rias contra 27 de Renato Martins.<\/p>\n<p>No s\u00e1bado, a partir das 9 horas, ser\u00e1 disputado o terceiro treino livre, mas desta vez com 45 minutos de dura\u00e7\u00e3o. Com in\u00edcio \u00e0s 13h45, ser\u00e1 realizada a primeira parte do treino classificat\u00f3rio, que define o pole position da corrida de domingo \u00e0s 13 horas. Entre 15h30 e 15h50 os oito mais bem colocados brigam diretamente pela posi\u00e7\u00e3o de honra e que d\u00e1 um ponto de bonifica\u00e7\u00e3o ao mais veloz.<\/p>\n<p>Os outros 52 pontos em disputa nesta etapa ficam assim divididos: 25 para quem terminar em primeiro na fase inicial da corrida, 25 para o vencedor da corrida e um ponto extra pela melhor volta em cada fase.<\/p>\n<p>Venda de ingressos <\/p>\n<p>Todos os tipos de ingressos (arquibancadas, Camarote Torcedor, Paddock e VIP) para a s\u00e9tima corrida &#8211; dia 4 de setembro &#8211; do 21\u00ba ano da F\u00f3rmula Truck podem ser comprados no site da loja da mais popular categoria do automobilismo da Am\u00e9rica do Sul: www.lojaformulatruck.com.br\/loja e em pontos de venda que podem ser localizados em: h<a href=\"\/\/www.formulatruck.com.br\/docs\/PONTOSDEVENDATARUMA.pdf\" title=\"ttp:\/\/www.formulatruck.com.br\/docs\/PONTOSDEVENDATARUMA.pdf\" target=\"_blank\" rel=\"noopener\">ttp:\/\/www.formulatruck.com.br\/docs\/PONTOSDEVENDATARUMA.pdf<\/a>. As vendas pelo site se encerram na sexta-feira, dia 2 de setembro. Para acompanhar todos os treinos de sexta e s\u00e1bado e a corrida das arquibancadas o pre\u00e7o \u00e9 de R$ 35 &#8211; com direito a um bon\u00e9 oficial da F-Truck e \u00e0 visita\u00e7\u00e3o aos boxes no s\u00e1bado em hor\u00e1rio determinado pela organiza\u00e7\u00e3o. Quem optar por comprar os tickets de arquibancadas nas bilheterias do aut\u00f3dromo entre os dias 2 e 3 (sexta e s\u00e1bado) ainda ganha o bon\u00e9, diferentemente dos que adquirirem somente no domingo (dia 4 de setembro), que n\u00e3o receber\u00e3o. <\/p>\n<p>Os ingressos de arquibancadas comprados pelo site devem ser retirados na bilheteria a partir das sexta-feira, dia 2 de setembro, mesma data para a retirada das credenciais (Camarote Torcedor, Paddock ou VIP), no cont\u00eainer de credenciamento. Os ingressos de arquibancada d\u00e3o direito \u00e0 visita\u00e7\u00e3o aos boxes somente no s\u00e1bado no hor\u00e1rio determinado pela organiza\u00e7\u00e3o. <\/p>\n<p><em>Texto: Milton Alves<br \/>\nImagens: Rodrigo Ruiz<\/em><\/p>\n","protected":false},"excerpt":{"rendered":"<p>V\u00e1rios pilotos da F\u00f3rmula Truck fizeram uma visita \u00e0 f\u00e1brica da Pirelli em Gravata\u00ed, na Grande Porto Alegre, e passaram a dar mais valor ainda [&hellip;]<\/p>\n","protected":false},"author":2,"featured_media":0,"comment_status":"closed","ping_status":"open","sticky":false,"template":"","format":"standard","meta":{"ngg_post_thumbnail":0,"footnotes":""},"categories":[3],"tags":[],"class_list":["post-3667","post","type-post","status-publish","format-standard","hentry","category-noticias"],"_links":{"self":[{"href":"https:\/\/www.r9competicoes.com.br\/r9\/wp-json\/wp\/v2\/posts\/3667","targetHints":{"allow":["GET"]}}],"collection":[{"href":"https:\/\/www.r9competicoes.com.br\/r9\/wp-json\/wp\/v2\/posts"}],"about":[{"href":"https:\/\/www.r9competicoes.com.br\/r9\/wp-json\/wp\/v2\/types\/post"}],"author":[{"embeddable":true,"href":"https:\/\/www.r9competicoes.com.br\/r9\/wp-json\/wp\/v2\/users\/2"}],"replies":[{"embeddable":true,"href":"https:\/\/www.r9competicoes.com.br\/r9\/wp-json\/wp\/v2\/comments?post=3667"}],"version-history":[{"count":2,"href":"https:\/\/www.r9competicoes.com.br\/r9\/wp-json\/wp\/v2\/posts\/3667\/revisions"}],"predecessor-version":[{"id":7004,"href":"https:\/\/www.r9competicoes.com.br\/r9\/wp-json\/wp\/v2\/posts\/3667\/revisions\/7004"}],"wp:attachment":[{"href":"https:\/\/www.r9competicoes.com.br\/r9\/wp-json\/wp\/v2\/media?parent=3667"}],"wp:term":[{"taxonomy":"category","embeddable":true,"href":"https:\/\/www.r9competicoes.com.br\/r9\/wp-json\/wp\/v2\/categories?post=3667"},{"taxonomy":"post_tag","embeddable":true,"href":"https:\/\/www.r9competicoes.com.br\/r9\/wp-json\/wp\/v2\/tags?post=3667"}],"curies":[{"name":"wp","href":"https:\/\/api.w.org\/{rel}","templated":true}]}}