{"id":3881,"date":"2016-12-09T16:01:54","date_gmt":"2016-12-09T19:01:54","guid":{"rendered":"https:\/\/www.r9competicoes.com.br\/r9\/?p=3881"},"modified":"2016-12-09T17:26:30","modified_gmt":"2016-12-09T20:26:30","slug":"giaffone-e-o-pole-position-na-etapa-da-f-truck-que-fecha-a-temporada","status":"publish","type":"post","link":"https:\/\/www.r9competicoes.com.br\/r9\/2016\/12\/giaffone-e-o-pole-position-na-etapa-da-f-truck-que-fecha-a-temporada\/","title":{"rendered":"Giaffone \u00e9 o pole position na etapa da F-Truck que fecha a temporada"},"content":{"rendered":"<p><iframe loading=\"lazy\" src=\"https:\/\/www.facebook.com\/plugins\/video.php?href=https%3A%2F%2Fwww.facebook.com%2Frmcompeticoes%2Fvideos%2F372388853094658%2F&#038;show_text=0&#038;width=450&#038;height=350\" width=\"450\" height=\"350\" style=\"border:none;overflow:hidden\" scrolling=\"no\" frameborder=\"0\" allowTransparency=\"true\" allowFullScreen=\"true\"><\/iframe><br \/>\nFelipe Giaffone parte da primeira posi\u00e7\u00e3o do grid em Londrina e corre em busca de mais um t\u00edtulo na F\u00f3rmula Truck. David Muffato abre a terceira fila, Andr\u00e9 Marques a quarta. J\u00e1 D\u00e9bora Rodrigues posicionar\u00e1 seu caminh\u00e3o na oitava fila do grid. <\/p>\n<p><!--more--><br \/>\nTreinos classificat\u00f3rios:<br \/>\n<iframe loading=\"lazy\" width=\"450\" height=\"315\" src=\"https:\/\/www.youtube.com\/embed\/TBHb_vAZCH0?rel=0&amp;showinfo=0\" frameborder=\"0\" allowfullscreen><\/iframe><\/p>\n<p><iframe loading=\"lazy\" width=\"450\" height=\"315\" src=\"https:\/\/www.youtube.com\/embed\/sva6J5MDKK0?rel=0&amp;showinfo=0\" frameborder=\"0\" allowfullscreen><\/iframe><\/p>\n<p><iframe loading=\"lazy\" width=\"450\" height=\"315\" src=\"https:\/\/www.youtube.com\/embed\/32_n45Lpu1M?rel=0&amp;showinfo=0\" frameborder=\"0\" allowfullscreen><\/iframe><\/p>\n<p><iframe loading=\"lazy\" width=\"450\" height=\"315\" src=\"https:\/\/www.youtube.com\/embed\/0mWCzbgpFyg?rel=0&amp;showinfo=0\" frameborder=\"0\" allowfullscreen><\/iframe><\/p>\n","protected":false},"excerpt":{"rendered":"<p>Felipe Giaffone parte da primeira posi\u00e7\u00e3o do grid em Londrina e corre em busca de mais um t\u00edtulo na F\u00f3rmula Truck. David Muffato abre a [&hellip;]<\/p>\n","protected":false},"author":2,"featured_media":0,"comment_status":"closed","ping_status":"open","sticky":false,"template":"","format":"standard","meta":{"ngg_post_thumbnail":0,"footnotes":""},"categories":[3,6],"tags":[],"class_list":["post-3881","post","type-post","status-publish","format-standard","hentry","category-noticias","category-videos"],"_links":{"self":[{"href":"https:\/\/www.r9competicoes.com.br\/r9\/wp-json\/wp\/v2\/posts\/3881","targetHints":{"allow":["GET"]}}],"collection":[{"href":"https:\/\/www.r9competicoes.com.br\/r9\/wp-json\/wp\/v2\/posts"}],"about":[{"href":"https:\/\/www.r9competicoes.com.br\/r9\/wp-json\/wp\/v2\/types\/post"}],"author":[{"embeddable":true,"href":"https:\/\/www.r9competicoes.com.br\/r9\/wp-json\/wp\/v2\/users\/2"}],"replies":[{"embeddable":true,"href":"https:\/\/www.r9competicoes.com.br\/r9\/wp-json\/wp\/v2\/comments?post=3881"}],"version-history":[{"count":0,"href":"https:\/\/www.r9competicoes.com.br\/r9\/wp-json\/wp\/v2\/posts\/3881\/revisions"}],"wp:attachment":[{"href":"https:\/\/www.r9competicoes.com.br\/r9\/wp-json\/wp\/v2\/media?parent=3881"}],"wp:term":[{"taxonomy":"category","embeddable":true,"href":"https:\/\/www.r9competicoes.com.br\/r9\/wp-json\/wp\/v2\/categories?post=3881"},{"taxonomy":"post_tag","embeddable":true,"href":"https:\/\/www.r9competicoes.com.br\/r9\/wp-json\/wp\/v2\/tags?post=3881"}],"curies":[{"name":"wp","href":"https:\/\/api.w.org\/{rel}","templated":true}]}}