{"id":3891,"date":"2016-12-09T17:35:05","date_gmt":"2016-12-09T20:35:05","guid":{"rendered":"https:\/\/www.r9competicoes.com.br\/r9\/?p=3891"},"modified":"2024-08-04T09:28:33","modified_gmt":"2024-08-04T12:28:33","slug":"muffato-busca-podio-e-torce-para-que-nao-chova-em-londrina","status":"publish","type":"post","link":"https:\/\/www.r9competicoes.com.br\/r9\/2016\/12\/muffato-busca-podio-e-torce-para-que-nao-chova-em-londrina\/","title":{"rendered":"Muffato busca p\u00f3dio e torce para que n\u00e3o chova em Londrina"},"content":{"rendered":"<p><a  href=\"https:\/\/www.r9competicoes.com.br\/r9\/wp-content\/uploads\/2016\/12\/122909.webp\" data-rel=\"lightbox-gallery-0\" data-rl_title=\"David Muffato\" data-rl_caption=\"\" title=\"David Muffato\"><img loading=\"lazy\" decoding=\"async\" src=\"https:\/\/www.r9competicoes.com.br\/r9\/wp-content\/uploads\/2016\/12\/122909-450x299.webp\" alt=\"David Muffato\" width=\"450\" height=\"299\" class=\"aligncenter size-medium wp-image-3893\" srcset=\"https:\/\/www.r9competicoes.com.br\/r9\/wp-content\/uploads\/2016\/12\/122909-450x299.webp 450w, https:\/\/www.r9competicoes.com.br\/r9\/wp-content\/uploads\/2016\/12\/122909-600x399.webp 600w, https:\/\/www.r9competicoes.com.br\/r9\/wp-content\/uploads\/2016\/12\/122909-768x511.webp 768w, https:\/\/www.r9competicoes.com.br\/r9\/wp-content\/uploads\/2016\/12\/122909.webp 777w\" sizes=\"auto, (max-width: 450px) 100vw, 450px\" \/><\/a>O quinto lugar no grid foi considerado \u201cmuito bom\u201d por David Muffato ao t\u00e9rmino do treino classificat\u00f3rio que definiu, nesta sexta-feira (9), as posi\u00e7\u00f5es de largada para a d\u00e9cima e \u00faltima etapa do Campeonato Brasileiro de F\u00f3rmula Truck. O piloto paranaense da RM Motors manifestou dificuldades com o caminh\u00e3o MAN no travado tra\u00e7ado do Aut\u00f3dromo Internacional Ayrton Senna, em Londrina, onde ser\u00e1 disputada a corrida deste s\u00e1bado (10).<\/p>\n<p><!--more--><a  href=\"https:\/\/www.r9competicoes.com.br\/r9\/wp-content\/uploads\/2016\/12\/122909a.webp\" data-rel=\"lightbox-gallery-0\" data-rl_title=\"David Muffato\" data-rl_caption=\"\" title=\"David Muffato\"><img loading=\"lazy\" decoding=\"async\" src=\"https:\/\/www.r9competicoes.com.br\/r9\/wp-content\/uploads\/2016\/12\/122909a-450x299.jpg\" alt=\"David Muffato\" width=\"450\" height=\"299\" class=\"aligncenter size-medium wp-image-3894\" \/><\/a><\/p>\n<p>\u201cEra o que dava para fazermos. Vamos tentar melhorar um pouco para amanh\u00e3\u201d, disse Muffato, que n\u00e3o encontrou o equil\u00edbrio ideal do equipamento. \u201cA batida da corrida passada em Guapor\u00e9 quebrou minhas molas dianteiras e n\u00e3o houve tempo para a equipe fazer outras iguais. O resultado disso \u00e9 que o caminh\u00e3o sai muito de frente. Perco muito tempo em rela\u00e7\u00e3o aos demais nos dois trechos de curvas de baixa velocidade\u201d, resumiu o piloto.<\/p>\n<p>Muffato, que tem no MAN n\u00famero 35 as cores de Incorporadora \u00c1gua Clara, Muffat\u00e3o Atacado Distribuidor, Landmark Energy e MAN Latin America, manifesta preocupa\u00e7\u00e3o especial com a possibilidade de chuva durante os 60 minutos de corrida. \u201cSe chover minha meta de alcan\u00e7ar o p\u00f3dio vai ficar muito mais dif\u00edcil de atingir. Mas vamos tentar melhorar alguma coisa no caminh\u00e3o e o objetivo continua sendo esse, o de conseguir um p\u00f3dio\u201d.<\/p>\n<p>O GP Pirelli, d\u00e9cima e \u00faltima etapa da temporada de 2016 do Campeonato Brasileiro de F\u00f3rmula Truck, ter\u00e1 transmiss\u00e3o ao vivo pela Rede Bandeirantes a partir das 16h deste s\u00e1bado, com narra\u00e7\u00e3o de Osires J\u00fanior e reportagem de Luiz Silv\u00e9rio. A gera\u00e7\u00e3o de imagens \u00e9 atribui\u00e7\u00e3o da Master\/CATVE. Os resultados de treinos e corrida s\u00e3o disponibilizados em tempo real pela Cronomap no site cronomap.com.br.<\/p>\n<p>F\u00d3RMULA TRUCK &#8211; 10\u00aa ETAPA &#8211; GRID DE LARGADA<br \/>\n(Resultado do treino classificat\u00f3rio da etapa de Londrina)<br \/>\nTop Qualifying<br \/>\n1\u00ba) Felipe Giaffone (SP\/Volkswagen-MAN), RM Motors, 1min37s116<br \/>\n2\u00ba) Roberval Andrade (SP\/Iveco), Dakarmotors, 1min37s705<br \/>\n3\u00ba) Wellington Cirino (PR\/Mercedes-Benz), ABF\/Mercedes-Benz, 1min37s883<br \/>\n4\u00ba) Diogo Pachenki (PR\/Mercedes-Benz), Copacol Truck Racing, 1min37s883<br \/>\n5\u00ba) David Muffato (PR\/MAN), RM Motors, 1min38s417<br \/>\n6\u00ba) Leandro Totti (PR\/Volvo), Clay Truck Racing, 1min38s432<br \/>\n7\u00ba) Andr\u00e9 Marques (SP\/Volkswagen-MAN), RM Motors, 1min38s450<br \/>\n8\u00ba) Paulo Salustiano (SP\/Mercedes-Benz), ABF\/Mercedes-Benz, 1min38s513<br \/>\nTreino classificat\u00f3rio<br \/>\n9\u00ba) Adalberto Jardim (SP\/Volkswagen-MAN), RM Motors, 1min39s797<br \/>\n10\u00ba) Raijan Mascarello (MT\/Mercedes-Benz), ABF Racing Team, 1min39s822<br \/>\n1\u00ba) R\u00e9gis Boessio (RS\/Volvo), Clay Truck Racing-Boessio Competi\u00e7\u00f5es, 1min39s878<br \/>\n12\u00ba) Joel Mendes J\u00fanior (SC\/Ford), DF Racing Fans, 1min39s970<br \/>\n13\u00ba) Djalma Foga\u00e7a (SP\/Ford), DF Racing Fans, 1min40s067<br \/>\n14\u00ba) Rog\u00e9rio Castro (GO\/Volvo), ABF Motorsport, 1min40s896<br \/>\n15\u00ba) D\u00e9bora Rodrigues (PR\/Volkswagen-MAN), RM Motors, 1min41s230<br \/>\n16\u00ba) Luiz Lopes (SP\/Iveco), Lucar Motorsports, 1min41s484<br \/>\n17\u00ba) Jaidson Zini (PR\/Ford), F\u00e1bio Foga\u00e7a Motorsport, 1min44s736<br \/>\n18\u00ba) Duda Bana (PR\/Ford), F\u00e1bio Foga\u00e7a Motorsport, 1min45s999<br \/>\n19\u00ba) Beto Monteiro (PE\/Iveco), Lucar Motorsports, 1min39s082<br \/>\nM\u00e9dia do 1\u00ba: km\/h<\/p>\n<hr>\n<p><em>Texto: Grelak Comunica\u00e7\u00e3o<br \/>\nFotos: Rodrigo Ruiz<\/em><\/p>\n","protected":false},"excerpt":{"rendered":"<p>O quinto lugar no grid foi considerado \u201cmuito bom\u201d por David Muffato ao t\u00e9rmino do treino classificat\u00f3rio que definiu, nesta sexta-feira (9), as posi\u00e7\u00f5es de [&hellip;]<\/p>\n","protected":false},"author":2,"featured_media":0,"comment_status":"closed","ping_status":"open","sticky":false,"template":"","format":"standard","meta":{"ngg_post_thumbnail":0,"footnotes":""},"categories":[3],"tags":[],"class_list":["post-3891","post","type-post","status-publish","format-standard","hentry","category-noticias"],"_links":{"self":[{"href":"https:\/\/www.r9competicoes.com.br\/r9\/wp-json\/wp\/v2\/posts\/3891","targetHints":{"allow":["GET"]}}],"collection":[{"href":"https:\/\/www.r9competicoes.com.br\/r9\/wp-json\/wp\/v2\/posts"}],"about":[{"href":"https:\/\/www.r9competicoes.com.br\/r9\/wp-json\/wp\/v2\/types\/post"}],"author":[{"embeddable":true,"href":"https:\/\/www.r9competicoes.com.br\/r9\/wp-json\/wp\/v2\/users\/2"}],"replies":[{"embeddable":true,"href":"https:\/\/www.r9competicoes.com.br\/r9\/wp-json\/wp\/v2\/comments?post=3891"}],"version-history":[{"count":2,"href":"https:\/\/www.r9competicoes.com.br\/r9\/wp-json\/wp\/v2\/posts\/3891\/revisions"}],"predecessor-version":[{"id":7047,"href":"https:\/\/www.r9competicoes.com.br\/r9\/wp-json\/wp\/v2\/posts\/3891\/revisions\/7047"}],"wp:attachment":[{"href":"https:\/\/www.r9competicoes.com.br\/r9\/wp-json\/wp\/v2\/media?parent=3891"}],"wp:term":[{"taxonomy":"category","embeddable":true,"href":"https:\/\/www.r9competicoes.com.br\/r9\/wp-json\/wp\/v2\/categories?post=3891"},{"taxonomy":"post_tag","embeddable":true,"href":"https:\/\/www.r9competicoes.com.br\/r9\/wp-json\/wp\/v2\/tags?post=3891"}],"curies":[{"name":"wp","href":"https:\/\/api.w.org\/{rel}","templated":true}]}}