{"id":40,"date":"2010-12-15T13:48:15","date_gmt":"2010-12-15T16:48:15","guid":{"rendered":"https:\/\/www.r9competicoes.com.br\/r9\/?p=40"},"modified":"2024-08-04T09:14:48","modified_gmt":"2024-08-04T12:14:48","slug":"na-principal-premiacao-do-automobilismo-brasileiro-felipe-giaffone-venceu-na-categoria-truck-e-valmir-benavides-ficou-com-o-capacete-de-bronze","status":"publish","type":"post","link":"https:\/\/www.r9competicoes.com.br\/r9\/2010\/12\/na-principal-premiacao-do-automobilismo-brasileiro-felipe-giaffone-venceu-na-categoria-truck-e-valmir-benavides-ficou-com-o-capacete-de-bronze\/","title":{"rendered":"Na principal premia\u00e7\u00e3o do automobilismo brasileiro, Felipe Giaffone venceu na categoria &#8220;Truck&#8221; e Valmir Benavides ficou com o Capacete de Bronze"},"content":{"rendered":"<p><img loading=\"lazy\" decoding=\"async\" class=\"alignleft size-full wp-image-67\" title=\"Felipe Giaffone\" src=\"https:\/\/www.r9competicoes.com.br\/r9\/wp-content\/uploads\/2010\/12\/99718.webp\" alt=\"\" width=\"397\" height=\"255\" \/>O piloto da Volkswagen Felipe Giaffone foi o vencedor do &#8220;Capacete de Ouro&#8221; na categoria Truck, em cerim\u00f4nia realizada na noite de ontem, em S\u00e3o Paulo. O pr\u00eamio \u00e9 oferecido aos melhores pilotos do ano no automobilismo em elei\u00e7\u00e3o realizada por jornalistas e promovida pela revista especializada &#8220;Racing&#8221;. Valmir Benavides, que tamb\u00e9m compete na categoria com um caminh\u00e3o Volkswagen Constellation, ficou em terceiro lugar na premia\u00e7\u00e3o, recebendo o &#8220;Capacete de Bronze&#8221;. Os dois pilotos da Volkswagen destacaram a import\u00e2ncia do pr\u00eamio recebido na noite de ontem. &#8220;\u00c9 muito bom ter o trabalho reconhecido pela imprensa especializada. \u00c9 uma \u00f3tima forma de coroar um ano especial, com o vice-campeonato de pilotos e o t\u00edtulo de marcas da Volkswagen&#8221;, afirmou Giaffone. O piloto tamb\u00e9m levou o Capacete de Ouro em 2007 e em 2009, anos em que foi campe\u00e3o da categoria.<\/p>\n<p><!--more-->&#8220;Este \u00e9 um pr\u00eamio muito valorizado no automobilismo e estar entre os finalistas j\u00e1 \u00e9 um grande m\u00e9rito, mostrando que tivemos um ano entre os primeiros em todas as categorias&#8221;, diz Benavides.<\/p>\n<p>Al\u00e9m da premia\u00e7\u00e3o do Capacete de Ouro, Giaffone ter\u00e1 outro compromisso junto com os principais pilotos do automobilismo brasileiro. A partir desta sexta-feira, estar\u00e1 em Florian\u00f3polis para correr no &#8220;Desafio Internacional das Estrelas&#8221;, organizado pelo piloto da F-1 Felipe Massa e que re\u00fane 25 pilotos de diversas categorias. &#8220;\u00c9 sempre interessante fazer estas corridas de kart de confraterniza\u00e7\u00e3o, como as 500 Milhas da Granja Viana&#8221;, diz Giaffone. &#8220;Mas \u00e9 claro que o clima de brincadeira acaba assim que \u00e9 dada a largada: todos querem vencer uma prova t\u00e3o especial quanto esta&#8221;, completa.<\/p>\n<p>O vencedor ser\u00e1 o piloto que acumular mais pontos nas duas baterias &#8211; uma no s\u00e1bado e a outra, no domingo.<\/p>\n","protected":false},"excerpt":{"rendered":"<p>O piloto da Volkswagen Felipe Giaffone foi o vencedor do &#8220;Capacete de Ouro&#8221; na categoria Truck, em cerim\u00f4nia realizada na noite de ontem, em S\u00e3o [&hellip;]<\/p>\n","protected":false},"author":2,"featured_media":67,"comment_status":"closed","ping_status":"open","sticky":false,"template":"","format":"standard","meta":{"ngg_post_thumbnail":0,"footnotes":""},"categories":[3],"tags":[],"class_list":["post-40","post","type-post","status-publish","format-standard","has-post-thumbnail","hentry","category-noticias"],"_links":{"self":[{"href":"https:\/\/www.r9competicoes.com.br\/r9\/wp-json\/wp\/v2\/posts\/40","targetHints":{"allow":["GET"]}}],"collection":[{"href":"https:\/\/www.r9competicoes.com.br\/r9\/wp-json\/wp\/v2\/posts"}],"about":[{"href":"https:\/\/www.r9competicoes.com.br\/r9\/wp-json\/wp\/v2\/types\/post"}],"author":[{"embeddable":true,"href":"https:\/\/www.r9competicoes.com.br\/r9\/wp-json\/wp\/v2\/users\/2"}],"replies":[{"embeddable":true,"href":"https:\/\/www.r9competicoes.com.br\/r9\/wp-json\/wp\/v2\/comments?post=40"}],"version-history":[{"count":1,"href":"https:\/\/www.r9competicoes.com.br\/r9\/wp-json\/wp\/v2\/posts\/40\/revisions"}],"predecessor-version":[{"id":6414,"href":"https:\/\/www.r9competicoes.com.br\/r9\/wp-json\/wp\/v2\/posts\/40\/revisions\/6414"}],"wp:featuredmedia":[{"embeddable":true,"href":"https:\/\/www.r9competicoes.com.br\/r9\/wp-json\/wp\/v2\/media\/67"}],"wp:attachment":[{"href":"https:\/\/www.r9competicoes.com.br\/r9\/wp-json\/wp\/v2\/media?parent=40"}],"wp:term":[{"taxonomy":"category","embeddable":true,"href":"https:\/\/www.r9competicoes.com.br\/r9\/wp-json\/wp\/v2\/categories?post=40"},{"taxonomy":"post_tag","embeddable":true,"href":"https:\/\/www.r9competicoes.com.br\/r9\/wp-json\/wp\/v2\/tags?post=40"}],"curies":[{"name":"wp","href":"https:\/\/api.w.org\/{rel}","templated":true}]}}