{"id":4053,"date":"2017-06-11T16:50:09","date_gmt":"2017-06-11T19:50:09","guid":{"rendered":"https:\/\/www.r9competicoes.com.br\/r9\/?p=4053"},"modified":"2024-08-04T09:29:12","modified_gmt":"2024-08-04T12:29:12","slug":"giaffone-vence-as-duas-corridas-em-campo-grande-muffato-e-3o-colocado-na-copa-centro-oeste","status":"publish","type":"post","link":"https:\/\/www.r9competicoes.com.br\/r9\/2017\/06\/giaffone-vence-as-duas-corridas-em-campo-grande-muffato-e-3o-colocado-na-copa-centro-oeste\/","title":{"rendered":"Giaffone vence as duas corridas em Campo Grande, Muffato \u00e9 3\u00ba colocado na Copa Centro-Oeste"},"content":{"rendered":"<p><a  href=\"https:\/\/www.r9competicoes.com.br\/r9\/wp-content\/uploads\/2017\/06\/122748.webp\" data-rel=\"lightbox-gallery-0\" data-rl_title=\"Felipe Giaffone\" data-rl_caption=\"\" title=\"Felipe Giaffone\"><img loading=\"lazy\" decoding=\"async\" src=\"https:\/\/www.r9competicoes.com.br\/r9\/wp-content\/uploads\/2017\/06\/122748-450x299.jpg\" alt=\"Felipe Giaffone\" width=\"450\" height=\"299\" class=\"aligncenter size-medium wp-image-4056\" \/><\/a>Em Campo Grande, Felipe Giaffone fez sua estreia na Copa Truck. E chegou com tudo. Foi o mais r\u00e1pido nos tr\u00eas treinos livres, cravou a pole position, venceu as duas corridas e fez a melhor volta em ambas. Somou todos os 51 pontos poss\u00edveis da etapa &#8211; terminou a Copa Centro-Oeste na s\u00e9tima coloca\u00e7\u00e3o da tabela. David Muffato, Renato Martins, D\u00e9bora Rodrigues e Rodrigo Belinati foram 3\u00ba, 5\u00ba, 6\u00aa e 14\u00ba colocados na Copa, respectivamente.<\/p>\n<p><!--more--><a  href=\"https:\/\/www.r9competicoes.com.br\/r9\/wp-content\/uploads\/2017\/06\/122748a.webp\" data-rel=\"lightbox-gallery-0\" data-rl_title=\"Felipe Giaffone\" data-rl_caption=\"\" title=\"Felipe Giaffone\"><img loading=\"lazy\" decoding=\"async\" src=\"https:\/\/www.r9competicoes.com.br\/r9\/wp-content\/uploads\/2017\/06\/122748a-450x299.jpg\" alt=\"Felipe Giaffone\" width=\"450\" height=\"299\" class=\"aligncenter size-medium wp-image-4057\" \/><\/a>&#8220;Eu n\u00e3o me lembro de um final de semana t\u00e3o bom assim na minha carreira. Foi perfeito, ainda mais pela segunda prova&#8221;, disse Giaffone, que com a invers\u00e3o de grid saiu em sexto na corrida final. &#8220;Eu tinha um caminh\u00e3o bom e se tudo corresse normalmente teria equipamento para ganhar a primeira; a segunda eu n\u00e3o esperava vencer. Tivemos uma boa disputa ali eu e o Beto, no finalzinho ele acabou dando uma atravessada, foi quando  consegui ultrapass\u00e1-lo na freada depois da reta oposta. Foi bacana demais&#8221;, concluiu.<\/p>\n<p><iframe loading=\"lazy\" src=\"https:\/\/www.facebook.com\/plugins\/video.php?href=https%3A%2F%2Fwww.facebook.com%2Fcopatruck%2Fvideos%2F306182239806798%2F&#038;show_text=0&#038;width=450&#038;height=316\" width=\"450\" height=\"316\" style=\"border:none;overflow:hidden\" scrolling=\"no\" frameborder=\"0\" allowTransparency=\"true\" allowFullScreen=\"true\"><\/iframe><\/p>\n<p>O paulista da Volkswagen j\u00e1 entra para o rol de favoritos no pr\u00f3ximo torneio da Copa Truck. O mesmo vale &#8211; ainda mais &#8211; para Beto Monteiro. No dia 9 de julho, a Copa Truck vai acelerar no aut\u00f3dromo de Caruaru, em Pernambuco, para definir o campe\u00e3o do Nordeste duas semanas depois em Fortaleza (CE).<\/p>\n<p>Resultado Corrida 1:<br \/>\n1) 4 Felipe Giaffone (VW) &#8211; 14 voltas em 25min34s180<br \/>\n2) 5 Adalberto Jardim (VW) &#8211; a 0s639<br \/>\n3) 35 David Muffato (VW) &#8211; a 1s654<br \/>\n4) 88 Beto Monteiro (IVECO) &#8211; a 17s262<br \/>\n5) 28 Danilo Dirani (SCANIA) &#8211; a 19s535<br \/>\n6) 83 Regis Boessio (VOLVO) &#8211; a 27s541<br \/>\n7) 7 Debora Rodrigues (VW) &#8211; a 28s488<br \/>\n8) 99 Luiz Lopes (IVECO) &#8211; a 36s944<br \/>\n9) 47 Duda Bana (SCANIA) &#8211; a 39s644<br \/>\n10) 9 Renato Martins (VW) &#8211; a 50s065<br \/>\n11) 72 Djalma Foga\u00e7a (FORD) &#8211; a 50s791<br \/>\n12) 25 Jaidson Zini (SCANIA) &#8211; a 1 volta<br \/>\n13) 11 Rodrigo Belinatti (MAN) &#8211; a 1 volta<br \/>\n14) 27 Fabio Foga\u00e7a (FORD) &#8211; a 1 volta<br \/>\n15) 12 Jos\u00e9 Maria Reis (SCANIA) &#8211; a 1 volta<br \/>\n16) 44 Joel Mendes Jr (SCANIA) &#8211; a 2 voltas<br \/>\nN\u00c3O COMPLETARAM:<br \/>\n17) 73 Leandro Totti (VOLVO) &#8211; a 9 voltas<br \/>\n18) 15 Roberval Andrade (IVECO) &#8211; a 10 voltas<br \/>\n19) 77 Andr\u00e9 Marques (MERCEDES-BENZ) &#8211; a 13 voltas<br \/>\n20) 6 Wellington Cirino (MERCEDES-BENZ) &#8211; n\u00e3o largou<br \/>\n21) 33 Pablo Alves (FORD) &#8211; n\u00e3o largou<br \/>\nMELHOR VOLTA: FELIPE GIAFFONE (VW) &#8211; 1min47s620<br \/>\nResultado Oficial<\/p>\n<p>Resultado Corrida 2:<br \/>\n1) 4 Felipe Giaffone (VW) &#8211; 14 voltas em 25min47s218<br \/>\n2) 88 Beto Monteiro (IVECO) &#8211; a 0s279<br \/>\n3) 35 David Muffato (VW) &#8211; a 1s532<br \/>\n4) 83 Regis Boessio (VOLVO) &#8211; a 18s049<br \/>\n5) 47 Duda Bana (SCANIA) &#8211; a 34s819<br \/>\n6) 9 Renato Martins (VW) &#8211; a 36s788<br \/>\n7) 72 Djalma Foga\u00e7a (FORD) &#8211; a 1min14s302<br \/>\n8) 15 Roberval Andrade (IVECO) &#8211; a 1min15s698<br \/>\n9) 12 Jos\u00e9 Maria Reis (SCANIA) &#8211; a 1min42s319<br \/>\n10) 27 Fabio Foga\u00e7a (FORD) &#8211; a 3 voltas<br \/>\n11) 25 Jaidson Zini (SCANIA) &#8211; a 4 voltas<br \/>\nN\u00c3O COMPLETARAM:<br \/>\n12) 28 Danilo Dirani (SCANIA) &#8211; a 6 voltas<br \/>\n13) 7 Debora Rodrigues (VW) &#8211; a 7 voltas<br \/>\n14) 5 Adalberto Jardim (VW) &#8211; a 10 voltas<br \/>\n15) 11 Rodrigo Belinatti (MAN) &#8211; a 11 voltas<br \/>\n16) 44 Joel Mendes Jr (SCANIA) &#8211; a 13 voltas<br \/>\n17) 99 Luiz Lopes (IVECO) &#8211; a 14 voltas<br \/>\n18) 73 Leandro Totti (VOLVO) &#8211; a 14 voltas<br \/>\n19) 77 Andr\u00e9 Marques (MERCEDES-BENZ) &#8211; a 14 voltas<br \/>\n20) 33 Pablo  Alves (FORD) &#8211; a 14 voltas<br \/>\n21) 6 Wellington Cirino (MERCEDES-BENZ) &#8211; n\u00e3o largou<br \/>\nMELHOR VOLTA: FELIPE GIAFFONE (VW) &#8211; 1min48s351<br \/>\nResultado Oficial<\/p>\n<p>CLASSIFICA\u00c7\u00c3O FINAL DA COPA CENTRO-OESTE (Pilotos)<br \/>\n1) Beto Monteiro &#8211; 78 pontos<br \/>\n2) Regis Boessio &#8211; 73<br \/>\n3) David Muffato &#8211; 60<br \/>\n4) Roberval Andrade &#8211; 54<br \/>\n5) Renato Martins &#8211; 54<br \/>\n6) Debora Rodrigues &#8211; 52<br \/>\n7) Felipe Giaffone &#8211; 51<br \/>\n8) Fabio Foga\u00e7a &#8211; 48<br \/>\n9) Jos\u00e9 Maria Reis &#8211; 43<br \/>\n10) Luiz Lopes &#8211; 42<br \/>\n11) Danilo Dirani &#8211; 38<br \/>\n12) Duda Bana &#8211; 38<br \/>\n13) Djalma Foga\u00e7a &#8211; 33<br \/>\n14) Rodrigo Belinatti &#8211; 28<br \/>\n15) Adalberto Jardim &#8211; 23<br \/>\n16) Jaidson Zini &#8211; 19<br \/>\n17) Joel Mendes Jr &#8211; 16<br \/>\n18) Andr\u00e9 Marques, Leandro Totti, Vinicius Palma e Wellington Cirino &#8211; 0<\/p>\n<p>CLASSIFICA\u00c7\u00c3O FINAL DA COPA CENTRO-OESTE (Marcas)<br \/>\n1) VOLKSWAGEN &#8211; 164 pontos<br \/>\n2) IVECO &#8211; 152<br \/>\n3) SCANIA &#8211; 102<br \/>\n4) FORD &#8211; 81<br \/>\n5) VOLVO &#8211; 73<br \/>\n6) MERCEDES-BENZ &#8211; 0<\/p>\n<hr>\n<p><em>Com informa\u00e7\u00f5es de Cleber Bernuci &#8211; imprensa@p1media.com.br<br \/>\ne fotos de Rodrigo Ruiz.<\/em><\/p>\n","protected":false},"excerpt":{"rendered":"<p>Em Campo Grande, Felipe Giaffone fez sua estreia na Copa Truck. E chegou com tudo. Foi o mais r\u00e1pido nos tr\u00eas treinos livres, cravou a [&hellip;]<\/p>\n","protected":false},"author":2,"featured_media":0,"comment_status":"closed","ping_status":"open","sticky":false,"template":"","format":"standard","meta":{"ngg_post_thumbnail":0,"footnotes":""},"categories":[3,6],"tags":[],"class_list":["post-4053","post","type-post","status-publish","format-standard","hentry","category-noticias","category-videos"],"_links":{"self":[{"href":"https:\/\/www.r9competicoes.com.br\/r9\/wp-json\/wp\/v2\/posts\/4053","targetHints":{"allow":["GET"]}}],"collection":[{"href":"https:\/\/www.r9competicoes.com.br\/r9\/wp-json\/wp\/v2\/posts"}],"about":[{"href":"https:\/\/www.r9competicoes.com.br\/r9\/wp-json\/wp\/v2\/types\/post"}],"author":[{"embeddable":true,"href":"https:\/\/www.r9competicoes.com.br\/r9\/wp-json\/wp\/v2\/users\/2"}],"replies":[{"embeddable":true,"href":"https:\/\/www.r9competicoes.com.br\/r9\/wp-json\/wp\/v2\/comments?post=4053"}],"version-history":[{"count":2,"href":"https:\/\/www.r9competicoes.com.br\/r9\/wp-json\/wp\/v2\/posts\/4053\/revisions"}],"predecessor-version":[{"id":7086,"href":"https:\/\/www.r9competicoes.com.br\/r9\/wp-json\/wp\/v2\/posts\/4053\/revisions\/7086"}],"wp:attachment":[{"href":"https:\/\/www.r9competicoes.com.br\/r9\/wp-json\/wp\/v2\/media?parent=4053"}],"wp:term":[{"taxonomy":"category","embeddable":true,"href":"https:\/\/www.r9competicoes.com.br\/r9\/wp-json\/wp\/v2\/categories?post=4053"},{"taxonomy":"post_tag","embeddable":true,"href":"https:\/\/www.r9competicoes.com.br\/r9\/wp-json\/wp\/v2\/tags?post=4053"}],"curies":[{"name":"wp","href":"https:\/\/api.w.org\/{rel}","templated":true}]}}