{"id":4093,"date":"2017-07-05T15:07:47","date_gmt":"2017-07-05T18:07:47","guid":{"rendered":"https:\/\/www.r9competicoes.com.br\/r9\/?p=4093"},"modified":"2017-07-05T15:12:25","modified_gmt":"2017-07-05T18:12:25","slug":"caruaru-abre-a-pista-para-inicio-dos-treinos-da-copa-truck","status":"publish","type":"post","link":"https:\/\/www.r9competicoes.com.br\/r9\/2017\/07\/caruaru-abre-a-pista-para-inicio-dos-treinos-da-copa-truck\/","title":{"rendered":"Caruaru abre a pista para in\u00edcio dos treinos da Copa Truck"},"content":{"rendered":"<p>ngg_shortcode_0_placeholderDuas sess\u00f5es de treinos livres, ambas com dura\u00e7\u00e3o de uma hora, abrem nesta quinta-feira a programa\u00e7\u00e3o da etapa de Caruaru da Copa Truck, primeira rodada dupla da Copa Nordeste. Excepcionalmente, as corridas no Aut\u00f3dromo Internacional Ayrton Senna ser\u00e3o realizadas no s\u00e1bado com expectativa da presen\u00e7a de grande p\u00fablico da Capital do Agreste e regi\u00e3o. Os torcedores pernambucanos poder\u00e3o torcer pelos principais pilotos de caminh\u00f5es do pa\u00eds!<\/p>\n<p><!--more-->ngg_shortcode_1_placeholder<\/p>\n<p>Equipes e pilotos come\u00e7aram a chegar nesta quarta-feira a Caruaru, distante cerca de 135 quil\u00f4metros de Recife. <\/p>\n<p>Ingressos continuam \u00e0 venda em diversos pontos de Caruaru e tamb\u00e9m do Recife e regi\u00e3o metropolitana. Os locais podem ser consultados <a href=\"https:\/\/www.r9competicoes.com.br\/r9\/ingressos\/\" title=\"Ingressos para a Copa Truck Caruaru\">aqui<\/a>. Al\u00e9m da Copa Truck, estar\u00e3o em a\u00e7\u00e3o os carros das categorias Marcas e Pilotos e Superturismo.<\/p>\nngg_shortcode_2_placeholder\n<p>A programa\u00e7\u00e3o \u00e9 esta:<\/p>\n<p>Quinta-feira<br \/>\n09h00\/10h00 \u2013 Marcas e Pilotos e Superturismo (1\u00ba treino livre)<br \/>\n11h00\/12h00 \u2013 Marcas e Pilotos e Superturismo (2\u00ba treino livre)<br \/>\n13h00\/14h00 \u2013 Copa Truck (1\u00ba treino livre)<br \/>\n14h10\/15h10 \u2013 Marcas e Pilotos e Superturismo (3\u00ba treino livre|)<br \/>\n15h20\/16h20 \u2013 Copa Truck (2\u00ba treino livre)<\/p>\n<p>Sexta-feira<br \/>\n09h00\/10h00 &#8211;  Copa Truck (3\u00ba treino livre)<br \/>\n10h30\/11h00 \u2013 Superturismo (treino classificat\u00f3rio)<br \/>\n11h10\/11h40 \u2013 Marcas e Pilotos (treino classificat\u00f3rio)<br \/>\n12h10\/13h40 \u2013 Copa Truck (treino classificat\u00f3rio)<\/p>\n<p>S\u00e1bado<br \/>\n09h20 \u2013 Superturismo (1\u00aa etapa)<br \/>\n11h25 \u2013 Marcas e Pilotos (1\u00aa etapa)<br \/>\n14h08 \u2013 Copa Truck (1\u00aa etapa da Copa Nordeste)<br \/>\n14h46 \u2013 Copa Truck (2\u00aa etapa da Copa Nordeste)<\/p>\n<hr>\n<p><em>Texto: M\u00e1rcio Fonseca (MTb 14.457)<br \/>\nImagens: Rodrigo Ruiz<\/em><\/p>\n","protected":false},"excerpt":{"rendered":"<p>Duas sess\u00f5es de treinos livres, ambas com dura\u00e7\u00e3o de uma hora, abrem nesta quinta-feira a programa\u00e7\u00e3o da etapa de Caruaru da Copa Truck, primeira rodada [&hellip;]<\/p>\n","protected":false},"author":2,"featured_media":0,"comment_status":"closed","ping_status":"open","sticky":false,"template":"","format":"standard","meta":{"ngg_post_thumbnail":0,"footnotes":""},"categories":[3],"tags":[],"class_list":["post-4093","post","type-post","status-publish","format-standard","hentry","category-noticias"],"_links":{"self":[{"href":"https:\/\/www.r9competicoes.com.br\/r9\/wp-json\/wp\/v2\/posts\/4093","targetHints":{"allow":["GET"]}}],"collection":[{"href":"https:\/\/www.r9competicoes.com.br\/r9\/wp-json\/wp\/v2\/posts"}],"about":[{"href":"https:\/\/www.r9competicoes.com.br\/r9\/wp-json\/wp\/v2\/types\/post"}],"author":[{"embeddable":true,"href":"https:\/\/www.r9competicoes.com.br\/r9\/wp-json\/wp\/v2\/users\/2"}],"replies":[{"embeddable":true,"href":"https:\/\/www.r9competicoes.com.br\/r9\/wp-json\/wp\/v2\/comments?post=4093"}],"version-history":[{"count":0,"href":"https:\/\/www.r9competicoes.com.br\/r9\/wp-json\/wp\/v2\/posts\/4093\/revisions"}],"wp:attachment":[{"href":"https:\/\/www.r9competicoes.com.br\/r9\/wp-json\/wp\/v2\/media?parent=4093"}],"wp:term":[{"taxonomy":"category","embeddable":true,"href":"https:\/\/www.r9competicoes.com.br\/r9\/wp-json\/wp\/v2\/categories?post=4093"},{"taxonomy":"post_tag","embeddable":true,"href":"https:\/\/www.r9competicoes.com.br\/r9\/wp-json\/wp\/v2\/tags?post=4093"}],"curies":[{"name":"wp","href":"https:\/\/api.w.org\/{rel}","templated":true}]}}