{"id":43,"date":"2011-02-16T13:52:28","date_gmt":"2011-02-16T16:52:28","guid":{"rendered":"https:\/\/www.r9competicoes.com.br\/r9\/?p=43"},"modified":"2024-08-04T09:14:49","modified_gmt":"2024-08-04T12:14:49","slug":"filho-de-debora-rodrigues-e-destaque-no-festival-de-verao-da-stock-jr-evento-abriu-temporada-2011-da-categoria-no-ecpa","status":"publish","type":"post","link":"https:\/\/www.r9competicoes.com.br\/r9\/2011\/02\/filho-de-debora-rodrigues-e-destaque-no-festival-de-verao-da-stock-jr-evento-abriu-temporada-2011-da-categoria-no-ecpa\/","title":{"rendered":"Filho de D\u00e9bora Rodrigues \u00e9 destaque no Festival de Ver\u00e3o da Stock Jr., evento abriu temporada 2011 da categoria no ECPA"},"content":{"rendered":"<p><img loading=\"lazy\" decoding=\"async\" class=\"alignleft size-full wp-image-73\" title=\"Stock J\u00fanior\" src=\"https:\/\/www.r9competicoes.com.br\/r9\/wp-content\/uploads\/2011\/02\/99716.webp\" alt=\"\" width=\"400\" height=\"251\" \/>O Festival de Ver\u00e3o ECPA Stock Jr. abriu, nesse domingo (13), a temporada 2011 da categoria, no Esporte Clube Piracicabano de Automobilismo. Com 10 pilotos formando o grid, que contou com novos e promissores nomes, a prova foi bastante disputada. Na programa\u00e7\u00e3o, duas sess\u00f5es de treinos e a tomada de tempo para a defini\u00e7\u00e3o da posi\u00e7\u00e3o de largada dos competidores. Na segunda parte da prova come\u00e7ou a escalada do estreante Jo\u00e3o Paulo Rodrigues, largou em sexto lugar, posi\u00e7\u00e3o que mantinha at\u00e9 a relargada, quando partiu para cima e fechou em segundo lugar. \u201cFoi uma corrida incr\u00edvel, acho que fiz tudo certo\u201d, disse satisfeito o garoto, filho da piloto de F\u00f3rmula Truck, D\u00e9bora Rodrigues.<\/p>\n<p><!--more-->Coincidindo com o nome do torneio, o forte calor se fez presente como um t\u00edpico dia de ver\u00e3o. O veterano Beto Cavaleiro cravou a melhor marca nos treinos livres, no per\u00edodo matutino, mas a pole foi mesmo do novato Raphael Raucci, com 1m17s835, nos 2.100 metros de extens\u00e3o do aut\u00f3dromo piracicabano.<\/p>\n<p>Na largada da prova, Raphael Raucci mostrou o que aprendeu nos seis treinos realizados com Dito Giannetti no in\u00edcio deste ano, e disparou na frente, abrindo boa vantagem sobre os concorrentes que disputavam as posi\u00e7\u00f5es intermedi\u00e1rias. O ca\u00e7ula da categoria liderou at\u00e9 metade da prova, mas n\u00e3o fez uma boa relargada e terminou a prova em s\u00e9timo lugar.<\/p>\n<p>Beto Cavaleiro administrou a segunda coloca\u00e7\u00e3o e tamb\u00e9m foi bem at\u00e9 a entrada do safety car para o realinhamento dos carros. Quem aproveitou a deixa foi o paulistano Fabio Viscardi, que largou na quarta posi\u00e7\u00e3o, pulou para a segunda, atr\u00e1s de Beto, e assumiu a ponta, ap\u00f3s uma luta incr\u00edvel pela lideran\u00e7a.<\/p>\n<p>Quem tamb\u00e9m contribuiu para abrilhantar o grid e deixar a prova ainda mais emocionante foi o experiente Rodrigo Navarro, piloto que nessa temporada competir\u00e1 na Copa Caixa de Stock Car V8, pela equipe JF Racing.<\/p>\n<p>ntusiasmado com o evento estava Dito Giannetti, manager da Stock Jr. \u201cNessa temporada, a ideia \u00e9 contar com novos participantes, mesclando pilotos com experi\u00eancia em outras categorias e iniciantes\u201d, afirmou.<\/p>\n<p>s duas pr\u00f3ximas etapas do Festival de Ver\u00e3o ECPA Stock Jr. est\u00e3o marcadas para os dias 27 de fevereiro e 13 de mar\u00e7o.<\/p>\n<p>Confira o resultado da primeira etapa<\/p>\n<p>1\u00ba Fabio Viscardi 22 voltas em 31:48.917 &#8211; melhor volta 1:17.606<\/p>\n<p>2\u00ba Jo\u00e3o Paulo Rodrigues a 18.044 &#8211; melhor volta 1:18.794<\/p>\n<p>3\u00ba Rodrigo Navarro a 19.301 &#8211; melhor volta 1:18.418<\/p>\n<p>4\u00ba Rodrigo Sein a 21.854 &#8211; melhor volta 1:18.507<\/p>\n<p>5\u00ba Beto Cavaleiro a 3 voltas &#8211; melhor volta 1:17.325<\/p>\n<p>6\u00ba Alexandre Rodrigues a 5 voltas &#8211; melhor volta 1:18.722<\/p>\n<p>7\u00ba Raphael Raucci a 9 voltas &#8211; melhor volta 1:17.587<\/p>\n<p>8\u00ba Marconi de Abreu a 10 voltas &#8211; melhor volta 1:19.266<\/p>\n<p>9\u00ba Alexis Vilela a 12 voltas &#8211; melhor volta 1:19.308<\/p>\n<p>10\u00ba Luciano Viscardi a 17 voltas &#8211; melhor volta 1:17.861<\/p>\n<p>Servi\u00e7o<\/p>\n<p>A Stock Jr. \u00e9 promovida e realizada pelo ECPA Racing. Mais informa\u00e7\u00f5es pelo telefone (19) 3438.7901 ou site www.ecpa.com.br<\/p>\n","protected":false},"excerpt":{"rendered":"<p>O Festival de Ver\u00e3o ECPA Stock Jr. abriu, nesse domingo (13), a temporada 2011 da categoria, no Esporte Clube Piracicabano de Automobilismo. Com 10 pilotos [&hellip;]<\/p>\n","protected":false},"author":2,"featured_media":73,"comment_status":"closed","ping_status":"open","sticky":false,"template":"","format":"standard","meta":{"ngg_post_thumbnail":0,"footnotes":""},"categories":[3],"tags":[],"class_list":["post-43","post","type-post","status-publish","format-standard","has-post-thumbnail","hentry","category-noticias"],"_links":{"self":[{"href":"https:\/\/www.r9competicoes.com.br\/r9\/wp-json\/wp\/v2\/posts\/43","targetHints":{"allow":["GET"]}}],"collection":[{"href":"https:\/\/www.r9competicoes.com.br\/r9\/wp-json\/wp\/v2\/posts"}],"about":[{"href":"https:\/\/www.r9competicoes.com.br\/r9\/wp-json\/wp\/v2\/types\/post"}],"author":[{"embeddable":true,"href":"https:\/\/www.r9competicoes.com.br\/r9\/wp-json\/wp\/v2\/users\/2"}],"replies":[{"embeddable":true,"href":"https:\/\/www.r9competicoes.com.br\/r9\/wp-json\/wp\/v2\/comments?post=43"}],"version-history":[{"count":1,"href":"https:\/\/www.r9competicoes.com.br\/r9\/wp-json\/wp\/v2\/posts\/43\/revisions"}],"predecessor-version":[{"id":6416,"href":"https:\/\/www.r9competicoes.com.br\/r9\/wp-json\/wp\/v2\/posts\/43\/revisions\/6416"}],"wp:featuredmedia":[{"embeddable":true,"href":"https:\/\/www.r9competicoes.com.br\/r9\/wp-json\/wp\/v2\/media\/73"}],"wp:attachment":[{"href":"https:\/\/www.r9competicoes.com.br\/r9\/wp-json\/wp\/v2\/media?parent=43"}],"wp:term":[{"taxonomy":"category","embeddable":true,"href":"https:\/\/www.r9competicoes.com.br\/r9\/wp-json\/wp\/v2\/categories?post=43"},{"taxonomy":"post_tag","embeddable":true,"href":"https:\/\/www.r9competicoes.com.br\/r9\/wp-json\/wp\/v2\/tags?post=43"}],"curies":[{"name":"wp","href":"https:\/\/api.w.org\/{rel}","templated":true}]}}