{"id":4473,"date":"2018-05-26T23:12:29","date_gmt":"2018-05-27T02:12:29","guid":{"rendered":"https:\/\/www.r9competicoes.com.br\/r9\/?p=4473"},"modified":"2018-07-13T16:48:14","modified_gmt":"2018-07-13T19:48:14","slug":"cinco-pilotos-da-rm-competicoes-no-top-qualifying-da-copa-truck-sao-paulo","status":"publish","type":"post","link":"https:\/\/www.r9competicoes.com.br\/r9\/2018\/05\/cinco-pilotos-da-rm-competicoes-no-top-qualifying-da-copa-truck-sao-paulo\/","title":{"rendered":"Cinco pilotos da RM Motors no Top Qualifying da Copa Truck S\u00e3o Paulo"},"content":{"rendered":"<p>ngg_shortcode_0_placeholderA RM Motors classificou cinco pilotos para o segundo round do classificat\u00f3rio da etapa da Copa Truck em Interlagos (SP) neste s\u00e1bado. Definido o grid, o estreante Luciano Burti larga na segunda fila, Castro e Ramasauskas na terceira, D\u00e9bora e Renato na quarta. Belinati larga na sexta fila.<\/p>\n<p><!--more-->ngg_shortcode_1_placeholder<\/p>\n<p>A etapa deste domingo da Copa Truck acontece \u00e0s 13h30 deste domingo, com transmiss\u00e3o ao vivo do SporTV 3.<\/p>\n<p>Confira o grid de largada:<\/p>\n<p>1. 6 Wellington Cirino (Mercedes-Benz) \u2013 2:05,917<br \/>\n2. 77 Andr\u00e9 Marques (Mercedes-Benz) \u2013 2:06,044<br \/>\n3. 88 Beto Monteiro (Iveco) \u2013 2:06,388<br \/>\n4. 8 Luciano Burti (Volkswagen) \u2013 2:07,036<br \/>\n5. 30 Rog\u00e9rio Castro (Volkswagen) \u2013 2:07,247<br \/>\n6. 13 Witold Ramasauskas (VW MAN) \u2013 2:07,806<br \/>\n7. 50 D\u00e9bora Rodrigues (Volkswagen) \u2013 2:08,179<br \/>\n8. 9 Renato Martins (VW MAN) \u2013 2:08,191<\/p>\nngg_shortcode_2_placeholder\n<p>9. 99 Luiz Lopes (Iveco) \u2013 2:10.362<br \/>\n10. 27 F\u00e1bio Foga\u00e7a (Ford) \u2013 2:10.744<br \/>\n11. 333 Alex Fabiano GG (Mercedes-Benz) \u2013 2:12.588<br \/>\n12. 11 Rodrigo Belinati (Volkswagen) \u2013 2:15.606<br \/>\n13. 72 Djalma Foga\u00e7a (Ford) \u2013 sem tempo<br \/>\n14. 5 Adalberto Jardim (Ford) \u2013 sem tempo<br \/>\n15. 15 Roberval Andrade (Scania) \u2013 sem tempo<br \/>\n16. 38 Alan Chanoski (Mercedes-Benz) \u2013 sem tempo.<\/p>\nngg_shortcode_3_placeholder\n<p>Confira a programa\u00e7\u00e3o:<br \/>\nDomingo, 27 de maio<\/p>\n<p>08h25 \u2013 08h40: CLA 45 AMG CUP\/C 250 CUP, Warm Up<br \/>\n08h45 \u2013 09h00: Copa Truck<br \/>\n10h36: Mercedes Benz Challenge, Corrida<br \/>\n11h30 \u2013 12h30: Visita\u00e7\u00e3o aos Boxes<br \/>\n12h30 \u2013 12h45: Desfile de Caminh\u00f5es<br \/>\n12h45 \u2013 13h00: Desfile dos Pilotos<br \/>\n13h35: Copa Truck, Corrida 1<br \/>\n14h16: Copa Truck, Corrida 2<\/p>\nngg_shortcode_4_placeholder\nngg_shortcode_5_placeholder\n<hr>\n<p><em>Fotos: Duda Bairros e Vanderley Soares<\/em><\/p>\n","protected":false},"excerpt":{"rendered":"<p>A RM Motors classificou cinco pilotos para o segundo round do classificat\u00f3rio da etapa da Copa Truck em Interlagos (SP) neste s\u00e1bado. Definido o grid, [&hellip;]<\/p>\n","protected":false},"author":2,"featured_media":0,"comment_status":"closed","ping_status":"open","sticky":false,"template":"","format":"standard","meta":{"ngg_post_thumbnail":0,"footnotes":""},"categories":[3],"tags":[],"class_list":["post-4473","post","type-post","status-publish","format-standard","hentry","category-noticias"],"_links":{"self":[{"href":"https:\/\/www.r9competicoes.com.br\/r9\/wp-json\/wp\/v2\/posts\/4473","targetHints":{"allow":["GET"]}}],"collection":[{"href":"https:\/\/www.r9competicoes.com.br\/r9\/wp-json\/wp\/v2\/posts"}],"about":[{"href":"https:\/\/www.r9competicoes.com.br\/r9\/wp-json\/wp\/v2\/types\/post"}],"author":[{"embeddable":true,"href":"https:\/\/www.r9competicoes.com.br\/r9\/wp-json\/wp\/v2\/users\/2"}],"replies":[{"embeddable":true,"href":"https:\/\/www.r9competicoes.com.br\/r9\/wp-json\/wp\/v2\/comments?post=4473"}],"version-history":[{"count":0,"href":"https:\/\/www.r9competicoes.com.br\/r9\/wp-json\/wp\/v2\/posts\/4473\/revisions"}],"wp:attachment":[{"href":"https:\/\/www.r9competicoes.com.br\/r9\/wp-json\/wp\/v2\/media?parent=4473"}],"wp:term":[{"taxonomy":"category","embeddable":true,"href":"https:\/\/www.r9competicoes.com.br\/r9\/wp-json\/wp\/v2\/categories?post=4473"},{"taxonomy":"post_tag","embeddable":true,"href":"https:\/\/www.r9competicoes.com.br\/r9\/wp-json\/wp\/v2\/tags?post=4473"}],"curies":[{"name":"wp","href":"https:\/\/api.w.org\/{rel}","templated":true}]}}