{"id":4475,"date":"2018-05-27T19:12:51","date_gmt":"2018-05-27T22:12:51","guid":{"rendered":"https:\/\/www.r9competicoes.com.br\/r9\/?p=4475"},"modified":"2024-08-04T09:31:31","modified_gmt":"2024-08-04T12:31:31","slug":"burti-conquista-dois-podios-fecha-em-2o-e-cogita-continuar-na-copa-truck","status":"publish","type":"post","link":"https:\/\/www.r9competicoes.com.br\/r9\/2018\/05\/burti-conquista-dois-podios-fecha-em-2o-e-cogita-continuar-na-copa-truck\/","title":{"rendered":"Burti conquista dois p\u00f3dios, fecha em 2\u00ba e cogita continuar na Copa Truck"},"content":{"rendered":"<p><!--more--><iframe loading=\"lazy\" src=\"https:\/\/www.facebook.com\/plugins\/video.php?href=https%3A%2F%2Fwww.facebook.com%2Fcopatruck%2Fvideos%2F432490840509270%2F&#038;show_text=0&#038;width=450&#038;height=315\" width=\"450\" height=\"315\" style=\"border:none;overflow:hidden\" scrolling=\"no\" frameborder=\"0\" allowTransparency=\"true\" allowFullScreen=\"true\"><\/iframe>Luciano Burti teve estreia destacada na Copa Truck, em substitui\u00e7\u00e3o a Felipe Giaffone, hoje em Interlagos (SP). Na 1\u00aa corrida completou em terceiro e na 2\u00aa foi segundo colocado. Mesmo realizando uma prova conservadora no in\u00edcio, conseguiu imprimir um ritmo mais forte no decorrer. Com a possibilidade de classifica\u00e7\u00e3o para a Grande Final, em Curitiba (PR), Burti n\u00e3o descarta continuar na categoria.<\/p>\n<p><a  href=\"https:\/\/www.r9competicoes.com.br\/r9\/wp-content\/uploads\/2018\/05\/122459.webp\" data-rel=\"lightbox-gallery-0\" data-rl_title=\"Renato Martins\" data-rl_caption=\"\" title=\"Renato Martins\"><img loading=\"lazy\" decoding=\"async\" src=\"https:\/\/www.r9competicoes.com.br\/r9\/wp-content\/uploads\/2018\/05\/122459-450x299.webp\" alt=\"Renato Martins\" width=\"450\" height=\"299\" class=\"aligncenter size-medium wp-image-4479\" srcset=\"https:\/\/www.r9competicoes.com.br\/r9\/wp-content\/uploads\/2018\/05\/122459-450x299.webp 450w, https:\/\/www.r9competicoes.com.br\/r9\/wp-content\/uploads\/2018\/05\/122459-600x399.webp 600w, https:\/\/www.r9competicoes.com.br\/r9\/wp-content\/uploads\/2018\/05\/122459-768x511.webp 768w, https:\/\/www.r9competicoes.com.br\/r9\/wp-content\/uploads\/2018\/05\/122459.webp 777w\" sizes=\"auto, (max-width: 450px) 100vw, 450px\" \/><\/a><\/p>\n<p>Renato Martins tamb\u00e9m subiu duas vezes no p\u00f3dio hoje na abertura da Copa Sudeste da competi\u00e7\u00e3o de caminh\u00f5es. Na 1\u00aa corrida fechou em quinto e na 2\u00aa foi quarto. Witold Ramasauskas completou as duas provas em sexto. J\u00e1 Rog\u00e9rio Castro foi nono na 1\u00aa e s\u00e9timo na 2\u00aa. D\u00e9bora Rodrigues que poderia largar na pole na 2\u00aa corrida lamentou o problema no caminh\u00e3o que a impediu:<\/p>\n<p><iframe loading=\"lazy\" src=\"https:\/\/www.facebook.com\/plugins\/video.php?href=https%3A%2F%2Fwww.facebook.com%2Fcopatruck%2Fvideos%2F432491893842498%2F&#038;show_text=0&#038;width=450&#038;height=315\" width=\"450\" height=\"315\" style=\"border:none;overflow:hidden\" scrolling=\"no\" frameborder=\"0\" allowTransparency=\"true\" allowFullScreen=\"true\"><\/iframe><\/p>\n<p>Rodrigo Belinati, em seu retorno a Copa Truck, encerrou S\u00e3o Paulo no Top10. A Volkswagen \/ MAN Latin America lidera a Copa Sudeste nas Marcas. A pr\u00f3xima rodada dupla acontece dia 10 de junho em Curvelo, Minas Gerais. Confira abaixo os resultados completos do fim de semana.<\/p>\n<p><a  href=\"https:\/\/www.r9competicoes.com.br\/r9\/wp-content\/uploads\/2018\/05\/122459b.webp\" data-rel=\"lightbox-gallery-0\" data-rl_title=\"Ramasauskas\" data-rl_caption=\"\" title=\"Ramasauskas\"><img loading=\"lazy\" decoding=\"async\" src=\"https:\/\/www.r9competicoes.com.br\/r9\/wp-content\/uploads\/2018\/05\/122459b-450x299.jpg\" alt=\"Ramasauskas\" width=\"450\" height=\"299\" class=\"aligncenter size-medium wp-image-4481\" \/><\/a><\/p>\n<p>Corrida 1:<br \/>\n1 &#8211; 15 Roberval Andrade (Scania) \u2013 12 voltas em 27min08s345<br \/>\n2 &#8211; 77 Andr\u00e9 Marques (Mercedes-Benz) \u2013 a 2.318<br \/>\n3 &#8211; 8 Luciano Burti (Volkswagen) \u2013 a 19.591<br \/>\n4 &#8211; 27 F\u00e1bio Foga\u00e7a (Ford) \u2013 a 42.683<br \/>\n5 &#8211; 9 Renato Martins (VW MAN) \u2013 a 49.530<br \/>\n6 &#8211; 13 Witold Ramasauskas (VW MAN) \u2013 a 54.382<br \/>\n7 &#8211; 5 Adalberto Jardim (Ford) \u2013 a 1:33.104<br \/>\n8 &#8211; 50 D\u00e9bora Rodrigues (Volkswagen) \u2013 a 1:33.521<br \/>\n9 &#8211; 30 Rog\u00e9rio Castro (Volkswagen) \u2013 a 1:42.080<br \/>\n10 &#8211; 11 Rodrigo Belinati (Volkswagen) \u2013 a 1 volta<br \/>\n11 &#8211; 333 Alex Fabiano GG (Mercedes-Benz) \u2013 a 1 volta.<\/p>\n<p><a  href=\"https:\/\/www.r9competicoes.com.br\/r9\/wp-content\/uploads\/2018\/05\/122459c.webp\" data-rel=\"lightbox-gallery-0\" data-rl_title=\"D\u00e9bora Rodrigues\" data-rl_caption=\"\" title=\"D\u00e9bora Rodrigues\"><img loading=\"lazy\" decoding=\"async\" src=\"https:\/\/www.r9competicoes.com.br\/r9\/wp-content\/uploads\/2018\/05\/122459c-450x299.jpg\" alt=\"D\u00e9bora Rodrigues\" width=\"450\" height=\"299\" class=\"aligncenter size-medium wp-image-4482\" \/><\/a><\/p>\n<p>N\u00e3o completaram 75% da prova:<br \/>\n88 Beto Monteiro (Iveco)<br \/>\n72 Djalma Foga\u00e7a (Ford)<br \/>\n38 Alan Chanoski (Mercedes-Benz)<br \/>\n6 Wellington Cirino (Mercedes-Benz)<br \/>\n28 Danilo Dirani (Scania).<\/p>\n<p><a  href=\"https:\/\/www.r9competicoes.com.br\/r9\/wp-content\/uploads\/2018\/05\/122459d.webp\" data-rel=\"lightbox-gallery-0\" data-rl_title=\"Rog\u00e9rio Castro\" data-rl_caption=\"\" title=\"Rog\u00e9rio Castro\"><img loading=\"lazy\" decoding=\"async\" src=\"https:\/\/www.r9competicoes.com.br\/r9\/wp-content\/uploads\/2018\/05\/122459d-450x299.webp\" alt=\"Rog\u00e9rio Castro\" width=\"450\" height=\"299\" class=\"aligncenter size-medium wp-image-4484\" srcset=\"https:\/\/www.r9competicoes.com.br\/r9\/wp-content\/uploads\/2018\/05\/122459d-450x299.webp 450w, https:\/\/www.r9competicoes.com.br\/r9\/wp-content\/uploads\/2018\/05\/122459d-600x399.webp 600w, https:\/\/www.r9competicoes.com.br\/r9\/wp-content\/uploads\/2018\/05\/122459d-768x511.webp 768w, https:\/\/www.r9competicoes.com.br\/r9\/wp-content\/uploads\/2018\/05\/122459d.webp 777w\" sizes=\"auto, (max-width: 450px) 100vw, 450px\" \/><\/a><\/p>\n<p>Corrida 2:<br \/>\n1 &#8211; 15 Roberval Andrade (Scania) \u2013 10 voltas em 22:36,528<br \/>\n2 &#8211; 8 Luciano Burti (Volkswagen) \u2013 a 1.853<br \/>\n3 &#8211; 77 Andr\u00e9 Marques (Mercedes-Benz) \u2013 a 3.280<br \/>\n4 &#8211; 9 Renato Martins (VW MAN) \u2013 a 20.352<br \/>\n5 &#8211; 27 F\u00e1bio Foga\u00e7a (Ford) \u2013 a 22.783<br \/>\n6 &#8211; 13 Witold Ramasauskas (VW MAN) \u2013 30.474<br \/>\n7 &#8211; 30 Rog\u00e9rio Castro (Volkswagen) \u2013 51.501<br \/>\n8 &#8211; 333 Alex Fabiano GG (Mercedes-Benz) \u2013 1:10.046<br \/>\n9 &#8211; 11 Rodrigo Belinati (Volkswagen) \u2013 1:12.853.<\/p>\n<p><a  href=\"https:\/\/www.r9competicoes.com.br\/r9\/wp-content\/uploads\/2018\/05\/122459e.webp\" data-rel=\"lightbox-gallery-0\" data-rl_title=\"Belinati\" data-rl_caption=\"\" title=\"Belinati\"><img loading=\"lazy\" decoding=\"async\" src=\"https:\/\/www.r9competicoes.com.br\/r9\/wp-content\/uploads\/2018\/05\/122459e-450x299.webp\" alt=\"Belinati\" width=\"450\" height=\"299\" class=\"aligncenter size-medium wp-image-4485\" srcset=\"https:\/\/www.r9competicoes.com.br\/r9\/wp-content\/uploads\/2018\/05\/122459e-450x299.webp 450w, https:\/\/www.r9competicoes.com.br\/r9\/wp-content\/uploads\/2018\/05\/122459e-600x399.webp 600w, https:\/\/www.r9competicoes.com.br\/r9\/wp-content\/uploads\/2018\/05\/122459e-768x511.webp 768w, https:\/\/www.r9competicoes.com.br\/r9\/wp-content\/uploads\/2018\/05\/122459e.webp 777w\" sizes=\"auto, (max-width: 450px) 100vw, 450px\" \/><\/a><\/p>\n<p>N\u00e3o completaram 75% da prova:<br \/>\n38 Alan Chanoski (Mercedes-Benz)<br \/>\n88 Beto Monteiro (Iveco)<br \/>\n72 Djalma Foga\u00e7a (Ford)<br \/>\n38 Alan Chanoski (Mercedes-Benz)<br \/>\n6 Wellington Cirino (Mercedes-Benz)<br \/>\n28 Danilo Dirani (Scania)<\/p>\n<p>Classifica\u00e7\u00e3o da Copa Sudeste:<br \/>\n1 &#8211; Roberval Andrade \u2013 40 pontos<br \/>\n2 &#8211; Andr\u00e9 Marques \u2013 34<br \/>\n3 &#8211; Luciano Burti \u2013 34<br \/>\n4 &#8211; F\u00e1bio Foga\u00e7a \u2013 27<br \/>\n5 &#8211; Renato Martins \u2013 27<br \/>\n6 &#8211; Witold Ramasauskas \u2013 24<br \/>\n7 &#8211; Rog\u00e9rio Castro \u2013 22<br \/>\n8 &#8211; Rodrigo Belinati \u2013 17<br \/>\n9 &#8211; Alex Fabiano GG \u2013 17<br \/>\n10 &#8211; Adalberto Jardim \u2013 12<br \/>\n11 &#8211; D\u00e9bora Rodrigues \u2013 11.<\/p>\n<hr>\n<p><em>Com informa\u00e7\u00f5es de Bruno Vicaria e fotos de Duda Bairros e Vanderley Soares.<\/em><\/p>\n","protected":false},"excerpt":{"rendered":"","protected":false},"author":2,"featured_media":0,"comment_status":"closed","ping_status":"open","sticky":false,"template":"","format":"standard","meta":{"ngg_post_thumbnail":0,"footnotes":""},"categories":[3],"tags":[],"class_list":["post-4475","post","type-post","status-publish","format-standard","hentry","category-noticias"],"_links":{"self":[{"href":"https:\/\/www.r9competicoes.com.br\/r9\/wp-json\/wp\/v2\/posts\/4475","targetHints":{"allow":["GET"]}}],"collection":[{"href":"https:\/\/www.r9competicoes.com.br\/r9\/wp-json\/wp\/v2\/posts"}],"about":[{"href":"https:\/\/www.r9competicoes.com.br\/r9\/wp-json\/wp\/v2\/types\/post"}],"author":[{"embeddable":true,"href":"https:\/\/www.r9competicoes.com.br\/r9\/wp-json\/wp\/v2\/users\/2"}],"replies":[{"embeddable":true,"href":"https:\/\/www.r9competicoes.com.br\/r9\/wp-json\/wp\/v2\/comments?post=4475"}],"version-history":[{"count":5,"href":"https:\/\/www.r9competicoes.com.br\/r9\/wp-json\/wp\/v2\/posts\/4475\/revisions"}],"predecessor-version":[{"id":7221,"href":"https:\/\/www.r9competicoes.com.br\/r9\/wp-json\/wp\/v2\/posts\/4475\/revisions\/7221"}],"wp:attachment":[{"href":"https:\/\/www.r9competicoes.com.br\/r9\/wp-json\/wp\/v2\/media?parent=4475"}],"wp:term":[{"taxonomy":"category","embeddable":true,"href":"https:\/\/www.r9competicoes.com.br\/r9\/wp-json\/wp\/v2\/categories?post=4475"},{"taxonomy":"post_tag","embeddable":true,"href":"https:\/\/www.r9competicoes.com.br\/r9\/wp-json\/wp\/v2\/tags?post=4475"}],"curies":[{"name":"wp","href":"https:\/\/api.w.org\/{rel}","templated":true}]}}