{"id":4558,"date":"2018-09-14T00:02:16","date_gmt":"2018-09-14T03:02:16","guid":{"rendered":"https:\/\/www.r9competicoes.com.br\/r9\/?p=4558"},"modified":"2024-08-04T09:31:58","modified_gmt":"2024-08-04T12:31:58","slug":"buenos-aires-na-argentina-abre-a-copa-mercosul-nos-dias-15-e-16-de-setembro","status":"publish","type":"post","link":"https:\/\/www.r9competicoes.com.br\/r9\/2018\/09\/buenos-aires-na-argentina-abre-a-copa-mercosul-nos-dias-15-e-16-de-setembro\/","title":{"rendered":"Buenos Aires, na Argentina, abre a Copa Mercosul nos dias 14, 15 e 16 de setembro"},"content":{"rendered":"<p><a  href=\"https:\/\/www.r9competicoes.com.br\/r9\/wp-content\/uploads\/2018\/09\/130918_rm_ct_3.webp\" data-rel=\"lightbox-gallery-0\" data-rl_title=\"RM Motors\" data-rl_caption=\"\" title=\"RM Motors\"><img loading=\"lazy\" decoding=\"async\" src=\"https:\/\/www.r9competicoes.com.br\/r9\/wp-content\/uploads\/2018\/09\/130918_rm_ct_3-450x299.webp\" alt=\"RM Motors\" width=\"450\" height=\"299\" class=\"aligncenter size-medium wp-image-4559\" srcset=\"https:\/\/www.r9competicoes.com.br\/r9\/wp-content\/uploads\/2018\/09\/130918_rm_ct_3-450x299.webp 450w, https:\/\/www.r9competicoes.com.br\/r9\/wp-content\/uploads\/2018\/09\/130918_rm_ct_3-600x398.webp 600w, https:\/\/www.r9competicoes.com.br\/r9\/wp-content\/uploads\/2018\/09\/130918_rm_ct_3-768x510.webp 768w, https:\/\/www.r9competicoes.com.br\/r9\/wp-content\/uploads\/2018\/09\/130918_rm_ct_3.webp 777w\" sizes=\"auto, (max-width: 450px) 100vw, 450px\" \/><\/a>\u00danica mulher da categoria, D\u00e9bora Rodrigues n\u00e3o \u00e9 uma desconhecida do lend\u00e1rio Aut\u00f3dromo Jos\u00e9 Y Oscar G\u00e1lvez, que recebeu a F1 nas d\u00e9cadas de 50 a 90. &#8220;Todas as vezes que corri aqui eu fiquei maravilhada com a paix\u00e3o e o carinho do p\u00fablico pelas corridas e, principalmente, pelos caminh\u00f5es. Sei que dessa vez n\u00e3o ser\u00e1 diferente e vamos nos dedicar para proporcionar um grande espet\u00e1culo para todo mundo&#8221;, destaca.<\/p>\n<p><!--more--><a  href=\"https:\/\/www.r9competicoes.com.br\/r9\/wp-content\/uploads\/2018\/09\/130918_rm_ct_4.webp\" data-rel=\"lightbox-gallery-0\" data-rl_title=\"RM Motors\" data-rl_caption=\"\" title=\"RM Motors\"><img loading=\"lazy\" decoding=\"async\" src=\"https:\/\/www.r9competicoes.com.br\/r9\/wp-content\/uploads\/2018\/09\/130918_rm_ct_4-450x299.webp\" alt=\"RM Motors\" width=\"450\" height=\"299\" class=\"aligncenter size-medium wp-image-4560\" srcset=\"https:\/\/www.r9competicoes.com.br\/r9\/wp-content\/uploads\/2018\/09\/130918_rm_ct_4-450x299.webp 450w, https:\/\/www.r9competicoes.com.br\/r9\/wp-content\/uploads\/2018\/09\/130918_rm_ct_4-600x399.webp 600w, https:\/\/www.r9competicoes.com.br\/r9\/wp-content\/uploads\/2018\/09\/130918_rm_ct_4-768x511.webp 768w, https:\/\/www.r9competicoes.com.br\/r9\/wp-content\/uploads\/2018\/09\/130918_rm_ct_4.webp 777w\" sizes=\"auto, (max-width: 450px) 100vw, 450px\" \/><\/a><\/p>\n<p>A Copa Truck come\u00e7a a escrever neste fim de semana um in\u00e9dito e importante cap\u00edtulo em seu segundo ano de hist\u00f3ria: pela primeira vez na hist\u00f3ria das competi\u00e7\u00f5es de caminh\u00f5es do Brasil um campeonato realiza duas provas seguidas fora de casa. Buenos Aires, na Argentina, abre a Copa Mercosul nos dias 15 e 16 de setembro, com Rivera, no Uruguai, nos dias 7 e 8 de outubro, decidindo mais tr\u00eas nomes para a grande final que acontece em dezembro em Curitiba (PR).<\/p>\n<p>Na Capital da Rep\u00fablica Argentina, os Brutos correm como convidados da Top Race, um dos principais campeonatos multimarcas do pa\u00eds, que re\u00fane um dos grids mais estrelados do pa\u00eds, com nomes como Agust\u00edn Canapino, os irm\u00e3os Bebu e Franco Girolami, Matias Rossi e Josito Di Palma, entre outros. A expectativa \u00e9 de casa cheia para a que vem sendo chamada de &#8220;Corrida do Ano&#8221; na Argentina.<\/p>\n<p><a  href=\"https:\/\/www.r9competicoes.com.br\/r9\/wp-content\/uploads\/2018\/09\/130918_rm_ct_1.webp\" data-rel=\"lightbox-gallery-0\" data-rl_title=\"RM Motors\" data-rl_caption=\"\" title=\"RM Motors\"><img loading=\"lazy\" decoding=\"async\" src=\"https:\/\/www.r9competicoes.com.br\/r9\/wp-content\/uploads\/2018\/09\/130918_rm_ct_1-450x299.webp\" alt=\"RM Motors\" width=\"450\" height=\"299\" class=\"aligncenter size-medium wp-image-4561\" srcset=\"https:\/\/www.r9competicoes.com.br\/r9\/wp-content\/uploads\/2018\/09\/130918_rm_ct_1-450x299.webp 450w, https:\/\/www.r9competicoes.com.br\/r9\/wp-content\/uploads\/2018\/09\/130918_rm_ct_1-600x399.webp 600w, https:\/\/www.r9competicoes.com.br\/r9\/wp-content\/uploads\/2018\/09\/130918_rm_ct_1-768x511.webp 768w, https:\/\/www.r9competicoes.com.br\/r9\/wp-content\/uploads\/2018\/09\/130918_rm_ct_1.webp 777w\" sizes=\"auto, (max-width: 450px) 100vw, 450px\" \/><\/a><\/p>\n<p>&#8220;Todo mundo est\u00e1 bastante ansioso para essas duas etapas foras do Brasil. O p\u00fablico de Buenos Aires \u00e9 fan\u00e1tico e a pista \u00e9 muito legal, apesar de n\u00e3o ter pilotado neste tra\u00e7ado. Sei que teremos casa cheia, como das outras vezes que viemos, e ser\u00e1 muito importante para o crescimento da Copa Truck. Esses eventos internacionais trazem um astral diferente&#8221;, conta Felipe Giaffone, atual Campe\u00e3o das Copas, vencedor da Copa Centro Oeste e piloto de renome internacional, com participa\u00e7\u00e3o (e vit\u00f3ria) na F\u00f3rmula Indy.<\/p>\n<p>A programa\u00e7\u00e3o do fim de semana prev\u00ea dois treinos livres na sexta e um no s\u00e1bado antes da tomada de tempos, que ser\u00e1 realizada \u00e0s 17h (hor\u00e1rio de Bras\u00edlia). As duas corridas do domingo ter\u00e3o in\u00edcio \u00e0s 13h19, com transmiss\u00e3o ao vivo do SporTV 3.<\/p>\n<p><a  href=\"https:\/\/www.r9competicoes.com.br\/r9\/wp-content\/uploads\/2018\/09\/130918_rm_ct_2.webp\" data-rel=\"lightbox-gallery-0\" data-rl_title=\"RM Motors\" data-rl_caption=\"\" title=\"RM Motors\"><img loading=\"lazy\" decoding=\"async\" src=\"https:\/\/www.r9competicoes.com.br\/r9\/wp-content\/uploads\/2018\/09\/130918_rm_ct_2-450x299.webp\" alt=\"RM Motors\" width=\"450\" height=\"299\" class=\"aligncenter size-medium wp-image-4562\" srcset=\"https:\/\/www.r9competicoes.com.br\/r9\/wp-content\/uploads\/2018\/09\/130918_rm_ct_2-450x299.webp 450w, https:\/\/www.r9competicoes.com.br\/r9\/wp-content\/uploads\/2018\/09\/130918_rm_ct_2-600x398.webp 600w, https:\/\/www.r9competicoes.com.br\/r9\/wp-content\/uploads\/2018\/09\/130918_rm_ct_2-768x510.webp 768w, https:\/\/www.r9competicoes.com.br\/r9\/wp-content\/uploads\/2018\/09\/130918_rm_ct_2.webp 777w\" sizes=\"auto, (max-width: 450px) 100vw, 450px\" \/><\/a><\/p>\n<p>Confira abaixo a lista de inscritos e a programa\u00e7\u00e3o completa do fim de semana:<\/p>\n<p>Pilotos<br \/>\n#4 &#8211; Felipe Giaffone (Volkswagen)<br \/>\n#7 &#8211; D\u00e9bora Rodrigues (Volkswagen)<br \/>\n#11 &#8211; Rodrigo Belinati (Volkswagen)<br \/>\n#30 &#8211; Rogerio Castro (Volkswagen)<br \/>\n#13 &#8211; Witold Ramasauskas (MAN)<br \/>\n#9 &#8211; Renato Martins (MAN)<br \/>\n#90 &#8211; Giuliano Losacco (Iveco)<br \/>\n#88 &#8211; Beto Monteiro (Iveco)<br \/>\n#99 &#8211; Luiz Lopes (Iveco)<br \/>\n#15 &#8211; Roberval Andrade (Scania)<br \/>\n#5 &#8211; Adalberto Jardim (Ford)<br \/>\n#27 &#8211; F\u00e1bio Foga\u00e7a (Ford)<br \/>\n#83 &#8211; Regis Boessio (Volvo)<br \/>\n#47 &#8211; Duda Bana (Volvo)<br \/>\n#6 &#8211; Wellington Cirino (Mercedes)<br \/>\n#77 &#8211; Andr\u00e9 Marques (Mercedes)<br \/>\n#28 &#8211; Danilo Dirani (Mercedes)<br \/>\n#29 &#8211; Pedro Paulo (Mercedes)<br \/>\nA definir &#8211; (Mercedes)<\/p>\n<p>Hor\u00e1rios<br \/>\nSexta-feira, 14 de setembro<br \/>\n11h30 \u2013 12h10: Treino Livre 1<br \/>\n13h50 \u2013 14h30: Treino Livre 2<\/p>\n<p>S\u00e1bado, 15 de setembro<br \/>\n13h20 \u2013 14h20: Treino Livre 3<br \/>\n17h00 \u2013 18h00: Classifica\u00e7\u00e3o<\/p>\n<p>Domingo, 16 de setembro<br \/>\n9h30 \u2013 9h45: Warm Up<br \/>\n10h50 \u2013 11h20: Desafio dos Brutos e Desfile dos Pilotos<br \/>\n13h19: Largada da corrida 1<br \/>\n13h55: Largada da corrida 2.<\/p>\n<hr>\n<p><em>Texto:<br \/>\nBruno Vicaria (MTb 45.934)<br \/>\nimprensa@copatruck.com.br <\/em><\/p>\n","protected":false},"excerpt":{"rendered":"<p>\u00danica mulher da categoria, D\u00e9bora Rodrigues n\u00e3o \u00e9 uma desconhecida do lend\u00e1rio Aut\u00f3dromo Jos\u00e9 Y Oscar G\u00e1lvez, que recebeu a F1 nas d\u00e9cadas de 50 [&hellip;]<\/p>\n","protected":false},"author":2,"featured_media":0,"comment_status":"closed","ping_status":"open","sticky":false,"template":"","format":"standard","meta":{"ngg_post_thumbnail":0,"footnotes":""},"categories":[3],"tags":[],"class_list":["post-4558","post","type-post","status-publish","format-standard","hentry","category-noticias"],"_links":{"self":[{"href":"https:\/\/www.r9competicoes.com.br\/r9\/wp-json\/wp\/v2\/posts\/4558","targetHints":{"allow":["GET"]}}],"collection":[{"href":"https:\/\/www.r9competicoes.com.br\/r9\/wp-json\/wp\/v2\/posts"}],"about":[{"href":"https:\/\/www.r9competicoes.com.br\/r9\/wp-json\/wp\/v2\/types\/post"}],"author":[{"embeddable":true,"href":"https:\/\/www.r9competicoes.com.br\/r9\/wp-json\/wp\/v2\/users\/2"}],"replies":[{"embeddable":true,"href":"https:\/\/www.r9competicoes.com.br\/r9\/wp-json\/wp\/v2\/comments?post=4558"}],"version-history":[{"count":4,"href":"https:\/\/www.r9competicoes.com.br\/r9\/wp-json\/wp\/v2\/posts\/4558\/revisions"}],"predecessor-version":[{"id":7244,"href":"https:\/\/www.r9competicoes.com.br\/r9\/wp-json\/wp\/v2\/posts\/4558\/revisions\/7244"}],"wp:attachment":[{"href":"https:\/\/www.r9competicoes.com.br\/r9\/wp-json\/wp\/v2\/media?parent=4558"}],"wp:term":[{"taxonomy":"category","embeddable":true,"href":"https:\/\/www.r9competicoes.com.br\/r9\/wp-json\/wp\/v2\/categories?post=4558"},{"taxonomy":"post_tag","embeddable":true,"href":"https:\/\/www.r9competicoes.com.br\/r9\/wp-json\/wp\/v2\/tags?post=4558"}],"curies":[{"name":"wp","href":"https:\/\/api.w.org\/{rel}","templated":true}]}}