{"id":4620,"date":"2018-10-07T18:41:44","date_gmt":"2018-10-07T21:41:44","guid":{"rendered":"https:\/\/www.r9competicoes.com.br\/r9\/?p=4620"},"modified":"2024-08-04T09:32:27","modified_gmt":"2024-08-04T12:32:27","slug":"giaffone-e-bicampeao-2018-renato-martins-vence-em-rivera","status":"publish","type":"post","link":"https:\/\/www.r9competicoes.com.br\/r9\/2018\/10\/giaffone-e-bicampeao-2018-renato-martins-vence-em-rivera\/","title":{"rendered":"Giaffone \u00e9 bicampe\u00e3o 2018, Renato Martins vence em Rivera"},"content":{"rendered":"<p><iframe loading=\"lazy\" src=\"https:\/\/www.facebook.com\/plugins\/post.php?href=https%3A%2F%2Fwww.facebook.com%2Fr9competicoessports%2Fposts%2F742032966130243&#038;width=450&#038;height=520\" width=\"450\" height=\"520\" style=\"border:none;overflow:hidden\" scrolling=\"no\" frameborder=\"0\" allowTransparency=\"true\" allow=\"encrypted-media\"><\/iframe><\/p>\n<p><!--more--><strong>Felipe Giaffone<\/strong> fez a festa diante de 28 mil pessoas que abarrotaram as depend\u00eancias do Aut\u00f3dromo Eduardo P. Cabrera, em Rivera (Uruguai) ao conquistar a Copa Mercosul ap\u00f3s duas corridas eletrizantes que foram vencidas por Roberval Andrade e <strong>Renato Martins<\/strong>, nesta ordem. Com o t\u00edtulo, Giaffone assumiu a lideran\u00e7a do ranking da Grande Final, com dois pontos de vantagem para Cirino.<\/p>\n<p><a  href=\"https:\/\/www.r9competicoes.com.br\/r9\/wp-content\/uploads\/2018\/10\/347872_831484_44254624765_vanderleysoares.webp\" data-rel=\"lightbox-gallery-0\" data-rl_title=\"RM Motors\" data-rl_caption=\"\" title=\"RM Motors\"><img loading=\"lazy\" decoding=\"async\" src=\"https:\/\/www.r9competicoes.com.br\/r9\/wp-content\/uploads\/2018\/10\/347872_831484_44254624765_vanderleysoares-450x300.webp\" alt=\"RM Motors\" width=\"450\" height=\"300\" class=\"aligncenter size-medium wp-image-4626\" srcset=\"https:\/\/www.r9competicoes.com.br\/r9\/wp-content\/uploads\/2018\/10\/347872_831484_44254624765_vanderleysoares-450x300.webp 450w, https:\/\/www.r9competicoes.com.br\/r9\/wp-content\/uploads\/2018\/10\/347872_831484_44254624765_vanderleysoares-600x400.webp 600w, https:\/\/www.r9competicoes.com.br\/r9\/wp-content\/uploads\/2018\/10\/347872_831484_44254624765_vanderleysoares-768x512.webp 768w, https:\/\/www.r9competicoes.com.br\/r9\/wp-content\/uploads\/2018\/10\/347872_831484_44254624765_vanderleysoares.webp 777w\" sizes=\"auto, (max-width: 450px) 100vw, 450px\" \/><\/a><\/p>\n<p>A festa no aut\u00f3dromo contou tamb\u00e9m com corridas do Mercedes-Benz Challenge, apresenta\u00e7\u00f5es de dragsters americanos que levantaram o p\u00fablico, Desafio dos Brutos entre Roberval e <strong>Djalma Foga\u00e7a<\/strong> e o Desfile dos Pilotos, que fizeram quest\u00e3o de saudarem todos os grupos de f\u00e3s que lotaram o paddock, os camarotes, a Arena Na\u00e7\u00e3o Truck (onde muitos acamparam durante o fim de semana) e as arquibancadas \u2013 chegando a formar uma fila de quase 2km no acesso ao aut\u00f3dromo.<\/p>\n<p>Na pista, Giaffone correu com um olho em Cirino e Roberval e outro na tabela de pontua\u00e7\u00e3o. Tanto que, ao ver que teria desgaste na briga pela lideran\u00e7a com Roberval Andrade, deixou o rival passar e ficou apenas monitorando tanto ele quanto Cirino, que largou muito mal e chegou a corrida 1 apenas em quarto lugar, permitindo a Felipe colocar uma m\u00e3o e meia na ta\u00e7a antes mesmo da segunda largada.<\/p>\n<p>J\u00e1 a corrida complementar ficou por conta dos coadjuvantes da decis\u00e3o: <strong>Djalma Foga\u00e7a, Renato Martins<\/strong> e R\u00e9gis Bo\u00e9ssio, que n\u00e3o tinham chance de t\u00edtulo, aproveitaram ao m\u00e1ximo a chance que tiveram de largar na frente por conta do grid invertido (onde os oito primeiros da prova 1 trocam de posi\u00e7\u00f5es) e proporcionaram aos uruguaios a melhor corrida do fim de semana.<\/p>\n<p><strong>Djalma \u2013 que foi confirmado em cima da hora \u2013 segurou Renato como p\u00f4de at\u00e9 se cansar e errar em uma das curvas, permitindo a passagem dos rivais. De olho na chance, Martins, que \u00e9 um dos grandes nomes da hist\u00f3ria das corridas de caminh\u00f5es no Brasil, aproveitou o m\u00e1ximo poss\u00edvel a possibilidade de vencer pela primeira vez na Copa Truck. Em segundo, Boessio tamb\u00e9m obteve seu melhor resultado na categoria, enquanto Roberval, Felipe e Foga\u00e7a completaram o p\u00f3dio.<\/strong><\/p>\n<p><strong>\u201cEu corri olhando a Copa e deu certo. Queria agradecer a Volkswagen por ter mandado engenheiros, mas a coisa est\u00e1 ficando competitiva. O Roberval na prova 1 era mais r\u00e1pido, eu n\u00e3o estava segurando; o Cirino vinha forte atr\u00e1s e trocou de posi\u00e7\u00e3o com o Andr\u00e9 e a segunda prova foi uma guerra, com todo mundo trocando tinta numa boa. Agora em Curvelo n\u00e3o tenho chances de campeonato na Copa Sudeste e vou para ganhar as corridas\u201d, comenta o campe\u00e3o Giaffone, que ficou de fora da primeira etapa da Sudeste e, com isso, n\u00e3o tem mais chances de t\u00edtulo.<\/strong><\/p>\n<p><strong>Sentindo novamente o gostinho da vit\u00f3ria, Renato Martins levou seu filho Renatinho \u00e0s l\u00e1grimas, j\u00e1 que foi a primeira vez que o garoto p\u00f4de saborear de verdade uma vit\u00f3ria do pai. \u201cTava com saudade, o duro \u00e9 se acostumar. Acho que vou melhorar o caminh\u00e3o do Foga\u00e7a e o meu, s\u00f3\u201d, conta, brincando. \u201cO Foga\u00e7a estava em um ritmo bom e o Regis tamb\u00e9m. Os Mercedes eram mais fortes, mas essa \u00e9 uma pista dif\u00edcil de passar e usei isso a meu favor\u201d, resume.<\/strong><\/p>\n<p><strong>Outro que estava feliz da vida era Djalma Foga\u00e7a, que foi convidado para correr em cima da hora e saiu do Uruguai com o primeiro trof\u00e9u dele no ano. \u201cN\u00e3o era nem para eu estar aqui. Usei tudo emprestado e n\u00e3o estava preparado, fui chamado em cima da hora e saio feliz daqui, pois corri sem prepara\u00e7\u00e3o f\u00edsica, ca\u00ed de paraquedas, mas conseguimos encontrar o caminho do caminh\u00e3o e isso me deixou bem contente.\u201d<\/strong><\/p>\n<p><strong>A pr\u00f3xima etapa da temporada 2018 acontece dia 28 de outubro em Curvelo (MG), que decide a Copa Sudeste e define os \u00faltimos tr\u00eas nomes para a Grande Final, marcada para 2 de dezembro em Curitiba.<\/strong><\/p>\n<p>Corrida 1<br \/>\n1. Roberval Andrade (Scania), 15 voltas em 25min05s216<br \/>\n<strong>2. Felipe Giaffone (Volkswagen), a 11s202<\/strong><br \/>\n3. Andr\u00e9 Marques (Mercedes-Benz), a 22s251<br \/>\n4. Wellington Cirino (Mercedes-Benz), as 23s665<br \/>\n5. Regis Boessio (Volvo), a 29s649<br \/>\n6. Pedro Paulo Fernandes (Mercedes-Benz), a 47s613<br \/>\n<strong>7. Djalma Foga\u00e7a (MAN), a 48s530<br \/>\n8. Renato Martins (Volkswagen), a 49s248<\/strong><br \/>\n9. Fabio Foga\u00e7a (Ford), a 50s415<br \/>\n<strong>10. Witold Ramasauskas (MAN), a 51s588<\/strong><br \/>\n11. Adalberto Jardim (Ford), a 54s350<br \/>\n12. Duda Bana (Volvo), a 54s903<br \/>\n13. Luiz Lopes (Volvo), a 1min04s453<br \/>\n14. Giuliano Losacco (Iveco), a 3 voltas<br \/>\n<strong>15. Debora Rodrigues (Volkswagen), a 3 voltas.<\/strong><\/p>\n<p>N\u00e3o completaram:<br \/>\nRodrigo Belinati (Volkswagen) a 6 voltas<br \/>\nBeto Monteiro (Iveco), a 8 voltas<br \/>\nLeandro Totti (Mercedes-Benz), n\u00e3o largou<\/p>\n<p>Melhor volta: Roberval Andrade (Scania), 1min34s751<\/p>\n<p>Corrida 2<br \/>\n<strong>1. Renato Martins (Volkswagen), 15 voltas em 25min21s983<\/strong><br \/>\n2. Regis Boessio (Volvo), a 2s840<br \/>\n3. Roberval Andrade (Scania), a 3s009<br \/>\n<strong>4. Felipe Giaffone (Volkswagen), a 7s998<\/strong><br \/>\n<strong>5. Djalma Foga\u00e7a (MAN), a 9s707<\/strong><br \/>\n6. Wellington Cirino (Mercedes-Benz), a 10s194<br \/>\n7. Pedro Paulo Fernandes (Mercedes-Benz), a 16s942<br \/>\n8. Adalberto Jardim (Ford), a 33s525<br \/>\n9. Luiz Lopes (Iveco), a 35s890<\/p>\n<p>N\u00e3o completaram:<br \/>\nAndr\u00e9 Marques (Mercedes-Benz), a 9 voltas<br \/>\nDuda Bana (Volvo), a 14 voltas<br \/>\nF\u00e1bio Foga\u00e7a (Ford), a 15 voltas<br \/>\nWitold Ramasauskas (MAN), a 15 voltas<br \/>\nGiuliano Losacco (Iveco), a 15 voltas<br \/>\nDebora Rodrigues (Volkswagen), a 15 voltas<br \/>\nRodrigo Belinati (Volkswagen), a 15 voltas<br \/>\nBeto Monteiro (Iveco), a 15 voltas<br \/>\nLeandro Totti (Mercedes-Benz), n\u00e3o largou<\/p>\n<p>Classifica\u00e7\u00e3o final da Copa Mercosul<br \/>\n<strong>1. Felipe Giaffone, 72 pontos<\/strong><br \/>\n2. Wellington Cirino, 57<br \/>\n3. Roberval Andrade, 54<br \/>\n<strong>4. Renato Martins, 46<\/strong><br \/>\n5. Andr\u00e9 Marques, 45<br \/>\n6. Regis Boessio, 41<br \/>\n7. Pedro Paulo Fernandes, 33<br \/>\n8. Beto Monteiro, 30<br \/>\n9. Adalberto Jardim, 29<br \/>\n10. Danilo Dirani, 27<br \/>\n<strong>11. Witold Ramasauskas, 26<\/strong><br \/>\n12. Leandro Totti, 26<br \/>\n13. Luiz Lopes, 26<br \/>\n<strong>14. Djalma Foga\u00e7a, 24<\/strong><br \/>\n15. Giuliano Losacco, 22<br \/>\n16. Fabio Foga\u00e7a, 15<br \/>\n17. Duda Bana, 15<br \/>\n<strong>18. Debora Rodrigues, 8<br \/>\n19. Rodrigo Belinati, 5<br \/>\n20. Rogerio Castro, 2<\/strong><\/p>\n<p>Ranking de pontos da Grande Final<br \/>\n<strong>Felipe Giaffone, 24 pontos<\/strong><br \/>\nWellington Cirino, 22<br \/>\nAndr\u00e9 Marques, 16<br \/>\nRoberval Andrade, 18<br \/>\nGiuliano Losacco, 10.<\/p>\n<hr>\n<p><em>Texto: Gabriel Gavinelli<br \/>\nMat\u00e9ria completa: <a href=\"https:\/\/f1mania.lance.com.br\/outros\/r9\/felipe-giaffone-e-campeao-da-copa-truck-diante-de-28-mil-pessoas-no-uruguai\/\" rel=\"noopener\" target=\"_blank\">https:\/\/f1mania.lance.com.br\/outros\/r9\/felipe-giaffone-e-campeao-da-copa-truck-diante-de-28-mil-pessoas-no-uruguai\/<\/a><\/em><\/p>\n","protected":false},"excerpt":{"rendered":"","protected":false},"author":2,"featured_media":0,"comment_status":"closed","ping_status":"open","sticky":false,"template":"","format":"standard","meta":{"ngg_post_thumbnail":0,"footnotes":""},"categories":[3],"tags":[],"class_list":["post-4620","post","type-post","status-publish","format-standard","hentry","category-noticias"],"_links":{"self":[{"href":"https:\/\/www.r9competicoes.com.br\/r9\/wp-json\/wp\/v2\/posts\/4620","targetHints":{"allow":["GET"]}}],"collection":[{"href":"https:\/\/www.r9competicoes.com.br\/r9\/wp-json\/wp\/v2\/posts"}],"about":[{"href":"https:\/\/www.r9competicoes.com.br\/r9\/wp-json\/wp\/v2\/types\/post"}],"author":[{"embeddable":true,"href":"https:\/\/www.r9competicoes.com.br\/r9\/wp-json\/wp\/v2\/users\/2"}],"replies":[{"embeddable":true,"href":"https:\/\/www.r9competicoes.com.br\/r9\/wp-json\/wp\/v2\/comments?post=4620"}],"version-history":[{"count":1,"href":"https:\/\/www.r9competicoes.com.br\/r9\/wp-json\/wp\/v2\/posts\/4620\/revisions"}],"predecessor-version":[{"id":7268,"href":"https:\/\/www.r9competicoes.com.br\/r9\/wp-json\/wp\/v2\/posts\/4620\/revisions\/7268"}],"wp:attachment":[{"href":"https:\/\/www.r9competicoes.com.br\/r9\/wp-json\/wp\/v2\/media?parent=4620"}],"wp:term":[{"taxonomy":"category","embeddable":true,"href":"https:\/\/www.r9competicoes.com.br\/r9\/wp-json\/wp\/v2\/categories?post=4620"},{"taxonomy":"post_tag","embeddable":true,"href":"https:\/\/www.r9competicoes.com.br\/r9\/wp-json\/wp\/v2\/tags?post=4620"}],"curies":[{"name":"wp","href":"https:\/\/api.w.org\/{rel}","templated":true}]}}