{"id":4792,"date":"2019-04-12T22:48:21","date_gmt":"2019-04-13T01:48:21","guid":{"rendered":"https:\/\/www.r9competicoes.com.br\/r9\/?p=4792"},"modified":"2024-08-04T09:33:20","modified_gmt":"2024-08-04T12:33:20","slug":"beto-monteiro-fechou-na-frente-a-sexta-feira-de-treinos-livres-em-campo-grande","status":"publish","type":"post","link":"https:\/\/www.r9competicoes.com.br\/r9\/2019\/04\/beto-monteiro-fechou-na-frente-a-sexta-feira-de-treinos-livres-em-campo-grande\/","title":{"rendered":"Beto Monteiro fechou na frente a sexta-feira de treinos livres em Campo Grande"},"content":{"rendered":"<p><a  href=\"https:\/\/www.r9competicoes.com.br\/r9\/wp-content\/uploads\/2019\/04\/358749_872635__VS.webp\" data-rel=\"lightbox-gallery-0\" data-rl_title=\"RM Motors Sports\" data-rl_caption=\"\" title=\"RM Motors Sports\"><img loading=\"lazy\" decoding=\"async\" src=\"https:\/\/www.r9competicoes.com.br\/r9\/wp-content\/uploads\/2019\/04\/358749_872635__VS-450x300.webp\" alt=\"RM Motors Sports\" width=\"450\" height=\"300\" class=\"aligncenter size-medium wp-image-4794\" srcset=\"https:\/\/www.r9competicoes.com.br\/r9\/wp-content\/uploads\/2019\/04\/358749_872635__VS-450x300.webp 450w, https:\/\/www.r9competicoes.com.br\/r9\/wp-content\/uploads\/2019\/04\/358749_872635__VS-600x400.webp 600w, https:\/\/www.r9competicoes.com.br\/r9\/wp-content\/uploads\/2019\/04\/358749_872635__VS-768x512.webp 768w, https:\/\/www.r9competicoes.com.br\/r9\/wp-content\/uploads\/2019\/04\/358749_872635__VS.webp 777w\" sizes=\"auto, (max-width: 450px) 100vw, 450px\" \/><\/a>O atual l\u00edder da Primeira Copa registrou o tempo de refer\u00eancia at\u00e9 o momento de 1min48s354. &#8220;Estou muito feliz com esse resultado, pois, como venci a primeira etapa, corro aqui com um limitador de pot\u00eancia e mesmo assim rodamos bem. S\u00f3 acredito que o Salustiano deve vir muito forte&#8221;, comentou Beto, referindo-se ao companheiro Paulo Salustiano, que liderou a prova em Goi\u00e2nia e liderava o treino da manh\u00e3 at\u00e9 ter o mesmo problema que o tirou da briga pela vit\u00f3ria na etapa passada &#8211; com isso, ele passou a tarde sem entrar na pista.<\/p>\n<p><!--more--><a  href=\"https:\/\/www.r9competicoes.com.br\/r9\/wp-content\/uploads\/2019\/04\/47542444362_177befa8e5_DB.webp\" data-rel=\"lightbox-gallery-0\" data-rl_title=\"RM Motors Sports\" data-rl_caption=\"\" title=\"RM Motors Sports\"><img loading=\"lazy\" decoding=\"async\" src=\"https:\/\/www.r9competicoes.com.br\/r9\/wp-content\/uploads\/2019\/04\/47542444362_177befa8e5_DB-450x300.webp\" alt=\"RM Motors Sports\" width=\"450\" height=\"300\" class=\"aligncenter size-medium wp-image-4795\" srcset=\"https:\/\/www.r9competicoes.com.br\/r9\/wp-content\/uploads\/2019\/04\/47542444362_177befa8e5_DB-450x300.webp 450w, https:\/\/www.r9competicoes.com.br\/r9\/wp-content\/uploads\/2019\/04\/47542444362_177befa8e5_DB-600x400.webp 600w, https:\/\/www.r9competicoes.com.br\/r9\/wp-content\/uploads\/2019\/04\/47542444362_177befa8e5_DB-768x512.webp 768w, https:\/\/www.r9competicoes.com.br\/r9\/wp-content\/uploads\/2019\/04\/47542444362_177befa8e5_DB.webp 777w\" sizes=\"auto, (max-width: 450px) 100vw, 450px\" \/><\/a><\/p>\n<p>Neste s\u00e1bado, a Copa Truck retoma os treinos a partir das 09h50 (de Bras\u00edlia) com o terceiro treino livre, enquanto a tomada de tempos acontece \u00e0s 13h50, com transmiss\u00e3o ao vivo e exclusiva do Facebook oficial da categoria.<\/p>\n<p><a  href=\"https:\/\/www.r9competicoes.com.br\/r9\/wp-content\/uploads\/2019\/04\/32653026767_a29beba623_DB.webp\" data-rel=\"lightbox-gallery-0\" data-rl_title=\"RM Motors Sports\" data-rl_caption=\"\" title=\"RM Motors Sports\"><img loading=\"lazy\" decoding=\"async\" src=\"https:\/\/www.r9competicoes.com.br\/r9\/wp-content\/uploads\/2019\/04\/32653026767_a29beba623_DB-450x300.webp\" alt=\"RM Motors Sports\" width=\"450\" height=\"300\" class=\"aligncenter size-medium wp-image-4796\" srcset=\"https:\/\/www.r9competicoes.com.br\/r9\/wp-content\/uploads\/2019\/04\/32653026767_a29beba623_DB-450x300.webp 450w, https:\/\/www.r9competicoes.com.br\/r9\/wp-content\/uploads\/2019\/04\/32653026767_a29beba623_DB-600x400.webp 600w, https:\/\/www.r9competicoes.com.br\/r9\/wp-content\/uploads\/2019\/04\/32653026767_a29beba623_DB-768x512.webp 768w, https:\/\/www.r9competicoes.com.br\/r9\/wp-content\/uploads\/2019\/04\/32653026767_a29beba623_DB.webp 777w\" sizes=\"auto, (max-width: 450px) 100vw, 450px\" \/><\/a><\/p>\n<p>Resultados desta sexta-feira em Campo Grande:<\/p>\n<p>Treino livre 2<\/p>\n<p>1. Beto Monteiro (Volkswagen), 1min48s354<br \/>\n2. Wellington Cirino (Mercedes-Benz), a 0s117<br \/>\n3. Leandro Totti (Mercedes-Benz), a 0s211<br \/>\n4. Felipe Giaffone (Iveco), a 0s301<br \/>\n5. Roberval Andrade (Mercedes-Benz), a 0s306<br \/>\n6. Debora Rodrigues (Mercedes-Benz), a 1s236<br \/>\n7. Andr\u00e9 Marques (Mercedes-Benz), a 1s267<br \/>\n8. Renato Martins (Volkswagen), a 1s540<br \/>\n9. Rogerio Castro (Mercedes-Benz), a 2s121<br \/>\n10. Adalberto Jardim (Ford), a 2s320<br \/>\n11. Jaidson Zini (Iveco), a 2s564<br \/>\n12. Regis Boessio (Volvo), a 2s734<br \/>\n13. Maikon Lauck (Mercedes-Benz), a 2s783<br \/>\n14. Luiz Carlos Zapelini (MAN), a 2s895<br \/>\n15. Jos\u00e9 Augusto Dias (Volkswagen), a 4s671<br \/>\n16. Djalma Pivetta (Iveco), a 5s231<br \/>\n17. Clodoaldo Monteiro (MAN), a 6s461<br \/>\n18. Djalma Foga\u00e7a (Ford), a 9s122<br \/>\n19. Hiro Yano (Volvo), a 9s128<br \/>\n20. Luiz Lopes (Iveco), a 11s901<br \/>\n21. Fabio Foga\u00e7a (Ford), a 29s469<br \/>\n22. Paulo Salustiano (Volkswagen), sem tempo.<\/p>\n<p><a  href=\"https:\/\/www.r9competicoes.com.br\/r9\/wp-content\/uploads\/2019\/04\/47595516591_86f0b40de6_DB.webp\" data-rel=\"lightbox-gallery-0\" data-rl_title=\"RM Motors Sports\" data-rl_caption=\"\" title=\"RM Motors Sports\"><img loading=\"lazy\" decoding=\"async\" src=\"https:\/\/www.r9competicoes.com.br\/r9\/wp-content\/uploads\/2019\/04\/47595516591_86f0b40de6_DB-450x300.webp\" alt=\"RM Motors Sports\" width=\"450\" height=\"300\" class=\"aligncenter size-medium wp-image-4797\" srcset=\"https:\/\/www.r9competicoes.com.br\/r9\/wp-content\/uploads\/2019\/04\/47595516591_86f0b40de6_DB-450x300.webp 450w, https:\/\/www.r9competicoes.com.br\/r9\/wp-content\/uploads\/2019\/04\/47595516591_86f0b40de6_DB-600x400.webp 600w, https:\/\/www.r9competicoes.com.br\/r9\/wp-content\/uploads\/2019\/04\/47595516591_86f0b40de6_DB-768x512.webp 768w, https:\/\/www.r9competicoes.com.br\/r9\/wp-content\/uploads\/2019\/04\/47595516591_86f0b40de6_DB.webp 777w\" sizes=\"auto, (max-width: 450px) 100vw, 450px\" \/><\/a><\/p>\n<p>Treino livre 1<\/p>\n<p>1. Wellington Cirino (Mercedes-Benz), 1min49s291<br \/>\n2. Beto Monteiro (Volkswagen), a 0s230<br \/>\n3. Paulo Salustiano (Volkswagen), a 0s287<br \/>\n4. Leandro Totti (Mercedes-Benz), a 0s343<br \/>\n5. Roberval Andrade (Mercedes-Benz), a 0s856<br \/>\n6. Felipe Giaffone (Iveco), a 1s123<br \/>\n7. Andr\u00e9 Marques (Mercedes-Benz), a 1s557<br \/>\n8. Jaidson Zini (Iveco), a 2s169<br \/>\n9. Debora Rodrigues (Mercedes-Benz), a 2s487<br \/>\n10. Maikon Lauck (Mercedes-Benz), a 2s516<br \/>\n11. Adalberto Jardim (Ford), a 2s532<br \/>\n12. Luiz Carlos Zapelini (MAN), a 2s625<br \/>\n13. Rog\u00e9rio Castro (Mercedes-Benz), a 2s750<br \/>\n14. Regis Boessio (Volvo), a 3s652<br \/>\n15. Luiz Lopes (Iveco), a 5s563<br \/>\n16. Jo Augusto (Volkswagen), a 6s532<br \/>\n17. Djalma Pivetta (Iveco), a 7s012<br \/>\n18. Fabio Carvalho (Iveco), a 9s046<br \/>\n19. Hiro Yano (Volvo), a 9s767<br \/>\n20. Renato Martins, sem tempo<br \/>\n21. Djalma Foga\u00e7a, sem tempo<br \/>\n22. F\u00e1bio Foga\u00e7a, sem tempo<br \/>\n23. Rogerio Castro (Mercedes-Benz), sem tempo.<\/p>\n<hr>\n<p><em>Mais informa\u00e7\u00f5es para a Imprensa:<br \/>\nBruno Vicaria<br \/>\nimprensa@copatruck.com.br<br \/>\n11. 97147.0835<\/em><\/p>\n","protected":false},"excerpt":{"rendered":"<p>O atual l\u00edder da Primeira Copa registrou o tempo de refer\u00eancia at\u00e9 o momento de 1min48s354. &#8220;Estou muito feliz com esse resultado, pois, como venci [&hellip;]<\/p>\n","protected":false},"author":2,"featured_media":0,"comment_status":"closed","ping_status":"open","sticky":false,"template":"","format":"standard","meta":{"ngg_post_thumbnail":0,"footnotes":""},"categories":[3],"tags":[],"class_list":["post-4792","post","type-post","status-publish","format-standard","hentry","category-noticias"],"_links":{"self":[{"href":"https:\/\/www.r9competicoes.com.br\/r9\/wp-json\/wp\/v2\/posts\/4792","targetHints":{"allow":["GET"]}}],"collection":[{"href":"https:\/\/www.r9competicoes.com.br\/r9\/wp-json\/wp\/v2\/posts"}],"about":[{"href":"https:\/\/www.r9competicoes.com.br\/r9\/wp-json\/wp\/v2\/types\/post"}],"author":[{"embeddable":true,"href":"https:\/\/www.r9competicoes.com.br\/r9\/wp-json\/wp\/v2\/users\/2"}],"replies":[{"embeddable":true,"href":"https:\/\/www.r9competicoes.com.br\/r9\/wp-json\/wp\/v2\/comments?post=4792"}],"version-history":[{"count":4,"href":"https:\/\/www.r9competicoes.com.br\/r9\/wp-json\/wp\/v2\/posts\/4792\/revisions"}],"predecessor-version":[{"id":7312,"href":"https:\/\/www.r9competicoes.com.br\/r9\/wp-json\/wp\/v2\/posts\/4792\/revisions\/7312"}],"wp:attachment":[{"href":"https:\/\/www.r9competicoes.com.br\/r9\/wp-json\/wp\/v2\/media?parent=4792"}],"wp:term":[{"taxonomy":"category","embeddable":true,"href":"https:\/\/www.r9competicoes.com.br\/r9\/wp-json\/wp\/v2\/categories?post=4792"},{"taxonomy":"post_tag","embeddable":true,"href":"https:\/\/www.r9competicoes.com.br\/r9\/wp-json\/wp\/v2\/tags?post=4792"}],"curies":[{"name":"wp","href":"https:\/\/api.w.org\/{rel}","templated":true}]}}