{"id":48,"date":"2011-01-24T13:55:55","date_gmt":"2011-01-24T16:55:55","guid":{"rendered":"https:\/\/www.r9competicoes.com.br\/r9\/?p=48"},"modified":"2024-08-04T09:14:49","modified_gmt":"2024-08-04T12:14:49","slug":"24012011-0945-show-de-caminhoes-estara-presente-na-temporada-2011","status":"publish","type":"post","link":"https:\/\/www.r9competicoes.com.br\/r9\/2011\/01\/24012011-0945-show-de-caminhoes-estara-presente-na-temporada-2011\/","title":{"rendered":"Show de Caminh\u00f5es estar\u00e1 presente na Temporada 2011"},"content":{"rendered":"<p><img loading=\"lazy\" decoding=\"async\" class=\"alignleft size-full wp-image-70\" title=\"Show de Caminh\u00f5es da F-Truck\" src=\"https:\/\/www.r9competicoes.com.br\/r9\/wp-content\/uploads\/2011\/01\/99717.webp\" alt=\"\" width=\"400\" height=\"247\" \/>O tradicional Show de Caminh\u00f5es, que teve in\u00edcio com Aur\u00e9lio Batista F\u00e9lix, e que hoje, \u00e9 realizado pelos irm\u00e3os Danielle, Gabrielle e Aur\u00e9lio Jr, ser\u00e1 uma das atra\u00e7\u00f5es da Temporada 2011. A atra\u00e7\u00e3o, que sempre acontece no domingo antes da corrida, \u00e9 um grande sucesso e possui milhares de admiradores por todos os aut\u00f3dromos por onde passa.<\/p>\n<p><strong><!--more-->Goi\u00e2nia \u00e9 confirmada como quarta etapa da F\u00f3rmula Truck<\/strong><\/p>\n<p>A quarta etapa da F\u00f3rmula Truck, que acontece no dia 5 de junho, foi confirmada em Goi\u00e2nia. A capital do estado de Goi\u00e1s j\u00e1 recebeu a categoria e volta a ser palco da categoria que mais cresce no Brasil. Com a confirma\u00e7\u00e3o, o calend\u00e1rio 2011 est\u00e1 completo.<\/p>\n<p>Nesta ter\u00e7a-feira (25), a presidente da categoria, Neusa Navarro F\u00e9lix viaja para a cidade de Goi\u00e2nia, onde ter\u00e1 reuni\u00e3o, \u00e0s 16h (hor\u00e1rio de Bras\u00edlia), com o Governador do Estado, Marconi Perillo. Al\u00e9m do governador, estar\u00e3o juntos o Deputado Federal, Roberto Balestra, e piloto da casa, Jos\u00e9 Maria Reis. A reuni\u00e3o tem como objetivo acertar detalhes finais da parceria que colocou novamente a prova no calend\u00e1rio da F\u00f3rmula Truck.<\/p>\n<p>&#8220;Estamos muito felizes em poder levar a categoria mais uma vez para Goi\u00e2nia, onde o p\u00fablico sempre nos recebeu muito bem. Somos muito bem-vindos, e por isso est\u00e1vamos devendo uma visita l\u00e1&#8221;, comentou Neusa Navarro F\u00e9lix, Presidente da categoria.<\/p>\n<p>O aut\u00f3dromo Internacional Ayrton Senna, fundado em 1974, est\u00e1 localizado no sudeste da cidade, com uma capacidade para 100 mil pessoas. Al\u00e9m da estrutura do circuito, a cidade oferece muito entretenimento para os visitantes e residentes. Nos \u00faltimos anos, apenas em 2006 e 2010 a F\u00f3rmula Truck n\u00e3o esteve em Goi\u00e2nia.<\/p>\n<p>O vencedor da etapa de 2009 foi Valmir Benavides, o Hisgu\u00e9, pilotando um caminh\u00e3o da Volkswagen. A prova tamb\u00e9m tem boas lembran\u00e7as para outros pilotos como: Roberval Andrade, vencedor em 2001,2002 e 2008, e Renato Martins, que triunfou em Goi\u00e1s em 1996, 1998 e 2000.<\/p>\n<p>A etapa inaugural do calend\u00e1rio 2011 da F\u00f3rmula Truck ser\u00e1 no dia 27 de fevereiro, em Santa Cruz do Sul, \u00e0s 13h, transmitida ao vivo em HD (Alta defini\u00e7\u00e3o) pela Band com narra\u00e7\u00e3o de T\u00e9o Jose.<\/p>\n","protected":false},"excerpt":{"rendered":"<p>O tradicional Show de Caminh\u00f5es, que teve in\u00edcio com Aur\u00e9lio Batista F\u00e9lix, e que hoje, \u00e9 realizado pelos irm\u00e3os Danielle, Gabrielle e Aur\u00e9lio Jr, ser\u00e1 [&hellip;]<\/p>\n","protected":false},"author":2,"featured_media":70,"comment_status":"closed","ping_status":"open","sticky":false,"template":"","format":"standard","meta":{"ngg_post_thumbnail":0,"footnotes":""},"categories":[3],"tags":[],"class_list":["post-48","post","type-post","status-publish","format-standard","has-post-thumbnail","hentry","category-noticias"],"_links":{"self":[{"href":"https:\/\/www.r9competicoes.com.br\/r9\/wp-json\/wp\/v2\/posts\/48","targetHints":{"allow":["GET"]}}],"collection":[{"href":"https:\/\/www.r9competicoes.com.br\/r9\/wp-json\/wp\/v2\/posts"}],"about":[{"href":"https:\/\/www.r9competicoes.com.br\/r9\/wp-json\/wp\/v2\/types\/post"}],"author":[{"embeddable":true,"href":"https:\/\/www.r9competicoes.com.br\/r9\/wp-json\/wp\/v2\/users\/2"}],"replies":[{"embeddable":true,"href":"https:\/\/www.r9competicoes.com.br\/r9\/wp-json\/wp\/v2\/comments?post=48"}],"version-history":[{"count":1,"href":"https:\/\/www.r9competicoes.com.br\/r9\/wp-json\/wp\/v2\/posts\/48\/revisions"}],"predecessor-version":[{"id":6415,"href":"https:\/\/www.r9competicoes.com.br\/r9\/wp-json\/wp\/v2\/posts\/48\/revisions\/6415"}],"wp:featuredmedia":[{"embeddable":true,"href":"https:\/\/www.r9competicoes.com.br\/r9\/wp-json\/wp\/v2\/media\/70"}],"wp:attachment":[{"href":"https:\/\/www.r9competicoes.com.br\/r9\/wp-json\/wp\/v2\/media?parent=48"}],"wp:term":[{"taxonomy":"category","embeddable":true,"href":"https:\/\/www.r9competicoes.com.br\/r9\/wp-json\/wp\/v2\/categories?post=48"},{"taxonomy":"post_tag","embeddable":true,"href":"https:\/\/www.r9competicoes.com.br\/r9\/wp-json\/wp\/v2\/tags?post=48"}],"curies":[{"name":"wp","href":"https:\/\/api.w.org\/{rel}","templated":true}]}}