{"id":5651,"date":"2021-05-22T18:47:54","date_gmt":"2021-05-22T21:47:54","guid":{"rendered":"https:\/\/www.r9competicoes.com.br\/r9\/?p=5651"},"modified":"2024-08-04T09:37:30","modified_gmt":"2024-08-04T12:37:30","slug":"beto-monteiro-larga-da-segunda-fila-em-goiania","status":"publish","type":"post","link":"https:\/\/www.r9competicoes.com.br\/r9\/2021\/05\/beto-monteiro-larga-da-segunda-fila-em-goiania\/","title":{"rendered":"Beto Monteiro larga da segunda fila em Goi\u00e2nia"},"content":{"rendered":"\n<p>Ap\u00f3s liderar um dos treinos livres da Copa Truck em Goi\u00e2nia, Beto Monteiro abrir\u00e1 a segunda fila do grid neste domingo (23) com a R9 Competi\u00e7\u00f5es. Piloto do Grupo Universal, o pernambucano foi o terceiro colocado no classificat\u00f3rio da categoria e buscar\u00e1 um bom resultado na rodada dupla deste domingo (23).<\/p>\n\n\n\n<p>\u201cO mais importante no come\u00e7o do campeonato \u00e9 conquistar o m\u00e1ximo de pontos poss\u00edveis e \u00e9 disso que vamos em busca nessa rodada dupla. Vamos fazer os ajustes necess\u00e1rios no caminh\u00e3o e achar o melhor acerto para as corridas de amanh\u00e3\u201d, diz Beto, que \u00e9 o primeiro piloto da hist\u00f3ria a disputar as temporadas completas de Stock Car e Copa Truck simultaneamente.<\/p>\n\n\n\n<figure class=\"wp-block-image size-large\"><img loading=\"lazy\" decoding=\"async\" width=\"600\" height=\"400\" src=\"https:\/\/www.r9competicoes.com.br\/r9\/wp-content\/uploads\/2021\/05\/beto-monteiro-segundo-treino-livre-da-copa-truck-2021-em-goinia-foto-rafael-gagliano_51194872229_o-600x400.webp\" alt=\"\" class=\"wp-image-5652\" srcset=\"https:\/\/www.r9competicoes.com.br\/r9\/wp-content\/uploads\/2021\/05\/beto-monteiro-segundo-treino-livre-da-copa-truck-2021-em-goinia-foto-rafael-gagliano_51194872229_o-600x400.webp 600w, https:\/\/www.r9competicoes.com.br\/r9\/wp-content\/uploads\/2021\/05\/beto-monteiro-segundo-treino-livre-da-copa-truck-2021-em-goinia-foto-rafael-gagliano_51194872229_o-450x300.webp 450w, https:\/\/www.r9competicoes.com.br\/r9\/wp-content\/uploads\/2021\/05\/beto-monteiro-segundo-treino-livre-da-copa-truck-2021-em-goinia-foto-rafael-gagliano_51194872229_o-768x512.webp 768w, https:\/\/www.r9competicoes.com.br\/r9\/wp-content\/uploads\/2021\/05\/beto-monteiro-segundo-treino-livre-da-copa-truck-2021-em-goinia-foto-rafael-gagliano_51194872229_o.webp 777w\" sizes=\"auto, (max-width: 600px) 100vw, 600px\" \/><\/figure>\n\n\n\n<p>Com apoio do Grupo Universal, Beto tamb\u00e9m conquistou seus primeiros pontos na Stock Car no \u00faltimo final de semana em Interlagos. Em busca do tricampeonato consecutivo da Copa Truck, o experiente piloto buscar\u00e1 consist\u00eancia ao longo da temporada.<\/p>\n\n\n\n<p>\u201cEm campeonatos com duas corridas na mesma etapa, \u00e9 sempre importante ter consist\u00eancia e tamb\u00e9m uma boa dose de estrat\u00e9gia. Vamos planejar tudo para ter um ano bom nas duas categorias, quem sabe com o tri da Copa Truck\u201d, diz Beto, que tamb\u00e9m foi bicampe\u00e3o da F\u00f3rmula Truck em 2004 e 2013.<\/p>\n\n\n\n<p>A rodada dupla ter\u00e1 largada no domingo (23) a partir das 14h, com transmiss\u00e3o ao vivo da Band, SporTV 2 e no canal do YouTube da Copa Truck.<\/p>\n","protected":false},"excerpt":{"rendered":"<p>Ap\u00f3s liderar um dos treinos livres da Copa Truck em Goi\u00e2nia, Beto Monteiro abrir\u00e1 a segunda fila do grid neste domingo (23) com a R9 [&hellip;]<\/p>\n","protected":false},"author":2,"featured_media":5653,"comment_status":"closed","ping_status":"closed","sticky":false,"template":"","format":"standard","meta":{"ngg_post_thumbnail":0,"footnotes":""},"categories":[3],"tags":[],"class_list":["post-5651","post","type-post","status-publish","format-standard","has-post-thumbnail","hentry","category-noticias"],"_links":{"self":[{"href":"https:\/\/www.r9competicoes.com.br\/r9\/wp-json\/wp\/v2\/posts\/5651","targetHints":{"allow":["GET"]}}],"collection":[{"href":"https:\/\/www.r9competicoes.com.br\/r9\/wp-json\/wp\/v2\/posts"}],"about":[{"href":"https:\/\/www.r9competicoes.com.br\/r9\/wp-json\/wp\/v2\/types\/post"}],"author":[{"embeddable":true,"href":"https:\/\/www.r9competicoes.com.br\/r9\/wp-json\/wp\/v2\/users\/2"}],"replies":[{"embeddable":true,"href":"https:\/\/www.r9competicoes.com.br\/r9\/wp-json\/wp\/v2\/comments?post=5651"}],"version-history":[{"count":1,"href":"https:\/\/www.r9competicoes.com.br\/r9\/wp-json\/wp\/v2\/posts\/5651\/revisions"}],"predecessor-version":[{"id":7464,"href":"https:\/\/www.r9competicoes.com.br\/r9\/wp-json\/wp\/v2\/posts\/5651\/revisions\/7464"}],"wp:featuredmedia":[{"embeddable":true,"href":"https:\/\/www.r9competicoes.com.br\/r9\/wp-json\/wp\/v2\/media\/5653"}],"wp:attachment":[{"href":"https:\/\/www.r9competicoes.com.br\/r9\/wp-json\/wp\/v2\/media?parent=5651"}],"wp:term":[{"taxonomy":"category","embeddable":true,"href":"https:\/\/www.r9competicoes.com.br\/r9\/wp-json\/wp\/v2\/categories?post=5651"},{"taxonomy":"post_tag","embeddable":true,"href":"https:\/\/www.r9competicoes.com.br\/r9\/wp-json\/wp\/v2\/tags?post=5651"}],"curies":[{"name":"wp","href":"https:\/\/api.w.org\/{rel}","templated":true}]}}