{"id":5670,"date":"2021-06-26T00:34:19","date_gmt":"2021-06-26T03:34:19","guid":{"rendered":"https:\/\/www.r9competicoes.com.br\/r9\/?p=5670"},"modified":"2024-08-04T09:37:45","modified_gmt":"2024-08-04T12:37:45","slug":"tetracampeao-nos-caminhoes-beto-monteiro-busca-uma-boa-pontuacao-no-autodromo-jose-carlos-pace","status":"publish","type":"post","link":"https:\/\/www.r9competicoes.com.br\/r9\/2021\/06\/tetracampeao-nos-caminhoes-beto-monteiro-busca-uma-boa-pontuacao-no-autodromo-jose-carlos-pace\/","title":{"rendered":"Tetracampe\u00e3o nos caminh\u00f5es, Beto Monteiro busca uma boa pontua\u00e7\u00e3o no Aut\u00f3dromo Jos\u00e9 Carlos Pace"},"content":{"rendered":"\n<p><em>O piloto do Grupo Universal corre em mais um desafio da temporada na Copa Truck, que ter\u00e1 sua segunda etapa do ano sendo realizada a partir desta sexta-feira (25) em Interlagos (SP).<\/em><\/p>\n\n\n\n<p>\u201cFicamos muito perto de sair da primeira etapa do ano com muitos pontos, mas infelizmente uma penalidade na primeira prova nos tirou a vit\u00f3ria. O principal objetivo agora \u00e9 subir na classifica\u00e7\u00e3o do campeonato e para isso vamos em busca das duas vit\u00f3rias nesta rodada dupla. Trabalharemos ao longo desta semana para definir a melhor estrat\u00e9gia e os \u00faltimos ajustes\u201d, diz Beto, que tem patroc\u00ednio do Grupo Universal Automotive Systems.<\/p>\n\n\n\n<figure class=\"wp-block-image size-large\"><a  href=\"https:\/\/www.r9competicoes.com.br\/r9\/wp-content\/uploads\/2021\/06\/2-treino-livre-da-2-etapa-da-copa-truck-2021-em-interlagos-foto-duda-bairrosbrasil_51271405269_o.jpg\" data-rel=\"lightbox-gallery-0\" data-rl_title=\"R9 Competi\u00e7\u00f5es\" data-rl_caption=\"\" title=\"R9 Competi\u00e7\u00f5es\"><img loading=\"lazy\" decoding=\"async\" width=\"600\" height=\"399\" src=\"https:\/\/www.r9competicoes.com.br\/r9\/wp-content\/uploads\/2021\/06\/2-treino-livre-da-2-etapa-da-copa-truck-2021-em-interlagos-foto-duda-bairrosbrasil_51271405269_o-600x399.jpg\" alt=\"\" class=\"wp-image-5671\" srcset=\"https:\/\/www.r9competicoes.com.br\/r9\/wp-content\/uploads\/2021\/06\/2-treino-livre-da-2-etapa-da-copa-truck-2021-em-interlagos-foto-duda-bairrosbrasil_51271405269_o-600x399.jpg 600w, https:\/\/www.r9competicoes.com.br\/r9\/wp-content\/uploads\/2021\/06\/2-treino-livre-da-2-etapa-da-copa-truck-2021-em-interlagos-foto-duda-bairrosbrasil_51271405269_o-450x299.jpg 450w, https:\/\/www.r9competicoes.com.br\/r9\/wp-content\/uploads\/2021\/06\/2-treino-livre-da-2-etapa-da-copa-truck-2021-em-interlagos-foto-duda-bairrosbrasil_51271405269_o-768x511.jpg 768w, https:\/\/www.r9competicoes.com.br\/r9\/wp-content\/uploads\/2021\/06\/2-treino-livre-da-2-etapa-da-copa-truck-2021-em-interlagos-foto-duda-bairrosbrasil_51271405269_o.jpg 800w\" sizes=\"auto, (max-width: 600px) 100vw, 600px\" \/><\/a><\/figure>\n\n\n\n<p>Primeiro piloto da hist\u00f3ria a disputar simultaneamente uma temporada completa da Stock Car e da Copa Truck, Beto busca o tricampeonato consecutivo da Copa Truck ap\u00f3s conquistar o t\u00edtulo em 2019 e 2020. Al\u00e9m disso, o pernambucano \u00e9 bicampe\u00e3o da antiga F\u00f3rmula Truck, a qual ele venceu nos anos de 2004 e 2013.<\/p>\n\n\n\n<p>Destaque na etapa dupla da Stock Car no \u00faltimo final de semana, quando ganhou 14 posi\u00e7\u00f5es na corrida 2 de domingo e fez uma das melhores ultrapassagens da etapa no s\u00e1bado, Beto mostrou-se confiante para a continuidade do trabalho de 2021.<\/p>\n\n\n\n<p>\u201cNa Stock, eu estou evoluindo a cada corrida, a cada treino, a cada reuni\u00e3o. E mesmo depois de tantos anos na Truck, continuo com a mentalidade de que o aprendizado \u00e9 constante e vamos em busca de evoluir o caminh\u00e3o para este final de semana. As vit\u00f3rias seriam muito importantes para o restante do campeonato e vamos em busca disto\u201d, diz Beto, que conquistou cinco vit\u00f3rias e oito p\u00f3dios na temporada passada da Copa Truck.<\/p>\n\n\n\n<figure class=\"wp-block-image size-large\"><a  href=\"https:\/\/www.r9competicoes.com.br\/r9\/wp-content\/uploads\/2021\/06\/2-treino-livre-da-2-etapa-da-copa-truck-2021-em-interlagos-foto-duda-bairrosbrasil_51271404559_o.webp\" data-rel=\"lightbox-gallery-0\" data-rl_title=\"2-treino-livre-da-2-etapa-da-copa-truck-2021-em-interlagos-foto-duda-bairrosbrasil_51271404559_o\" data-rl_caption=\"\" title=\"2-treino-livre-da-2-etapa-da-copa-truck-2021-em-interlagos-foto-duda-bairrosbrasil_51271404559_o\"><img loading=\"lazy\" decoding=\"async\" width=\"600\" height=\"399\" src=\"https:\/\/www.r9competicoes.com.br\/r9\/wp-content\/uploads\/2021\/06\/2-treino-livre-da-2-etapa-da-copa-truck-2021-em-interlagos-foto-duda-bairrosbrasil_51271404559_o-600x399.webp\" alt=\"\" class=\"wp-image-5672\" srcset=\"https:\/\/www.r9competicoes.com.br\/r9\/wp-content\/uploads\/2021\/06\/2-treino-livre-da-2-etapa-da-copa-truck-2021-em-interlagos-foto-duda-bairrosbrasil_51271404559_o-600x399.webp 600w, https:\/\/www.r9competicoes.com.br\/r9\/wp-content\/uploads\/2021\/06\/2-treino-livre-da-2-etapa-da-copa-truck-2021-em-interlagos-foto-duda-bairrosbrasil_51271404559_o-450x299.webp 450w, https:\/\/www.r9competicoes.com.br\/r9\/wp-content\/uploads\/2021\/06\/2-treino-livre-da-2-etapa-da-copa-truck-2021-em-interlagos-foto-duda-bairrosbrasil_51271404559_o-768x511.webp 768w, https:\/\/www.r9competicoes.com.br\/r9\/wp-content\/uploads\/2021\/06\/2-treino-livre-da-2-etapa-da-copa-truck-2021-em-interlagos-foto-duda-bairrosbrasil_51271404559_o.webp 777w\" sizes=\"auto, (max-width: 600px) 100vw, 600px\" \/><\/a><\/figure>\n\n\n\n<p>Wellington Cirino foi o mais r\u00e1pido nos treinos da sexta-feira em Interlagos, n\u00e3o muito atr\u00e1s veio Beto Monteiro com o Volkswagen Meteor da R9, seguido de outros dois Actros: do l\u00edder do campeonato Andr\u00e9 Marques, da AM, e Danilo Dirani, da PP Motorsport. Paulo Salustiano, no Volkswagen Constellation, e Felipe Giaffone, com o melhor modelo Hi-Way da Iveco, fechou a lista dos seis primeiros, que ficaram separados por sete d\u00e9cimos.<\/p>\n\n\n<p><a  href=\"https:\/\/www.r9competicoes.com.br\/r9\/wp-content\/uploads\/2021\/06\/bastidores-da-sexta-feira-da-copa-truck-em-interlagos-foto-duda-bairrosbrasil_51271708210_o.webp\" data-rel=\"lightbox-gallery-0\" data-rl_title=\"R9 Competi\u00e7\u00f5es\" data-rl_caption=\"\" title=\"R9 Competi\u00e7\u00f5es\"><img loading=\"lazy\" decoding=\"async\" class=\"aligncenter size-medium wp-image-5683\" src=\"https:\/\/www.r9competicoes.com.br\/r9\/wp-content\/uploads\/2021\/06\/bastidores-da-sexta-feira-da-copa-truck-em-interlagos-foto-duda-bairrosbrasil_51271708210_o-450x299.webp\" alt=\"\" width=\"450\" height=\"299\" srcset=\"https:\/\/www.r9competicoes.com.br\/r9\/wp-content\/uploads\/2021\/06\/bastidores-da-sexta-feira-da-copa-truck-em-interlagos-foto-duda-bairrosbrasil_51271708210_o-450x299.webp 450w, https:\/\/www.r9competicoes.com.br\/r9\/wp-content\/uploads\/2021\/06\/bastidores-da-sexta-feira-da-copa-truck-em-interlagos-foto-duda-bairrosbrasil_51271708210_o-600x399.webp 600w, https:\/\/www.r9competicoes.com.br\/r9\/wp-content\/uploads\/2021\/06\/bastidores-da-sexta-feira-da-copa-truck-em-interlagos-foto-duda-bairrosbrasil_51271708210_o-768x511.webp 768w, https:\/\/www.r9competicoes.com.br\/r9\/wp-content\/uploads\/2021\/06\/bastidores-da-sexta-feira-da-copa-truck-em-interlagos-foto-duda-bairrosbrasil_51271708210_o.webp 777w\" sizes=\"auto, (max-width: 450px) 100vw, 450px\" \/><\/a><\/p>\n\n\n<p>Outro momento da sexta-feira que mereceu aten\u00e7\u00e3o foi o susto de Jos\u00e9 Augusto, que capotou seu Volkswagen Constelation no fim da reta oposta ao entrar em contato de lado com a caixa de brita. J\u00f4, como \u00e9 chamado, escapou ileso.<\/p>\n\n\n\n<p>Neste s\u00e1bado acontece mais um treino livre \u00e0s 8h15 antes da classifica\u00e7\u00e3o, que acontece \u00e0s 11h30 com transmiss\u00e3o ao vivo dos canais oficiais da Copa Truck no Facebook e YouTube.&nbsp;<\/p>\n\n\n\n<p>Confira os resultados do dia:<\/p>\n\n\n\n<p>Treino livre 2:<br>1\u00b0 WELLINGTON CIRINO (Mercedes-Benz), 2:06.305<br>2\u00b0 BETO MONTEIRO (Volkswagen), 2:06.539 a 0.234<br>3\u00b0 ANDR\u00c9 MARQUES (Mercedes-Benz), 2:06.658 a 0.353<br>4\u00b0 DANILO DIRANI (Mercedes-Benz), 2:06.940 a 0.635<br>5\u00b0 PAULO SALUSTIANO (Volkswagen), 2:06.990 a 0.685<br>6\u00b0 FELIPE GIAFFONE (Iveco), 2:07.042 a 0.737<br>7\u00b0 ROBERVAL ANDRADE (Volkswagen), 2:07.113 a 0.808<br>8\u00b0 GIULIANO LOSACCO (Mercedes-Benz), 2:07.779 a 1.474*<br>9\u00b0 EVANDRO CAMARGO (Mercedes-Benz), 2:08.869 a 2.564*<br>10\u00b0 RODRIGO PIMENTA (Prot\u00f3tipo), 2:09.547 a 3.242*<br>11\u00b0 DANILO ALAMINI (MAN), 2:09.757 a 3.452*<br>12\u00b0 DEBORA RODRIGUES (Volkswagen), 2:10.213 a 3.908<br>13\u00b0 VALMIR BENAVIDES (Iveco), 2:10.228 a 3.923<br>14\u00b0 FABIO FOGA\u00c7A (Prot\u00f3tipo), 2:10.302 a 3.997<br>15\u00b0 JAIDSON ZINI (Mercedes-Benz), 2:10.715 a 4.410<br>16\u00b0 GLAUCO BARROS (Mercedes-Benz), 2:11.983 a 5.678<br>17\u00b0 LUIZ LOPES (Iveco), 2:12.145 a 5.840<br>18\u00b0 ADALBERTO JARDIM (Prot\u00f3tipo), 2:12.339 a 6.034<br>19\u00b0 MAICON RONCEN (Volkswagen), 2:12.916 a 6.611<br>20\u00b0 DANIEL KELEMEN (Mercedes-Benz), 2:12.957 a 6.652<br>21\u00b0 DJALMA PIVETTA (Iveco), 2:13.016 a 6.711<br>22\u00b0 PEDRO PAULO FERNANDES (Mercedes-Benz), Sem Tempo<\/p>\n\n\n\n<p>Treino livre 1:<br>1\u00b0 WELLINGTON CIRINO (Mercedes-Benz), 2:06.344<br>2\u00b0 ANDRE\u00c9 MARQUES (Mercedes-Benz), 2:06.593 a 0.249<br>3\u00b0 DANILO DIRANI (Mercedes-Benz), 2:06.643 a 0.299<br>4\u00b0 PAULO SALUSTIANO (Volkswagen), 2:06.945 a 0.601<br>5\u00b0 BETO MONTEIRO (Volkswagen), 2:07.068 a 0.724<br>6\u00b0 FELIPE GIAFFONE (Iveco), 2:07.489 a 1.145<br>7\u00b0 ROBERVAL ANDRADE (Volkswagen), 2:08.237 a 1.893<br>8\u00b0 JOS\u00c9 AUGUSTO DIAS (Volkswagen), 2:09.626 a 3.282<br>9\u00b0 LUIZ LOPES (Iveco), 2:11.349 a 5.005<br>10\u00b0 VALMIR BENAVIDES (Iveco), 2:11.395 a 5.051<br>11\u00b0 DANIEL KELEMEN (Mercedes-Benz), 2:11.878 a 5.534<br>12\u00b0 DJALMA PIVETTA (Iveco), 2:12.337 a 5.993<br>13\u00b0 DEBORA RODRIGUES (Volkswagen), 2:12.704 a 6.360<br>14\u00b0 FABIO FOGA\u00c7A (Prot\u00f3tipo), 2:12.710 a 6.366<br>15\u00b0 GIULIANO LOSACCO (Mercedes-Benz), 2:12.834 a 6.490<br>16\u00b0 GLAUCO BARROS (Mercedes-Benz), 2:13.021 a 6.677<br>17\u00b0 EVANDRO CAMARGO (Mercedes-Benz), 2:13.325 a 6.981<br>18\u00b0 FELIPE TOZZO (Iveco), 2:13.480 a 7.136<br>19\u00b0 MAICON RONCEN (Volvo), 2:13.483 a 7.139<br>20\u00b0 RODRIGO PIMENTA (Prot\u00f3tipo), 2:15.227 a 8.883<br>21\u00b0 DANILO ALAMINI (MAN), 2:26.907 a 20.563<br>22\u00b0 PEDRO PAULO FERNANDES (Mercedes-Benz), Sem Tempo<br>23\u00b0 ADALBERTO JARDIM (Prot\u00f3tipo), Sem Tempo<br>24\u00b0 JAIDSON ZINI (Mercedes-Benz), Sem Tempo<br>25\u00b0 RICARDO ALVAREZ (Scania), Sem Tempo.<\/p>\n\n\n\n<p><\/p>\n\n\n\n<p>Com informa\u00e7\u00f5es para a imprensa: <\/p>\n\n\n\n<figure class=\"wp-block-table\"><table><tbody><tr><td><em><kbd><strong>Bruno Vicaria<\/strong><br><a href=\"https:\/\/click.presskit.com.br\/url\/809165052e\/58564993951\">vicaria@copatruck.com.br<\/a>\/<a href=\"https:\/\/click.presskit.com.br\/url\/809161286f\/58564993951\">imprensa@copatruck.com.br<\/a>&nbsp;<br>11. 98196.3069<\/kbd><\/em><\/td><\/tr><\/tbody><\/table><\/figure>\n","protected":false},"excerpt":{"rendered":"<p>O piloto do Grupo Universal corre em mais um desafio da temporada na Copa Truck, que ter\u00e1 sua segunda etapa do ano sendo realizada a [&hellip;]<\/p>\n","protected":false},"author":2,"featured_media":5673,"comment_status":"closed","ping_status":"closed","sticky":false,"template":"","format":"standard","meta":{"ngg_post_thumbnail":0,"footnotes":""},"categories":[3],"tags":[],"class_list":["post-5670","post","type-post","status-publish","format-standard","has-post-thumbnail","hentry","category-noticias"],"_links":{"self":[{"href":"https:\/\/www.r9competicoes.com.br\/r9\/wp-json\/wp\/v2\/posts\/5670","targetHints":{"allow":["GET"]}}],"collection":[{"href":"https:\/\/www.r9competicoes.com.br\/r9\/wp-json\/wp\/v2\/posts"}],"about":[{"href":"https:\/\/www.r9competicoes.com.br\/r9\/wp-json\/wp\/v2\/types\/post"}],"author":[{"embeddable":true,"href":"https:\/\/www.r9competicoes.com.br\/r9\/wp-json\/wp\/v2\/users\/2"}],"replies":[{"embeddable":true,"href":"https:\/\/www.r9competicoes.com.br\/r9\/wp-json\/wp\/v2\/comments?post=5670"}],"version-history":[{"count":2,"href":"https:\/\/www.r9competicoes.com.br\/r9\/wp-json\/wp\/v2\/posts\/5670\/revisions"}],"predecessor-version":[{"id":7469,"href":"https:\/\/www.r9competicoes.com.br\/r9\/wp-json\/wp\/v2\/posts\/5670\/revisions\/7469"}],"wp:featuredmedia":[{"embeddable":true,"href":"https:\/\/www.r9competicoes.com.br\/r9\/wp-json\/wp\/v2\/media\/5673"}],"wp:attachment":[{"href":"https:\/\/www.r9competicoes.com.br\/r9\/wp-json\/wp\/v2\/media?parent=5670"}],"wp:term":[{"taxonomy":"category","embeddable":true,"href":"https:\/\/www.r9competicoes.com.br\/r9\/wp-json\/wp\/v2\/categories?post=5670"},{"taxonomy":"post_tag","embeddable":true,"href":"https:\/\/www.r9competicoes.com.br\/r9\/wp-json\/wp\/v2\/tags?post=5670"}],"curies":[{"name":"wp","href":"https:\/\/api.w.org\/{rel}","templated":true}]}}