{"id":5685,"date":"2021-06-27T01:16:06","date_gmt":"2021-06-27T04:16:06","guid":{"rendered":"https:\/\/www.r9competicoes.com.br\/r9\/?p=5685"},"modified":"2024-08-04T09:37:49","modified_gmt":"2024-08-04T12:37:49","slug":"queima-de-radar-pole-de-roberval-andrade-largada-sera-as-13h-deste-domingo","status":"publish","type":"post","link":"https:\/\/www.r9competicoes.com.br\/r9\/2021\/06\/queima-de-radar-pole-de-roberval-andrade-largada-sera-as-13h-deste-domingo\/","title":{"rendered":"Queima de radar impede pole de Roberval Andrade; largada ser\u00e1 \u00e0s 13h"},"content":{"rendered":"<p>Cirino garantiu a posi\u00e7\u00e3o de honra ap\u00f3s Roberval Andrade ter perdido sua melhor marca por ter passado do limite de 160,9 km\/h do radar localizado na reta dos boxes &#8211; a volta que foi computada do piloto da Volkswagen foi sua segunda melhor, que o coloca na oitava coloca\u00e7\u00e3o.<\/p>\n<p><a  href=\"https:\/\/www.r9competicoes.com.br\/r9\/wp-content\/uploads\/2021\/06\/sbado-de-treinos-classificatrios-da-2-etapa-da-copa-truck-2021-em-interlagos-foto-duda-bairrosbrasil_51272891133_o.webp\" data-rel=\"lightbox-gallery-0\" data-rl_title=\"R9 Competi\u00e7\u00f5es\" data-rl_caption=\"\" title=\"R9 Competi\u00e7\u00f5es\"><img loading=\"lazy\" decoding=\"async\" class=\"aligncenter size-medium wp-image-5686\" src=\"https:\/\/www.r9competicoes.com.br\/r9\/wp-content\/uploads\/2021\/06\/sbado-de-treinos-classificatrios-da-2-etapa-da-copa-truck-2021-em-interlagos-foto-duda-bairrosbrasil_51272891133_o-450x299.webp\" alt=\"\" width=\"450\" height=\"299\" srcset=\"https:\/\/www.r9competicoes.com.br\/r9\/wp-content\/uploads\/2021\/06\/sbado-de-treinos-classificatrios-da-2-etapa-da-copa-truck-2021-em-interlagos-foto-duda-bairrosbrasil_51272891133_o-450x299.webp 450w, https:\/\/www.r9competicoes.com.br\/r9\/wp-content\/uploads\/2021\/06\/sbado-de-treinos-classificatrios-da-2-etapa-da-copa-truck-2021-em-interlagos-foto-duda-bairrosbrasil_51272891133_o-600x399.webp 600w, https:\/\/www.r9competicoes.com.br\/r9\/wp-content\/uploads\/2021\/06\/sbado-de-treinos-classificatrios-da-2-etapa-da-copa-truck-2021-em-interlagos-foto-duda-bairrosbrasil_51272891133_o-768x511.webp 768w, https:\/\/www.r9competicoes.com.br\/r9\/wp-content\/uploads\/2021\/06\/sbado-de-treinos-classificatrios-da-2-etapa-da-copa-truck-2021-em-interlagos-foto-duda-bairrosbrasil_51272891133_o.webp 777w\" sizes=\"auto, (max-width: 450px) 100vw, 450px\" \/><\/a><\/p>\n<p>Paulo Salustiano, maior vencedor de Interlagos e o dono do \u00faltimo triunfo no circuito, em dezembro passado, sai em segundo, \u00e0 frente de Felipe Giaffone, da Iveco, e do atual l\u00edder do campeonato, Andr\u00e9 Marques, da Mercedes, configurando, assim, tr\u00eas montadoras diferentes nas tr\u00eas primeiras posi\u00e7\u00f5es.<br><br><a  href=\"https:\/\/www.r9competicoes.com.br\/r9\/wp-content\/uploads\/2021\/06\/sbado-de-treinos-classificatrios-da-2-etapa-da-copa-truck-2021-em-interlagos-foto-duda-bairrosbrasil_51273442194_o.webp\" data-rel=\"lightbox-gallery-0\" data-rl_title=\"R9 Competi\u00e7\u00f5es\" data-rl_caption=\"\" title=\"R9 Competi\u00e7\u00f5es\"><img loading=\"lazy\" decoding=\"async\" class=\"aligncenter size-medium wp-image-5687\" src=\"https:\/\/www.r9competicoes.com.br\/r9\/wp-content\/uploads\/2021\/06\/sbado-de-treinos-classificatrios-da-2-etapa-da-copa-truck-2021-em-interlagos-foto-duda-bairrosbrasil_51273442194_o-450x299.webp\" alt=\"\" width=\"450\" height=\"299\" srcset=\"https:\/\/www.r9competicoes.com.br\/r9\/wp-content\/uploads\/2021\/06\/sbado-de-treinos-classificatrios-da-2-etapa-da-copa-truck-2021-em-interlagos-foto-duda-bairrosbrasil_51273442194_o-450x299.webp 450w, https:\/\/www.r9competicoes.com.br\/r9\/wp-content\/uploads\/2021\/06\/sbado-de-treinos-classificatrios-da-2-etapa-da-copa-truck-2021-em-interlagos-foto-duda-bairrosbrasil_51273442194_o-600x399.webp 600w, https:\/\/www.r9competicoes.com.br\/r9\/wp-content\/uploads\/2021\/06\/sbado-de-treinos-classificatrios-da-2-etapa-da-copa-truck-2021-em-interlagos-foto-duda-bairrosbrasil_51273442194_o-768x511.webp 768w, https:\/\/www.r9competicoes.com.br\/r9\/wp-content\/uploads\/2021\/06\/sbado-de-treinos-classificatrios-da-2-etapa-da-copa-truck-2021-em-interlagos-foto-duda-bairrosbrasil_51273442194_o.webp 777w\" sizes=\"auto, (max-width: 450px) 100vw, 450px\" \/><\/a><\/p>\n<p>A segunda etapa da temporada tem largada marcada para as 13h, mas a transmiss\u00e3o se inicia \u00e0s 12h45 pela Band, SporTV2 e canais digitais da Copa Truck.<\/p>\n<p><a  href=\"https:\/\/www.r9competicoes.com.br\/r9\/wp-content\/uploads\/2021\/06\/sbado-de-treinos-classificatrios-da-2-etapa-da-copa-truck-2021-em-interlagos-foto-duda-bairrosbrasil_51273751195_o.webp\" data-rel=\"lightbox-gallery-0\" data-rl_title=\"R9 Competi\u00e7\u00f5es\" data-rl_caption=\"\" title=\"R9 Competi\u00e7\u00f5es\"><img loading=\"lazy\" decoding=\"async\" class=\"aligncenter size-medium wp-image-5688\" src=\"https:\/\/www.r9competicoes.com.br\/r9\/wp-content\/uploads\/2021\/06\/sbado-de-treinos-classificatrios-da-2-etapa-da-copa-truck-2021-em-interlagos-foto-duda-bairrosbrasil_51273751195_o-450x299.webp\" alt=\"\" width=\"450\" height=\"299\" srcset=\"https:\/\/www.r9competicoes.com.br\/r9\/wp-content\/uploads\/2021\/06\/sbado-de-treinos-classificatrios-da-2-etapa-da-copa-truck-2021-em-interlagos-foto-duda-bairrosbrasil_51273751195_o-450x299.webp 450w, https:\/\/www.r9competicoes.com.br\/r9\/wp-content\/uploads\/2021\/06\/sbado-de-treinos-classificatrios-da-2-etapa-da-copa-truck-2021-em-interlagos-foto-duda-bairrosbrasil_51273751195_o-600x399.webp 600w, https:\/\/www.r9competicoes.com.br\/r9\/wp-content\/uploads\/2021\/06\/sbado-de-treinos-classificatrios-da-2-etapa-da-copa-truck-2021-em-interlagos-foto-duda-bairrosbrasil_51273751195_o-768x511.webp 768w, https:\/\/www.r9competicoes.com.br\/r9\/wp-content\/uploads\/2021\/06\/sbado-de-treinos-classificatrios-da-2-etapa-da-copa-truck-2021-em-interlagos-foto-duda-bairrosbrasil_51273751195_o.webp 777w\" sizes=\"auto, (max-width: 450px) 100vw, 450px\" \/><\/a><\/p>\n<p>Segue abaixo o grid de largada completo:<\/p>\n<p>1\u00b0 Wellington Cirino (Mercedes-Benz)<br>2\u00b0 Paulo Salustiano (Volkswagen)<br>3\u00b0 Felipe Giaffone (Iveco)<br>4\u00b0 Andr\u00e9 Marques (Mercedes-Benz)<br>5\u00b0 Pedro Paulo Fernandes (Mercedes-Benz)<br>6\u00b0 Giuliano Losacco (Mercedes-Benz)<br>7\u00b0 Beto Monteiro (Volkswagen)<br>8\u00b0 Roberval Andrade (Volkswagen)<br>9\u00b0 Valmir Benavides (Iveco)<br>10\u00b0 Debora Rodrigues (Volkswagen)<br>11\u00b0 Fabio Foga\u00e7a (Prot\u00f3tipo)<br>12\u00b0 Adalberto Jardim (Prot\u00f3tipo)<br>13\u00b0 Danilo Alamini (MAN)<br>14\u00b0 Rodrigo Pimenta (Prot\u00f3tipo)<br>15\u00b0 Felipe Tozzo (Iveco)<br>16\u00b0 Jaidson Zini (Mercedes-Benz)<br>17\u00b0 Glauco Barros (Mercedes-Benz)<br>18\u00b0 Djalma Pivetta (Iveco)<br>19\u00b0 Daniel Kelemen (Mercedes-Benz)<br>20\u00b0 Ricardo Alvarez (Scania)<br>21\u00b0 Luiz Lopes (Mercedes-Benz)<br>22\u00b0 Danilo Dirani (Mercedes-Benz)<br>23\u00ba Evandro Camargo (Mercedes-Benz)<br>24\u00ba Maicon Roncem (Volvo).<\/p>\n\n\n<p><\/p>\n\n\n\n<figure class=\"wp-block-table\"><table><tbody><tr><td>Texto e informa\u00e7\u00f5es: <strong>Bruno Vicaria<\/strong><br><a href=\"https:\/\/click.presskit.com.br\/url\/809366aa01\/58564993951\">vicaria@copatruck.com.br<\/a>\/<a href=\"https:\/\/click.presskit.com.br\/url\/809362aae6\/58564993951\">imprensa@copatruck.com.br<\/a><\/td><\/tr><\/tbody><\/table><\/figure>\n","protected":false},"excerpt":{"rendered":"<p>Cirino garantiu a posi\u00e7\u00e3o de honra ap\u00f3s Roberval Andrade ter perdido sua melhor marca por ter passado do limite de 160,9 km\/h do radar localizado [&hellip;]<\/p>\n","protected":false},"author":2,"featured_media":5695,"comment_status":"closed","ping_status":"closed","sticky":false,"template":"","format":"standard","meta":{"ngg_post_thumbnail":0,"footnotes":""},"categories":[3],"tags":[],"class_list":["post-5685","post","type-post","status-publish","format-standard","has-post-thumbnail","hentry","category-noticias"],"_links":{"self":[{"href":"https:\/\/www.r9competicoes.com.br\/r9\/wp-json\/wp\/v2\/posts\/5685","targetHints":{"allow":["GET"]}}],"collection":[{"href":"https:\/\/www.r9competicoes.com.br\/r9\/wp-json\/wp\/v2\/posts"}],"about":[{"href":"https:\/\/www.r9competicoes.com.br\/r9\/wp-json\/wp\/v2\/types\/post"}],"author":[{"embeddable":true,"href":"https:\/\/www.r9competicoes.com.br\/r9\/wp-json\/wp\/v2\/users\/2"}],"replies":[{"embeddable":true,"href":"https:\/\/www.r9competicoes.com.br\/r9\/wp-json\/wp\/v2\/comments?post=5685"}],"version-history":[{"count":3,"href":"https:\/\/www.r9competicoes.com.br\/r9\/wp-json\/wp\/v2\/posts\/5685\/revisions"}],"predecessor-version":[{"id":7472,"href":"https:\/\/www.r9competicoes.com.br\/r9\/wp-json\/wp\/v2\/posts\/5685\/revisions\/7472"}],"wp:featuredmedia":[{"embeddable":true,"href":"https:\/\/www.r9competicoes.com.br\/r9\/wp-json\/wp\/v2\/media\/5695"}],"wp:attachment":[{"href":"https:\/\/www.r9competicoes.com.br\/r9\/wp-json\/wp\/v2\/media?parent=5685"}],"wp:term":[{"taxonomy":"category","embeddable":true,"href":"https:\/\/www.r9competicoes.com.br\/r9\/wp-json\/wp\/v2\/categories?post=5685"},{"taxonomy":"post_tag","embeddable":true,"href":"https:\/\/www.r9competicoes.com.br\/r9\/wp-json\/wp\/v2\/tags?post=5685"}],"curies":[{"name":"wp","href":"https:\/\/api.w.org\/{rel}","templated":true}]}}