{"id":5696,"date":"2021-06-27T21:24:55","date_gmt":"2021-06-28T00:24:55","guid":{"rendered":"https:\/\/www.r9competicoes.com.br\/r9\/?p=5696"},"modified":"2024-08-04T09:37:55","modified_gmt":"2024-08-04T12:37:55","slug":"dobradinha-r9-volkswagen-nas-duas-posicoes-mais-altas-no-podio-de-interlagos","status":"publish","type":"post","link":"https:\/\/www.r9competicoes.com.br\/r9\/2021\/06\/dobradinha-r9-volkswagen-nas-duas-posicoes-mais-altas-no-podio-de-interlagos\/","title":{"rendered":"Dobradinha R9\/Volkswagen nas duas posi\u00e7\u00f5es mais altas do p\u00f3dio de Interlagos"},"content":{"rendered":"\n<p>Ningu\u00e9m conseguiu parar Paulo Salustiano, que faturou a segunda bateria e se tornou o maior vencedor da hist\u00f3ria do Templo, com quatro conquistas, e ampliou o n\u00famero de conquistas da Volkswagen em S\u00e3o Paulo para seis em uma etapa extremamente movimentada.<\/p>\n\n\n\n<figure class=\"wp-block-image size-large\"><img decoding=\"async\" src=\"https:\/\/www.r9competicoes.com.br\/r9\/wp-content\/uploads\/2021\/06\/393591_974068_02_copatruck2021_rafaelgagliano_interlagios_0120845-600x400.jpg\" alt=\"\" class=\"wp-image-5697\"\/><\/figure>\n\n\n\n<p>A corrida complementar conseguiu ser t\u00e3o emocionante quanto a anterior. A come\u00e7ar pela puni\u00e7\u00e3o ao ent\u00e3o l\u00edder (da prova e do campeonato) Andr\u00e9 Marques por conta de uma queima acintosa de largada. Com isso, a briga pela vit\u00f3ria ficou entre Roberval, Giaffone, Beto, PP Fernandes e Salustiano, que passou um por um para vencer com cinco segundos de vantagem.<\/p>\n\n\n\n<figure class=\"wp-block-image size-large\"><img loading=\"lazy\" decoding=\"async\" width=\"600\" height=\"400\" src=\"https:\/\/www.r9competicoes.com.br\/r9\/wp-content\/uploads\/2021\/06\/393586_974085_02_copatruck2021_dudabairros_interlagos_044258-600x400.webp\" alt=\"\" class=\"wp-image-5699\" srcset=\"https:\/\/www.r9competicoes.com.br\/r9\/wp-content\/uploads\/2021\/06\/393586_974085_02_copatruck2021_dudabairros_interlagos_044258-600x400.webp 600w, https:\/\/www.r9competicoes.com.br\/r9\/wp-content\/uploads\/2021\/06\/393586_974085_02_copatruck2021_dudabairros_interlagos_044258-450x300.webp 450w, https:\/\/www.r9competicoes.com.br\/r9\/wp-content\/uploads\/2021\/06\/393586_974085_02_copatruck2021_dudabairros_interlagos_044258-768x512.webp 768w, https:\/\/www.r9competicoes.com.br\/r9\/wp-content\/uploads\/2021\/06\/393586_974085_02_copatruck2021_dudabairros_interlagos_044258.webp 777w\" sizes=\"auto, (max-width: 600px) 100vw, 600px\" \/><figcaption>DCIM101GOPROG0061835.JPG<\/figcaption><\/figure>\n\n\n\n<p>\u201cTivemos problemas na primeira etapa, em Goi\u00e2nia, e sa\u00ed na primeira volta. Aqui eu larguei em segundo, tentei ir para cima do Cirino, mas eu n\u00e3o conseguia me aproximar dele. J\u00e1 na segunda corrida, com a invers\u00e3o do grid, eu me livrei do pessoal, consegui chegar na turma da frente; disputamos, lutamos e gra\u00e7as a Deus no final deu tudo certo\u201d, conclui Salustiano.<\/p>\n\n\n\n<figure class=\"wp-block-image size-large\"><img decoding=\"async\" src=\"https:\/\/www.r9competicoes.com.br\/r9\/wp-content\/uploads\/2021\/06\/393586_974087_02_copatruck2021_dudabairros_interlagos_043808-600x400.jpg\" alt=\"\" class=\"wp-image-5698\"\/><\/figure>\n\n\n\n<p>Interlagos recebeu duas corridas bastante disputadas pela segunda etapa da temporada 2021 da Copa Truck. Com vit\u00f3rias de Wellington Cirino e Paulo Salustiano, a classifica\u00e7\u00e3o do campeonato sofre altera\u00e7\u00f5es importantes em rela\u00e7\u00e3o ao final da primeira etapa, disputada h\u00e1 pouco mais de um m\u00eas em Goi\u00e2nia (GO).<\/p>\n\n\n\n<figure class=\"wp-block-image size-large\"><img decoding=\"async\" src=\"https:\/\/www.r9competicoes.com.br\/r9\/wp-content\/uploads\/2021\/06\/393586_974083_02_copatruck2021_dudabairros_interlagos_043950-600x400.jpg\" alt=\"\" class=\"wp-image-5700\"\/><\/figure>\n\n\n\n<p>Resultado extra-oficial \u2013 Corrida 1:<br>1\u00b0 Wellington Cirino (Mercedes-Benz) 11 voltas em 27:45.441<br>2\u00b0 Paulo Salustiano (Volkswagen) a 1.833<br>3\u00b0 Beto Monteiro (Mercedes-Benz) 2.673<br>4\u00b0 Felipe Giafffone (Iveco) a 3.993<br>5\u00b0 Roberval Andrade (Mercedes-Benz) a 4.657<br>6\u00b0 Andr\u00e9 Marques (Mercedes-Benz) a 4.958<br>7\u00b0 Pedro Paulo Fernandes (S) (Mercedes-Benz) a 6.179<br>8\u00b0 Jaidson Zini (Mercedes-Benz) a 8.865<br>9\u00b0 Fabio Foga\u00e7a (S) (Prot\u00f3tipo) a 9.899<br>10\u00b0 Felipe Tozzo (S) (Iveco) a 11.910<br>11\u00b0 Luiz Lopes (Mercedes-Benz) a 13.357<br>12\u00b0 Adalberto Jardim (Prot\u00f3tipo) a 16.555<br>13\u00b0 Djalma Pivetta (S) (Iveco) a 18.697<br>14\u00b0 Ricardo Alvarez (S) (Scania) a 22.509<br>15\u00b0 Debora Rodrigues (Mercedes-Benz) a 26.883<br>16\u00b0 Glauco Barros (S) (Mercedes-Benz) a 40.026<br>17\u00b0 Valmir Benavides (Iveco) a 1 Volta<br>18\u00b0 Danilo Alamini (S) (MAN) a 1 Volta<br>19\u00b0 Giuliano Losacco (S) (Mercedes-Benz) a 2 Voltas<br>20\u00b0 Evandro Camargo (S) (Mercedes-Benz) a 2 Voltas<br>N\u00e3o completaram<br>Daniel Kelemen (S) (Mercedes-Benz)<br>Maicon Roncen (S) (Volvo)<br>Rodrigo Pimenta (S) (Prot\u00f3tipo)<br>N\u00e3o largou<br>Danilo Dirani (Mercedes-Benz)<br>(S) Super Truck<\/p>\n\n\n\n<figure class=\"wp-block-image size-large\"><img decoding=\"async\" src=\"https:\/\/www.r9competicoes.com.br\/r9\/wp-content\/uploads\/2021\/06\/393591_974066_vanderley_soares-600x400.jpg\" alt=\"\" class=\"wp-image-5701\"\/><\/figure>\n\n\n\n<p>Resultado extra-oficial \u2013 Corrida 2:<br>1\u00b0 Paulo Salustiano (Volkswagen) 10 voltas em 22:07.205<br>2\u00b0 Roberval Andrade (Volkswagen) a 5.123<br>3\u00b0 Felipe Giaffone (Iveco) a 6.436<br>4\u00b0 Welligton Cirino (Mercedes-Benz) a 6.894<br>5\u00b0 Pedro Paulo Fernandes (S) (Mercedes-Benz) a 7.578<br>6\u00b0 Beto Monteiro (Volkswagen) a 9.241<br>7\u00b0 Andr\u00e9 Marques (Mercedes-Benz) a 12.773<br>8\u00b0 Adalberto Jardim (Prot\u00f3tipo) a 32.866<br>9\u00b0 Evandro Camargo (S) (Mercedes-Benz) a 33.716<br>10\u00b0 Valmir Benavides (Iveco) a 36.090<br>11\u00b0 Dedora Rodrigues (Volkswagen) a 36.715<br>12\u00b0 Jaidson Zini (Mercedes-Benz) a 41.958<br>13\u00b0 Luiz Lopes (Mercedes-Benz) a 45.244<br>14\u00b0 Danilo Alamini (S) (MAN) a 45.366<br>15\u00b0 Glauco Barros (S) (Mercedes-Benz) a 49.191<br>16\u00b0 Daniel Kelemen (S) (Mercedes-Benz) a 1:10.892<br>17\u00b0 Ricardo Alvarez (S) (Scania) a 1 Volta<br>18\u00b0 Felipe Tozzo (S) (Iveco) a 2 Voltas<br>N\u00e3o completaram<br>Fabio Foga\u00e7a (S) (Prot\u00f3tipo)<br>Djalma Pivetta (S) (Iveco)<br>N\u00e3o largaram<br>Giuliano Losacco (S) (Mercedes-Benz)<br>Maicon Roncen (S) (Volvo)<br>Rodrigo Pimenta (S) (Prot\u00f3tipo)<br>Danilo Dirani (Mercedes-Benz)<br>(S) Super Truck<\/p>\n\n\n\n<p>Classifica\u00e7\u00e3o do campeonato (Top-10 extra-oficial COPA TRUCK):<br>1. Wellington Cirino, 68 pontos<br>2. Andr\u00e9 Marques, 62<br>3. Felipe Giaffone, 52<br>4. Valmir Benavides, 46<br>5. Jaidson Zini, 44<br>6. Luiz Lopes, 42<br>7. Paulo Salustiano, 38<br>8. Adalberto Jardim, 36<br>9. Roberval Andrade, 31<br>10. Beto Monteiro, 29<\/p>\n\n\n\n<p>Classifica\u00e7\u00e3o do campeonato (Top-10 extra-oficial SUPER TRUCK):<br>1. Felipe Tozzo, 61 pontos<br>2. Evandro Camargo, 57<br>3. Giuliano Losacco, 52<br>4. Glauco Barros, 49<br>5. Djalma Piveta, 41<br>6. Pedro Paulo Fernandes, 40<br>7. Jos\u00e9 Augusto dias, 32<br>8. Danilo Alamini, 27<br>9. Daniel Kelemen, 26<br>10. Ricardo Alvarez, 25<\/p>\n\n\n\n<p>Vencedores at\u00e9 o momento na temporada:<br>Goi\u00e2nia: Felipe Giaffone (Iveco) e Andr\u00e9 Marques (Mercedes)<br>Interlagos: Wellington Cirino (Mercedes) e Paulo Salustiano (Volkswagen)<\/p>\n\n\n\n<p>Calend\u00e1rio Copa Truck 2021<br>23\/05: Goi\u00e2nia (GO)<br>27\/06: Interlagos (SP)<br>17 e 18\/07: Cascavel (PR)<br>15\/08: Tarum\u00e3 (RS)<br>04 e 05\/09: Curitiba (PR)<br>03\/10: Potenza (MG)\/ou outro local<br>05\/12: Curitiba (PR).<\/p>\n\n\n\n<figure class=\"wp-block-table\"><table><tbody><tr><td> <p><span class=\"has-inline-color has-brown-color\"><em>Mais informa\u00e7\u00f5es para a Imprensa:<\/em><br><em><strong>Bruno Vicaria<\/strong><\/em><br><em><a href=\"https:\/\/click.presskit.com.br\/url\/80947797a3\/58564993951\">vicaria@copatruck.com.br<\/a>\/<a href=\"https:\/\/click.presskit.com.br\/url\/8094735b52\/58564993951\">imprensa@copatruck.com.br<\/a>\u00a0<\/em><br><em>11. 98196.3069<\/em><\/span><\/p> <\/td><\/tr><\/tbody><\/table><\/figure>\n\n\n\n<p><\/p>\n","protected":false},"excerpt":{"rendered":"<p>Ningu\u00e9m conseguiu parar Paulo Salustiano, que faturou a segunda bateria e se tornou o maior vencedor da hist\u00f3ria do Templo, com quatro conquistas, e ampliou [&hellip;]<\/p>\n","protected":false},"author":2,"featured_media":5697,"comment_status":"closed","ping_status":"closed","sticky":false,"template":"","format":"standard","meta":{"ngg_post_thumbnail":0,"footnotes":""},"categories":[3],"tags":[],"class_list":["post-5696","post","type-post","status-publish","format-standard","has-post-thumbnail","hentry","category-noticias"],"_links":{"self":[{"href":"https:\/\/www.r9competicoes.com.br\/r9\/wp-json\/wp\/v2\/posts\/5696","targetHints":{"allow":["GET"]}}],"collection":[{"href":"https:\/\/www.r9competicoes.com.br\/r9\/wp-json\/wp\/v2\/posts"}],"about":[{"href":"https:\/\/www.r9competicoes.com.br\/r9\/wp-json\/wp\/v2\/types\/post"}],"author":[{"embeddable":true,"href":"https:\/\/www.r9competicoes.com.br\/r9\/wp-json\/wp\/v2\/users\/2"}],"replies":[{"embeddable":true,"href":"https:\/\/www.r9competicoes.com.br\/r9\/wp-json\/wp\/v2\/comments?post=5696"}],"version-history":[{"count":1,"href":"https:\/\/www.r9competicoes.com.br\/r9\/wp-json\/wp\/v2\/posts\/5696\/revisions"}],"predecessor-version":[{"id":7473,"href":"https:\/\/www.r9competicoes.com.br\/r9\/wp-json\/wp\/v2\/posts\/5696\/revisions\/7473"}],"wp:featuredmedia":[{"embeddable":true,"href":"https:\/\/www.r9competicoes.com.br\/r9\/wp-json\/wp\/v2\/media\/5697"}],"wp:attachment":[{"href":"https:\/\/www.r9competicoes.com.br\/r9\/wp-json\/wp\/v2\/media?parent=5696"}],"wp:term":[{"taxonomy":"category","embeddable":true,"href":"https:\/\/www.r9competicoes.com.br\/r9\/wp-json\/wp\/v2\/categories?post=5696"},{"taxonomy":"post_tag","embeddable":true,"href":"https:\/\/www.r9competicoes.com.br\/r9\/wp-json\/wp\/v2\/tags?post=5696"}],"curies":[{"name":"wp","href":"https:\/\/api.w.org\/{rel}","templated":true}]}}