{"id":5758,"date":"2021-09-03T21:49:02","date_gmt":"2021-09-04T00:49:02","guid":{"rendered":"https:\/\/www.r9competicoes.com.br\/r9\/?p=5758"},"modified":"2021-09-03T22:07:55","modified_gmt":"2021-09-04T01:07:55","slug":"copa-truck-beto-monteiro-e-o-mais-rapido-da-sexta-em-curitiba","status":"publish","type":"post","link":"https:\/\/www.r9competicoes.com.br\/r9\/2021\/09\/copa-truck-beto-monteiro-e-o-mais-rapido-da-sexta-em-curitiba\/","title":{"rendered":"Copa Truck: Beto Monteiro \u00e9 o mais r\u00e1pido da sexta em Curitiba"},"content":{"rendered":"<p>Beto Monteiro fez o melhor tempo do dia, na terceira sess\u00e3o, j\u00e1 no final da tarde. O atual campe\u00e3o da Copa Truck marcou 1min41s948 com seu Volkswagen #88. &#8220;O treino foi muito bom, muito produtivo. Trabalhamos bastante e conseguimos descobrir algumas melhorias em rela\u00e7\u00e3o \u00e0 etapa passada. Hoje foi tudo bem. Agora \u00e9 focar que amanh\u00e3 j\u00e1 tem classifica\u00e7\u00e3o e corrida\u201d, disse Beto Monteiro (R9 Competi\u00e7\u00f5es\/Volkswagen).<\/p>\r\n<p><a  href=\"https:\/\/www.r9competicoes.com.br\/r9\/wp-content\/uploads\/2021\/09\/396760_983385_zoio2801.jpg\" data-rel=\"lightbox-gallery-0\" data-rl_title=\"R9 Competi\u00e7\u00f5es\" data-rl_caption=\"\" title=\"R9 Competi\u00e7\u00f5es\"><img loading=\"lazy\" decoding=\"async\" class=\"aligncenter wp-image-5759 size-large\" src=\"https:\/\/www.r9competicoes.com.br\/r9\/wp-content\/uploads\/2021\/09\/396760_983385_zoio2801-600x400.jpg\" alt=\"\" width=\"600\" height=\"400\" srcset=\"https:\/\/www.r9competicoes.com.br\/r9\/wp-content\/uploads\/2021\/09\/396760_983385_zoio2801-600x400.jpg 600w, https:\/\/www.r9competicoes.com.br\/r9\/wp-content\/uploads\/2021\/09\/396760_983385_zoio2801-450x300.jpg 450w, https:\/\/www.r9competicoes.com.br\/r9\/wp-content\/uploads\/2021\/09\/396760_983385_zoio2801-768x512.jpg 768w, https:\/\/www.r9competicoes.com.br\/r9\/wp-content\/uploads\/2021\/09\/396760_983385_zoio2801.jpg 1024w\" sizes=\"auto, (max-width: 600px) 100vw, 600px\" \/><\/a><\/p>\r\n<p>De fato, Beto mostrou bastante velocidade no Aut\u00f3dromo Internacional de Curitiba. Monteiro foi segundo na sess\u00e3o que abriu o dia e terceiro no in\u00edcio da tarde. No treino derradeiro, foi o mais r\u00e1pido com a melhor marca do dia.<\/p>\r\n<p>Roberval Andrade e Paulo Salustiano, da Volkswagen, fecharam a lista dos cinco melhores.<\/p>\r\n<p><a  href=\"https:\/\/www.r9competicoes.com.br\/r9\/wp-content\/uploads\/2021\/09\/396757_983382_06_copatruck2021_dudabairros_curitiba_020072.jpg\" data-rel=\"lightbox-gallery-0\" data-rl_title=\"R9 Competi\u00e7\u00f5es\" data-rl_caption=\"\" title=\"R9 Competi\u00e7\u00f5es\"><img loading=\"lazy\" decoding=\"async\" class=\"alignright wp-image-5760 size-large\" src=\"https:\/\/www.r9competicoes.com.br\/r9\/wp-content\/uploads\/2021\/09\/396757_983382_06_copatruck2021_dudabairros_curitiba_020072-399x600.jpg\" alt=\"\" width=\"399\" height=\"600\" srcset=\"https:\/\/www.r9competicoes.com.br\/r9\/wp-content\/uploads\/2021\/09\/396757_983382_06_copatruck2021_dudabairros_curitiba_020072-399x600.jpg 399w, https:\/\/www.r9competicoes.com.br\/r9\/wp-content\/uploads\/2021\/09\/396757_983382_06_copatruck2021_dudabairros_curitiba_020072-299x450.jpg 299w, https:\/\/www.r9competicoes.com.br\/r9\/wp-content\/uploads\/2021\/09\/396757_983382_06_copatruck2021_dudabairros_curitiba_020072.jpg 432w\" sizes=\"auto, (max-width: 399px) 100vw, 399px\" \/><\/a><\/p>\r\n<p>Na Super Truck Jos\u00e9 Augusto Dias completou a rela\u00e7\u00e3o dos tr\u00eas melhores.<\/p>\r\n<p>A programa\u00e7\u00e3o deste s\u00e1bado (4) j\u00e1 ser\u00e1 movimentada com treinos livres, tomada de tempos e as duas corridas com largadas programadas para as 14h10 e 14h45, e no domingo (5) as atividades ser\u00e3o v\u00e1lidas pela s\u00e9tima etapa com a largada para as disputas tamb\u00e9m a partir das 14h10 (segunda largada 14h45). Tanto no s\u00e1bado como no domingo as provas ter\u00e3o transmiss\u00e3o ao vivo por Band, SporTV2 e pelos canais oficiais da Copa Truck no YouTube e no Facebook \u2013 a categoria transmite tamb\u00e9m as tomadas de tempo nos dois dias.<\/p>\r\n\r\n<figure class=\"wp-block-table\">\r\n<table>\r\n<tbody>\r\n<tr>\r\n<td>Confira os tempos:<br>1\u00b0 #88 Beto Monteiro VW 1:41.948<br>2\u00b0 #6 Wellington Cirino MB 1:42.003<br>3\u00b0 #4 Felipe Giaffone IVE 1:42.555<br>4\u00b0 #15 Roberval Andrade VW 1:42.647<br>5\u00b0 #55 Paulo Salustiano VW 1:42.843<br>6\u00b0 #77 Andre Marques MB 1:43.131<br>7\u00b0 #90 Giuliano Losacco MB\/S 1:43.405<br>8\u00b0 #28 Danilo Dirani MB 1:43.524<br>9\u00b0 #83 Regis Boessio VOL 1:44.380<br>10\u00b0 #2 Valmir Benavides IVE 1:44.584<br>11\u00b0 #81 Jose Augusto Dias VW\/S 1:44.917<br>12\u00b0 #27 Fabio Foga\u00e7a PRO\/S 1:44.994<br>13\u00b0 #7 Debora Rodrigues VW 1:45.117<br>14\u00b0 #99 Luiz Lopes IVE 1:45.309<br>15\u00b0 #21 Djalma PIvetta IVE\/S 1:45.369<br>16\u00b0 #69 Evandro Camargo MB\/S 1:45.536<br>17\u00b0 #5 Adalberto Jardim PRO 1:45.731<br>18\u00b0 #8 Rodrigo Pimenta PRO\/S 1:45.902<br>19\u00b0 #25 Jaidson Zini MB\/S 1:46.004<br>20\u00b0 #0 Danilo Alamini VW\/S 1:46.140<br>21\u00b0 #57 Felipe Tozzo IVE\/S 1:46.194<br>22\u00b0 #45 Daniel Kelemen MB\/S 1:46.334<br>23\u00b0 #43 Glauco Barros MB\/S 1:46.620<br>24\u00b0 #3 Ricardo Alvarez SCA\/S 1:53.292<br><br><strong>S\u00e1bado, 4 de setembro<\/strong><br>09:35 \u2013 Classifica\u00e7\u00e3o<br>14:13 \u2013 Corrida 1 (25 min)<br>14:45 \u2013 Corrida 2 (20 min)<br><br><strong>Domingo, 5 de setembro<\/strong><br>08:00 \u2013 Warm Up<br>08:50 \u2013 Classifica\u00e7\u00e3o<br>14:13 \u2013 Corrida 1 (25 min)<br>14:45 \u2013 Corrida 2 (20 min)<\/td>\r\n<\/tr>\r\n<\/tbody>\r\n<\/table>\r\n<\/figure>\r\n\r\n\r\n\r\n<figure class=\"wp-block-table\">\r\n<table>\r\n<tbody>\r\n<tr>\r\n<td><strong>Informa\u00e7\u00f5es de:<br>Cleber Bernuci \u2013 P1 Media Relations<\/strong><br><strong>Bruno Vicaria &#8211; BVP<\/strong><\/td>\r\n<\/tr>\r\n<\/tbody>\r\n<\/table>\r\n<\/figure>\r\n","protected":false},"excerpt":{"rendered":"<p>Beto Monteiro fez o melhor tempo do dia, na terceira sess\u00e3o, j\u00e1 no final da tarde. O atual campe\u00e3o da Copa Truck marcou 1min41s948 com [&hellip;]<\/p>\n","protected":false},"author":2,"featured_media":5761,"comment_status":"closed","ping_status":"closed","sticky":false,"template":"","format":"standard","meta":{"ngg_post_thumbnail":0,"footnotes":""},"categories":[3],"tags":[],"class_list":["post-5758","post","type-post","status-publish","format-standard","has-post-thumbnail","hentry","category-noticias"],"_links":{"self":[{"href":"https:\/\/www.r9competicoes.com.br\/r9\/wp-json\/wp\/v2\/posts\/5758","targetHints":{"allow":["GET"]}}],"collection":[{"href":"https:\/\/www.r9competicoes.com.br\/r9\/wp-json\/wp\/v2\/posts"}],"about":[{"href":"https:\/\/www.r9competicoes.com.br\/r9\/wp-json\/wp\/v2\/types\/post"}],"author":[{"embeddable":true,"href":"https:\/\/www.r9competicoes.com.br\/r9\/wp-json\/wp\/v2\/users\/2"}],"replies":[{"embeddable":true,"href":"https:\/\/www.r9competicoes.com.br\/r9\/wp-json\/wp\/v2\/comments?post=5758"}],"version-history":[{"count":0,"href":"https:\/\/www.r9competicoes.com.br\/r9\/wp-json\/wp\/v2\/posts\/5758\/revisions"}],"wp:featuredmedia":[{"embeddable":true,"href":"https:\/\/www.r9competicoes.com.br\/r9\/wp-json\/wp\/v2\/media\/5761"}],"wp:attachment":[{"href":"https:\/\/www.r9competicoes.com.br\/r9\/wp-json\/wp\/v2\/media?parent=5758"}],"wp:term":[{"taxonomy":"category","embeddable":true,"href":"https:\/\/www.r9competicoes.com.br\/r9\/wp-json\/wp\/v2\/categories?post=5758"},{"taxonomy":"post_tag","embeddable":true,"href":"https:\/\/www.r9competicoes.com.br\/r9\/wp-json\/wp\/v2\/tags?post=5758"}],"curies":[{"name":"wp","href":"https:\/\/api.w.org\/{rel}","templated":true}]}}