{"id":5893,"date":"2022-03-12T18:01:26","date_gmt":"2022-03-12T21:01:26","guid":{"rendered":"https:\/\/www.r9competicoes.com.br\/r9\/?p=5893"},"modified":"2022-03-12T18:01:26","modified_gmt":"2022-03-12T21:01:26","slug":"vitoria-de-salustiano-e-podios-da-debora-e-beto-monteiro-no-sul","status":"publish","type":"post","link":"https:\/\/www.r9competicoes.com.br\/r9\/2022\/03\/vitoria-de-salustiano-e-podios-da-debora-e-beto-monteiro-no-sul\/","title":{"rendered":"Vit\u00f3ria de Salustiano e p\u00f3dios da D\u00e9bora e Beto Monteiro no Sul"},"content":{"rendered":"<table width=\"100%\">\n<tbody>\n<tr>\n<td>A temporada 2022 da Copa Truck come\u00e7ou com a corda toda em Santa Cruz do Sul (RS). Nas duas provas que corresponderam \u00e0 etapa de abertura, Paulo Salustiano venceu a segunda corrida, enquanto D\u00e9bora Rodrigues e Beto Monteiro conquistaram p\u00f3dio para R9 Competi\u00e7\u00f5es \/ Volkswagen.<\/td>\n<\/tr>\n<\/tbody>\n<\/table>\n<p><a  href=\"https:\/\/www.r9competicoes.com.br\/r9\/wp-content\/uploads\/2022\/03\/32164775_rafa.jpg\" data-rel=\"lightbox-gallery-0\" data-rl_title=\"R9 Competi\u00e7\u00f5es\" data-rl_caption=\"\" title=\"R9 Competi\u00e7\u00f5es\"><img loading=\"lazy\" decoding=\"async\" class=\"aligncenter size-full wp-image-5894\" src=\"https:\/\/www.r9competicoes.com.br\/r9\/wp-content\/uploads\/2022\/03\/32164775_rafa.jpg\" alt=\"\" width=\"1024\" height=\"683\" srcset=\"https:\/\/www.r9competicoes.com.br\/r9\/wp-content\/uploads\/2022\/03\/32164775_rafa.jpg 1024w, https:\/\/www.r9competicoes.com.br\/r9\/wp-content\/uploads\/2022\/03\/32164775_rafa-450x300.jpg 450w, https:\/\/www.r9competicoes.com.br\/r9\/wp-content\/uploads\/2022\/03\/32164775_rafa-600x400.jpg 600w, https:\/\/www.r9competicoes.com.br\/r9\/wp-content\/uploads\/2022\/03\/32164775_rafa-768x512.jpg 768w\" sizes=\"auto, (max-width: 1024px) 100vw, 1024px\" \/><\/a><\/p>\n<table width=\"100%\">\n<tbody>\n<tr>\n<td>O que n\u00e3o faltou nas duas corridas foi emo\u00e7\u00e3o. As caracter\u00edsticas da pista, bastante seletiva e travada, renderam muitos toques e acidentes \u2013 o mais marcante dele provocou a interven\u00e7\u00e3o do Safety Truck em boa parte da corrida 2, quando Fabiano Cardoso acabou rodando e sendo atingido de frente por Roberval Andrade e Jos\u00e9 Augusto Dias (R9).<\/td>\n<\/tr>\n<\/tbody>\n<\/table>\n<p><a  href=\"https:\/\/www.r9competicoes.com.br\/r9\/wp-content\/uploads\/2022\/03\/32164775_zoio.jpg\" data-rel=\"lightbox-gallery-0\" data-rl_title=\"R9 Competi\u00e7\u00f5es\" data-rl_caption=\"\" title=\"R9 Competi\u00e7\u00f5es\"><img loading=\"lazy\" decoding=\"async\" class=\"aligncenter size-full wp-image-5895\" src=\"https:\/\/www.r9competicoes.com.br\/r9\/wp-content\/uploads\/2022\/03\/32164775_zoio.jpg\" alt=\"\" width=\"1024\" height=\"683\" srcset=\"https:\/\/www.r9competicoes.com.br\/r9\/wp-content\/uploads\/2022\/03\/32164775_zoio.jpg 1024w, https:\/\/www.r9competicoes.com.br\/r9\/wp-content\/uploads\/2022\/03\/32164775_zoio-450x300.jpg 450w, https:\/\/www.r9competicoes.com.br\/r9\/wp-content\/uploads\/2022\/03\/32164775_zoio-600x400.jpg 600w, https:\/\/www.r9competicoes.com.br\/r9\/wp-content\/uploads\/2022\/03\/32164775_zoio-768x512.jpg 768w\" sizes=\"auto, (max-width: 1024px) 100vw, 1024px\" \/><\/a><\/p>\n<table width=\"100%\">\n<tbody>\n<tr>\n<td>Na briga pela vit\u00f3ria da corrida 1, <span style=\"font-family: inherit; font-size: inherit; color: #737373;\">Beto Monteiro disputou at\u00e9 os minutos finais com Cirino e Giaffone. A prova 2<\/span><span style=\"font-family: inherit; font-size: inherit;\">, com as poucas voltas que teve, compensou a interven\u00e7\u00e3o, com Salustiano ultrapassando Regis Boessio de forma ousada na curva do La\u00e7o. Em seu melhor resultado na Copa Truck, D\u00e9bora Rodrigues subiu ao p\u00f3dio da prova 2 com a terceira posi\u00e7\u00e3o.<\/span><\/td>\n<\/tr>\n<\/tbody>\n<\/table>\n<p>&nbsp;<\/p>\n<p><a  href=\"https:\/\/www.r9competicoes.com.br\/r9\/wp-content\/uploads\/2022\/03\/32164775.jpg\" data-rel=\"lightbox-gallery-0\" data-rl_title=\"R9 Competi\u00e7\u00f5es\" data-rl_caption=\"\" title=\"R9 Competi\u00e7\u00f5es\"><img loading=\"lazy\" decoding=\"async\" class=\"aligncenter size-full wp-image-5896\" src=\"https:\/\/www.r9competicoes.com.br\/r9\/wp-content\/uploads\/2022\/03\/32164775.jpg\" alt=\"\" width=\"1024\" height=\"681\" srcset=\"https:\/\/www.r9competicoes.com.br\/r9\/wp-content\/uploads\/2022\/03\/32164775.jpg 1024w, https:\/\/www.r9competicoes.com.br\/r9\/wp-content\/uploads\/2022\/03\/32164775-450x299.jpg 450w, https:\/\/www.r9competicoes.com.br\/r9\/wp-content\/uploads\/2022\/03\/32164775-600x399.jpg 600w, https:\/\/www.r9competicoes.com.br\/r9\/wp-content\/uploads\/2022\/03\/32164775-768x511.jpg 768w\" sizes=\"auto, (max-width: 1024px) 100vw, 1024px\" \/><\/a><\/p>\n<table width=\"100%\">\n<tbody>\n<tr>\n<td>Neste domingo, o dia come\u00e7a com um warm up \u00e0s 7h50, com a classifica\u00e7\u00e3o rolando \u00e0s 8h30. As duas provas que fecham a programa\u00e7\u00e3o ser\u00e3o exibidas a partir das 13h45 nas telas da Band, SporTV3 e streamings oficiais.<\/p>\n<p>Confira abaixo os resultados do s\u00e1bado:<\/p>\n<p>PROVA 1<br \/>\n1\u00b0) #6 Wellington Cirino (MB) \u2013 15 Voltas, em 27:05.045<\/p>\n<p><strong>2\u00b0) #88 Beto Monteiro (VW) &#8211; a 7.734<\/strong><\/p>\n<p>3\u00b0) #4 Felipe Giaffone (IVE) \u2013 a 9.226<\/p>\n<p>4\u00b0) #15 Roberval Andrade (MB) \u2013 a 19.042<\/p>\n<p><strong>5\u00b0) #55 Paulo Salustiano (VW) \u2013 a 22.087<\/strong><\/p>\n<p>6\u00b0) #26 Raphael Abbate (IVE) \u2013 a 31.506 (S)<\/p>\n<p>7\u00b0) #83 R\u00e9gis Boessio (Vol) \u2013 a 34.319<\/p>\n<p><strong>8\u00b0) #7 Debora Rodrigues (VW) \u2013 a 35.143<\/strong><\/p>\n<p>9\u00b0) #69 Evandro Camargo (MB) \u2013 a 36.605 (S)<\/p>\n<p>10\u00b0) #57 Felipe Tozzo (IVE) \u2013 a 36.892 (S)<\/p>\n<p>11\u00b0) #451 Fabiano Cardoso (MB) \u2013 a 44.654 (S)<\/p>\n<p>12\u00b0) #99 Luiz Lopes (MB) \u2013 a 49.289<\/p>\n<p>13\u00b0) #0 Danilo Alamini (VW) \u2013 a 1:00.748 (S)<\/p>\n<p>14\u00b0) #29 PP Fernandes (MB) \u2013 a 1:01.932 (S)<\/p>\n<p>15\u00b0) #81 Jose Augusto Dias (VW) \u2013 a 1:02.995 (S)<\/p>\n<p>16\u00b0) #43 Glauco Barros (MB) \u2013 a 1:19.259&nbsp; (S)<\/p>\n<p>17\u00b0) #33 Rodrigo Taborda (VOL) \u2013 a 1 Volta (S)<\/p>\n<p>18\u00b0) #72 Djalma Foga\u00e7a (MB) \u2013 a 1 volta<\/p>\n<p>19\u00b0) #27 Fabio Foga\u00e7a (MB) \u2013 a 1 volta (S)<\/p>\n<p>20\u00b0) #71 P Jota (MB) \u2013 a 2 voltas (S)<\/p>\n<p>21\u00b0) #28 Danilo Dirani (MB) \u2013 a 5 voltas<\/p>\n<p>22\u00b0) #5 Adalberto Jardim (MB) \u2013 a 5 voltas<\/p>\n<p>23\u00b0) #21 Djalma Pivetta (IVE) \u2013 a 7 voltas (S)<\/p>\n<p>24\u00b0) #25 Jaidson Zini (MB) \u2013 a 12 voltas<\/p>\n<p>25\u00b0) #3 Ricardo Alvarez (SCA) \u2013 a 15 voltas (S)<\/p>\n<p>&nbsp;<\/p>\n<p>PROVA 2<br \/>\n<strong>1\u00b0) #55 Paulo Salustiano (VW) \u2013 8 Voltas, Em 21:54.764<\/strong><\/p>\n<p>2\u00b0) #83 Regis Boessio (VOL) \u2013 a 0.174<\/p>\n<p><strong>3\u00b0) #7 Debora Rodrigues (VW) \u2013 a 1.776<\/strong><\/p>\n<p>4\u00b0) #6 Wellington Cirino (MB) \u2013 a 2.236<\/p>\n<p>5\u00b0) #29 Pp Fernandes (MB) \u2013 a 3.882 (S)<\/p>\n<p>6\u00b0) #26 Raphael Abbate (IVE) &#8211; a 5.089 (S)<\/p>\n<p>7\u00b0) #69 Evandro Camargo (MB) \u2013 a 5.798 (S)<\/p>\n<p><strong>8\u00b0) #88 Beto Monteiro (VW) \u2013 a 6.606<\/strong><\/p>\n<p>9\u00b0) #99 Luiz Lopes (MB) \u2013 a 7.551<\/p>\n<p>10\u00b0) #0 Danilo Alamini (VW) \u2013 a 8.531 (S)<\/p>\n<p>11\u00b0) #4 Felipe Giaffone (IVE) \u2013 a 8.807<\/p>\n<p>12\u00b0) #5 Adalberto Jardim (MB) \u2013 a 11.754<\/p>\n<p>13\u00b0) #25 Jaidson Zini (MB) \u2013 a 13.473<\/p>\n<p>14\u00b0) #33 Rodrigo Taborda (Vol) \u2013 a 13.488 (S)<\/p>\n<p>15\u00b0) #43 Glauco Barros (MB) \u2013 a 14.036 (S)<\/p>\n<p>16\u00b0) #27 Fabio Foga\u00e7a (MB) \u2013 a 42.873 (S)<\/p>\n<p>17\u00b0) #15 Roberval Andrade (MB) \u2013 a 7 voltas<\/p>\n<p>18\u00b0) #57 Felipe Tozzo (IVE) \u2013 a 7 voltas (S)<\/p>\n<p>19\u00b0) #451 Fabiano Cardoso (MB) \u2013 a 7 voltas (S)<\/p>\n<p>20\u00b0) #81 Jose Augusto Dias (VW) \u2013 a 7 voltas (S)<\/p>\n<p>&nbsp;<\/p>\n<p>Pontua\u00e7\u00e3o ap\u00f3s uma etapa<\/p>\n<p>Geral<\/p>\n<ol>\n<li>Wellington Cirino, 34<\/li>\n<li><strong>Paulo Salustiano, 33<\/strong><\/li>\n<li><strong>Beto Monteiro, 31<\/strong><\/li>\n<li>Regis Boessio, 30<\/li>\n<li><strong>D\u00e9bora Rodrigues, 27<\/strong><\/li>\n<li>Felipe Giaffone, 27<\/li>\n<li>Luiz Lopes, 22<\/li>\n<li>Roberval Andrade, 16<\/li>\n<li>Djalma Foga\u00e7a, 11<\/li>\n<li>Adalberto Jardim, 8<\/li>\n<li>Jaidson Zini, 7<\/li>\n<li>Danilo Dirani, 0<\/li>\n<\/ol>\n<p>&nbsp;<\/p>\n<p>Super Truck<\/p>\n<ol>\n<li>Raphael Abbate, 38<\/li>\n<li>Evandro Camargo, 34<\/li>\n<li>PP Fernandes, 32<\/li>\n<li><strong>Danilo Alamini, 27<\/strong><\/li>\n<li>Rodrigo Taborda, 22<\/li>\n<li>Glauco Barros, 22<\/li>\n<li>Fabio Foga\u00e7a, 19<\/li>\n<li>Felipe Tozzo, 18<\/li>\n<li>Fabiano Cardoso, 16<\/li>\n<li><strong>Jos\u00e9 Augusto Dias, 13<\/strong><\/li>\n<li>Pe Jota, 9<\/li>\n<li>Ricardo Alvarez, 0<\/li>\n<li>Djalma Pivetta, 0<\/li>\n<\/ol>\n<pre>Texto:\r\n<strong>Bruno Vicaria<\/strong>\r\n11. 98196.3069<\/pre>\n<\/td>\n<\/tr>\n<\/tbody>\n<\/table>\n","protected":false},"excerpt":{"rendered":"<p>A temporada 2022 da Copa Truck come\u00e7ou com a corda toda em Santa Cruz do Sul (RS). Nas duas provas que corresponderam \u00e0 etapa de [&hellip;]<\/p>\n","protected":false},"author":2,"featured_media":5897,"comment_status":"closed","ping_status":"closed","sticky":false,"template":"","format":"standard","meta":{"ngg_post_thumbnail":0,"footnotes":""},"categories":[3],"tags":[],"class_list":["post-5893","post","type-post","status-publish","format-standard","has-post-thumbnail","hentry","category-noticias"],"_links":{"self":[{"href":"https:\/\/www.r9competicoes.com.br\/r9\/wp-json\/wp\/v2\/posts\/5893","targetHints":{"allow":["GET"]}}],"collection":[{"href":"https:\/\/www.r9competicoes.com.br\/r9\/wp-json\/wp\/v2\/posts"}],"about":[{"href":"https:\/\/www.r9competicoes.com.br\/r9\/wp-json\/wp\/v2\/types\/post"}],"author":[{"embeddable":true,"href":"https:\/\/www.r9competicoes.com.br\/r9\/wp-json\/wp\/v2\/users\/2"}],"replies":[{"embeddable":true,"href":"https:\/\/www.r9competicoes.com.br\/r9\/wp-json\/wp\/v2\/comments?post=5893"}],"version-history":[{"count":0,"href":"https:\/\/www.r9competicoes.com.br\/r9\/wp-json\/wp\/v2\/posts\/5893\/revisions"}],"wp:featuredmedia":[{"embeddable":true,"href":"https:\/\/www.r9competicoes.com.br\/r9\/wp-json\/wp\/v2\/media\/5897"}],"wp:attachment":[{"href":"https:\/\/www.r9competicoes.com.br\/r9\/wp-json\/wp\/v2\/media?parent=5893"}],"wp:term":[{"taxonomy":"category","embeddable":true,"href":"https:\/\/www.r9competicoes.com.br\/r9\/wp-json\/wp\/v2\/categories?post=5893"},{"taxonomy":"post_tag","embeddable":true,"href":"https:\/\/www.r9competicoes.com.br\/r9\/wp-json\/wp\/v2\/tags?post=5893"}],"curies":[{"name":"wp","href":"https:\/\/api.w.org\/{rel}","templated":true}]}}