{"id":5911,"date":"2022-04-30T00:01:49","date_gmt":"2022-04-30T03:01:49","guid":{"rendered":"https:\/\/www.r9competicoes.com.br\/r9\/?p=5911"},"modified":"2022-04-30T00:05:37","modified_gmt":"2022-04-30T03:05:37","slug":"copa-truck-volta-a-interlagos-e-tera-expo-truck-acrobacias-com-motos-desfile-de-caminhoes-e-cinco-corridas-em-um-unico-dia","status":"publish","type":"post","link":"https:\/\/www.r9competicoes.com.br\/r9\/2022\/04\/copa-truck-volta-a-interlagos-e-tera-expo-truck-acrobacias-com-motos-desfile-de-caminhoes-e-cinco-corridas-em-um-unico-dia\/","title":{"rendered":"Copa Truck volta a Interlagos e ter\u00e1 Expo Truck, acrobacias com motos, desfile de caminh\u00f5es e cinco corridas em um \u00fanico dia"},"content":{"rendered":"<p>A etapa de Interlagos da Copa Truck, marcada para acontecer neste fim de semana no templo do automobilismo brasileiro, ter\u00e1 bastante atividade dentro da pista com a presen\u00e7a tamb\u00e9m do GT Sprint Race e do TCR South America (reeditando a parceria de sucesso do ano anterior).<\/p>\n<p><a  href=\"https:\/\/www.r9competicoes.com.br\/r9\/wp-content\/uploads\/2022\/04\/32164722a.jpg\" data-rel=\"lightbox-gallery-0\" data-rl_title=\"D\u00e9bora Rodrigues em Interlagos\" data-rl_caption=\"\" title=\"D\u00e9bora Rodrigues em Interlagos\"><img loading=\"lazy\" decoding=\"async\" class=\"aligncenter size-full wp-image-5913\" src=\"https:\/\/www.r9competicoes.com.br\/r9\/wp-content\/uploads\/2022\/04\/32164722a.jpg\" alt=\"\" width=\"1280\" height=\"850\" srcset=\"https:\/\/www.r9competicoes.com.br\/r9\/wp-content\/uploads\/2022\/04\/32164722a.jpg 1280w, https:\/\/www.r9competicoes.com.br\/r9\/wp-content\/uploads\/2022\/04\/32164722a-450x299.jpg 450w, https:\/\/www.r9competicoes.com.br\/r9\/wp-content\/uploads\/2022\/04\/32164722a-600x398.jpg 600w, https:\/\/www.r9competicoes.com.br\/r9\/wp-content\/uploads\/2022\/04\/32164722a-768x510.jpg 768w\" sizes=\"auto, (max-width: 1280px) 100vw, 1280px\" \/><\/a><\/p>\n<p>Al\u00e9m das mais de 15 sess\u00f5es de treinos no fim de semana e de cinco corridas em um \u00fanico dia, o p\u00fablico ter\u00e1 muitas atividades extra-pista, como a Expo Truck \u2013 uma mini-feira localizada atr\u00e1s das arquibancadas cobertas com acesso livre aos portadores de ingressos -, o show de motocross da equipe de Jorge Negretti e desfiles de caminh\u00f5es e carros cl\u00e1ssicos.<\/p>\n<p>Falando em p\u00fablico, a entrada aos portadores de ingresso ser\u00e1 feita a partir de s\u00e1bado \u00e0s 7h30 (o mesmo hor\u00e1rio vale para o domingo). As entradas seguem \u00e0 venda com pre\u00e7os a partir de 40 reais no site oficial da categoria (www.copatruck.com.br).<\/p>\n<p><a  href=\"https:\/\/www.r9competicoes.com.br\/r9\/wp-content\/uploads\/2022\/04\/32164722.jpg\" data-rel=\"lightbox-gallery-0\" data-rl_title=\"Beto Monteiro em Interlagos\" data-rl_caption=\"\" title=\"Beto Monteiro em Interlagos\"><img loading=\"lazy\" decoding=\"async\" class=\"aligncenter size-full wp-image-5912\" src=\"https:\/\/www.r9competicoes.com.br\/r9\/wp-content\/uploads\/2022\/04\/32164722.jpg\" alt=\"\" width=\"2048\" height=\"1365\" srcset=\"https:\/\/www.r9competicoes.com.br\/r9\/wp-content\/uploads\/2022\/04\/32164722.jpg 2048w, https:\/\/www.r9competicoes.com.br\/r9\/wp-content\/uploads\/2022\/04\/32164722-450x300.jpg 450w, https:\/\/www.r9competicoes.com.br\/r9\/wp-content\/uploads\/2022\/04\/32164722-600x400.jpg 600w, https:\/\/www.r9competicoes.com.br\/r9\/wp-content\/uploads\/2022\/04\/32164722-768x512.jpg 768w, https:\/\/www.r9competicoes.com.br\/r9\/wp-content\/uploads\/2022\/04\/32164722-1536x1024.jpg 1536w\" sizes=\"auto, (max-width: 2048px) 100vw, 2048px\" \/><\/a><\/p>\n<p>Confira os hor\u00e1rios completos:<\/p>\n<p>S\u00e1bado<\/p>\n<p>07h30 \u2013 Abertura dos port\u00f5es<br \/>\n08h55 \u2013 GTSR \u2013 Treino Livre<br \/>\n09h50 \u2013 Copa Truck \u2013 Treino Livre 3<br \/>\n11h00 \u2013 TCR \u2013 Treino Livre 2<br \/>\n12h30 \u2013 GTSR \u2013 Treino Livre 2<br \/>\n13h30 \u2013 TCR \u2013 Classifica\u00e7\u00e3o<br \/>\n14h30 \u2013 Copa Truck \u2013 Classifica\u00e7\u00e3o<br \/>\n16h00 \u2013 GTSR \u2013 Classifica\u00e7\u00e3o<br \/>\n16h45 \u2013 Volta r\u00e1pida para convidados<\/p>\n<p>Domingo<\/p>\n<p>07h30 \u2013 Abertura dos port\u00f5es<br \/>\n08h00 \u2013 GTSR \u2013 Warm up<br \/>\n08h20 \u2013 Copa Truck \u2013 Warm up<br \/>\n08h43 \u2013 GTSR \u2013 Corrida 1<br \/>\n09h40 \u2013 TCR \u2013 Corrida de Duplas<br \/>\n10h50 \u2013 Visita\u00e7\u00e3o aos boxes para F\u00e3 Truck, Camarotes e Paddock<br \/>\n11h00 \u2013 Show de Motocross com equipe Jorge Negretti<br \/>\n12h00 \u2013 Desfile carros cl\u00e1ssicos<br \/>\n12h28 \u2013 GTSR \u2013 Corrida 2<br \/>\n13h00 \u2013 Copa Truck \u2013 Desfile de caminh\u00f5es<br \/>\n13h30 \u2013 Execu\u00e7\u00e3o do Hino Nacional Brasileiro<br \/>\n13h38 \u2013 Copa Truck \u2013 Corrida 1<br \/>\n14h10 \u2013 Copa Truck \u2013 Corrida 2<br \/>\n15h00 \u2013 Volta r\u00e1pida para convidados.<\/p>\n<p>&nbsp;<\/p>\n<pre>Fotos: Duda Bairros<\/pre>\n","protected":false},"excerpt":{"rendered":"<p>A etapa de Interlagos da Copa Truck, marcada para acontecer neste fim de semana no templo do automobilismo brasileiro, ter\u00e1 bastante atividade dentro da pista [&hellip;]<\/p>\n","protected":false},"author":2,"featured_media":5912,"comment_status":"closed","ping_status":"closed","sticky":false,"template":"","format":"standard","meta":{"ngg_post_thumbnail":0,"footnotes":""},"categories":[3],"tags":[],"class_list":["post-5911","post","type-post","status-publish","format-standard","has-post-thumbnail","hentry","category-noticias"],"_links":{"self":[{"href":"https:\/\/www.r9competicoes.com.br\/r9\/wp-json\/wp\/v2\/posts\/5911","targetHints":{"allow":["GET"]}}],"collection":[{"href":"https:\/\/www.r9competicoes.com.br\/r9\/wp-json\/wp\/v2\/posts"}],"about":[{"href":"https:\/\/www.r9competicoes.com.br\/r9\/wp-json\/wp\/v2\/types\/post"}],"author":[{"embeddable":true,"href":"https:\/\/www.r9competicoes.com.br\/r9\/wp-json\/wp\/v2\/users\/2"}],"replies":[{"embeddable":true,"href":"https:\/\/www.r9competicoes.com.br\/r9\/wp-json\/wp\/v2\/comments?post=5911"}],"version-history":[{"count":0,"href":"https:\/\/www.r9competicoes.com.br\/r9\/wp-json\/wp\/v2\/posts\/5911\/revisions"}],"wp:featuredmedia":[{"embeddable":true,"href":"https:\/\/www.r9competicoes.com.br\/r9\/wp-json\/wp\/v2\/media\/5912"}],"wp:attachment":[{"href":"https:\/\/www.r9competicoes.com.br\/r9\/wp-json\/wp\/v2\/media?parent=5911"}],"wp:term":[{"taxonomy":"category","embeddable":true,"href":"https:\/\/www.r9competicoes.com.br\/r9\/wp-json\/wp\/v2\/categories?post=5911"},{"taxonomy":"post_tag","embeddable":true,"href":"https:\/\/www.r9competicoes.com.br\/r9\/wp-json\/wp\/v2\/tags?post=5911"}],"curies":[{"name":"wp","href":"https:\/\/api.w.org\/{rel}","templated":true}]}}