{"id":5917,"date":"2022-05-01T19:14:45","date_gmt":"2022-05-01T22:14:45","guid":{"rendered":"https:\/\/www.r9competicoes.com.br\/r9\/?p=5917"},"modified":"2022-05-01T20:53:38","modified_gmt":"2022-05-01T23:53:38","slug":"beto-monteiro-passou-o-pole-e-venceu-pela-primeira-vez-na-temporada-com-desempenho-dominante","status":"publish","type":"post","link":"https:\/\/www.r9competicoes.com.br\/r9\/2022\/05\/beto-monteiro-passou-o-pole-e-venceu-pela-primeira-vez-na-temporada-com-desempenho-dominante\/","title":{"rendered":"Beto Monteiro passou o pole e venceu pela primeira vez na temporada com desempenho dominante"},"content":{"rendered":"<table width=\"100%\">\n<tbody>\n<tr>\n<td><strong><em>Agora o pernambucano da Volkswagen \u00e9 o l\u00edder da tabela com 103 pontos,&nbsp; dois a mais que o segundo colocado. A pr\u00f3xima etapa acontece em Goi\u00e2nia (GO) no dia 5 de junho.<\/em><\/strong><\/td>\n<\/tr>\n<\/tbody>\n<\/table>\n<table width=\"100%\">\n<tbody>\n<tr>\n<td>O p\u00fablico retornou ao Aut\u00f3dromo de Interlagos nesta ensolarada tarde de domingo, feriado do Dia do Trabalhador, para acompanhar em peso a terceira etapa da temporada 2022 da Copa Truck. Em duas corridas bastante disputadas, as vit\u00f3rias do final de semana ficaram com Beto Monteiro e Wellington Cirino.<\/p>\n<p>Foi um domingo em que tudo come\u00e7ou no zero a zero. Primeiro porque Monteiro e Cirino chegaram a S\u00e3o Paulo empatados na lideran\u00e7a da tabela, ambos com 67 pontos, e segundo porque o classificat\u00f3rio disputado no s\u00e1bado (30) \u2013 que havia dado a pole a Cirino \u2013 teve de ser anulado ap\u00f3s falha no sistema de medi\u00e7\u00e3o de emiss\u00f5es. Um novo classificat\u00f3rio foi realizado na manh\u00e3 de domingo, e a pole ficou com o Iveco de Felipe Giaffone.<\/p>\n<p><a  href=\"https:\/\/www.r9competicoes.com.br\/r9\/wp-content\/uploads\/2022\/05\/406343_1011503_truck_sp1_rafa_catelan.jpg\" data-rel=\"lightbox-gallery-0\" data-rl_title=\"R9 Competi\u00e7\u00f5es\" data-rl_caption=\"\" title=\"R9 Competi\u00e7\u00f5es\"><img loading=\"lazy\" decoding=\"async\" class=\"aligncenter size-full wp-image-5923\" src=\"https:\/\/www.r9competicoes.com.br\/r9\/wp-content\/uploads\/2022\/05\/406343_1011503_truck_sp1_rafa_catelan.jpg\" alt=\"\" width=\"1024\" height=\"684\" srcset=\"https:\/\/www.r9competicoes.com.br\/r9\/wp-content\/uploads\/2022\/05\/406343_1011503_truck_sp1_rafa_catelan.jpg 1024w, https:\/\/www.r9competicoes.com.br\/r9\/wp-content\/uploads\/2022\/05\/406343_1011503_truck_sp1_rafa_catelan-450x301.jpg 450w, https:\/\/www.r9competicoes.com.br\/r9\/wp-content\/uploads\/2022\/05\/406343_1011503_truck_sp1_rafa_catelan-600x401.jpg 600w, https:\/\/www.r9competicoes.com.br\/r9\/wp-content\/uploads\/2022\/05\/406343_1011503_truck_sp1_rafa_catelan-768x513.jpg 768w\" sizes=\"auto, (max-width: 1024px) 100vw, 1024px\" \/><\/a><\/p>\n<p>Mas Beto tomou a lideran\u00e7a no final da primeira volta para n\u00e3o mais perde-la e vencer pela primeira vez na temporada. Giaffone terminou em segundo e Roberval Andrade foi o terceiro, com Cirino em quarto e Jaidzon Zini em quinto. Debora Rodrigues, Danilo Alamini e Jos\u00e9 Augusto Dias fecharam os oito primeiros que inverteram as posi\u00e7\u00f5es para a largada da corrida 2.<\/td>\n<\/tr>\n<\/tbody>\n<\/table>\n<table width=\"100%\">\n<tbody>\n<tr>\n<td>Com o asfalto medindo 45,5\u00baC de temperatura, as pastilhas de freio Fras-le foram exigidas ao m\u00e1ximo na pista que mais exige do conjunto de freios \u2013 os picos de temperatura podem ultrapassar os 900\u00baC em algumas situa\u00e7\u00f5es, sem prejudicar o desempenho.<\/p>\n<p>A segunda prova j\u00e1 foi mais acidentada, e ap\u00f3s o estouro de motor da Mercedes-Benz, um longo per\u00edodo de interven\u00e7\u00e3o do caminh\u00e3o de seguran\u00e7a for\u00e7ou os pilotos a percorrerem o pit lane em vez da reta principal. Ap\u00f3s a limpeza, a disputa foi retomada para apenas uma&nbsp; &#8211; a \u00faltima \u2013 volta.<\/td>\n<\/tr>\n<\/tbody>\n<\/table>\n<table width=\"100%\">\n<tbody>\n<tr>\n<td>Piloto da R9 Competi\u00e7\u00f5es, Danilo Alamini liderava at\u00e9 a curva da Jun\u00e7\u00e3o, a \u00faltima dos 4.309 metros de Interlagos, quando escapou da pista. Conseguiu voltar, mas atr\u00e1s de Wellington Cirino, que havia aberto a volta final em terceiro. Cirino venceu, tendo Alamini em segundo e Giaffone em terceiro. Beto Monteiro somou um importante quarto lugar, que lhe permitiu desempatar a briga pela lideran\u00e7a.<\/p>\n<p><a  href=\"https:\/\/www.r9competicoes.com.br\/r9\/wp-content\/uploads\/2022\/05\/406343_1011496_truck_sp1_rafa_catelan.jpg\" data-rel=\"lightbox-gallery-0\" data-rl_title=\"R9 Competi\u00e7\u00f5es\" data-rl_caption=\"\" title=\"R9 Competi\u00e7\u00f5es\"><img loading=\"lazy\" decoding=\"async\" class=\"aligncenter size-full wp-image-5919\" src=\"https:\/\/www.r9competicoes.com.br\/r9\/wp-content\/uploads\/2022\/05\/406343_1011496_truck_sp1_rafa_catelan.jpg\" alt=\"\" width=\"1024\" height=\"683\" srcset=\"https:\/\/www.r9competicoes.com.br\/r9\/wp-content\/uploads\/2022\/05\/406343_1011496_truck_sp1_rafa_catelan.jpg 1024w, https:\/\/www.r9competicoes.com.br\/r9\/wp-content\/uploads\/2022\/05\/406343_1011496_truck_sp1_rafa_catelan-450x300.jpg 450w, https:\/\/www.r9competicoes.com.br\/r9\/wp-content\/uploads\/2022\/05\/406343_1011496_truck_sp1_rafa_catelan-600x400.jpg 600w, https:\/\/www.r9competicoes.com.br\/r9\/wp-content\/uploads\/2022\/05\/406343_1011496_truck_sp1_rafa_catelan-768x512.jpg 768w\" sizes=\"auto, (max-width: 1024px) 100vw, 1024px\" \/><\/a><\/p>\n<p>Agora, Monteiro soma 103 pontos contra 101 de Cirino, e Felipe Giaffone subiu ao terceiro lugar com 89 pontos. Debora Rodrigues, apostando na regularidade, \u00e9 a quarta na pontua\u00e7\u00e3o com 74, e Paulo Salustiano, que era o terceiro e s\u00f3 marcou sete pontos em Interlagos, caiu para o quinto lugar com 72.<\/td>\n<\/tr>\n<\/tbody>\n<\/table>\n<table width=\"100%\">\n<tbody>\n<tr>\n<td>A pr\u00f3xima etapa \u2013 a quarta da temporada \u2013 acontece no dia 5 de junho em Goi\u00e2nia (GO).<\/p>\n<p><a  href=\"https:\/\/www.r9competicoes.com.br\/r9\/wp-content\/uploads\/2022\/05\/406343_1011498_truck_sp1_rafa_catelan.jpg\" data-rel=\"lightbox-gallery-0\" data-rl_title=\"R9 Competi\u00e7\u00f5es\" data-rl_caption=\"\" title=\"R9 Competi\u00e7\u00f5es\"><img loading=\"lazy\" decoding=\"async\" class=\"aligncenter size-full wp-image-5920\" src=\"https:\/\/www.r9competicoes.com.br\/r9\/wp-content\/uploads\/2022\/05\/406343_1011498_truck_sp1_rafa_catelan.jpg\" alt=\"\" width=\"1024\" height=\"683\" srcset=\"https:\/\/www.r9competicoes.com.br\/r9\/wp-content\/uploads\/2022\/05\/406343_1011498_truck_sp1_rafa_catelan.jpg 1024w, https:\/\/www.r9competicoes.com.br\/r9\/wp-content\/uploads\/2022\/05\/406343_1011498_truck_sp1_rafa_catelan-450x300.jpg 450w, https:\/\/www.r9competicoes.com.br\/r9\/wp-content\/uploads\/2022\/05\/406343_1011498_truck_sp1_rafa_catelan-600x400.jpg 600w, https:\/\/www.r9competicoes.com.br\/r9\/wp-content\/uploads\/2022\/05\/406343_1011498_truck_sp1_rafa_catelan-768x512.jpg 768w\" sizes=\"auto, (max-width: 1024px) 100vw, 1024px\" \/><\/a><\/td>\n<\/tr>\n<\/tbody>\n<\/table>\n<table width=\"100%\">\n<tbody>\n<tr>\n<td><strong>Fala, piloto!<\/strong><br \/>\n\u201cFoi dif\u00edcil, com duas classifica\u00e7\u00f5es, mas na primeira corrida depois de tr\u00eas ou quatro voltas a pista estava muito suja, mas o caminh\u00e3o teve \u00f3timo desempenho e estes bons resultados foram importantes. Agora \u00e9 manter esse ritmo para lutar pelo campeonato\u201d.<br \/>\n<strong>(Beto Monteiro, R9 Competi\u00e7\u00f5es, Volkswagen#88)<\/strong><br \/>\n<strong> Vencedor da Corrida 1<\/strong><\/td>\n<\/tr>\n<\/tbody>\n<\/table>\n<table width=\"100%\">\n<tbody>\n<tr>\n<td><strong>Resultado extra-oficial da Corrida 1 (Top-10)<\/strong><br \/>\n1. Beto Monteiro (Volkswagen)<br \/>\n2. Felipe Giaffone (Iveco)<br \/>\n3. Roberval Andrade (Mercedes)<br \/>\n4. Wellington Cirino (Mercedes)<br \/>\n5. Jaidson Zini (Mercedes)<br \/>\n6. Debora Rodrigues (Volkswagen)<br \/>\n7. Danilo Alamini (Volkswagen)<br \/>\n8. Jos\u00e9 Augusto Dias (Volkswagen)<br \/>\n9. Felipe Tozzo (Iveco)<br \/>\n10. Daniel Kelemen (Mercedes)<strong>Resultado extra-oficial da Corrida 2 (Top-10)<\/strong><br \/>\n1. Wellington Cirino (Mercedes)<br \/>\n2. Danilo Alamini (Volkswagen)<br \/>\n3. Felipe Giaffone (Iveco)<br \/>\n4. Beto Monteiro (Volkswagen)<br \/>\n5. Luiz Lopes (Mercedes)<br \/>\n6. Felipe Tozzo (Iveco)<br \/>\n7. Raphael Abbate (Iveco)<br \/>\n8. Debora Rodrigues (Volkswagen)<br \/>\n9. F\u00e1bio Foga\u00e7a (Mercedes)<br \/>\n10. Jos\u00e9&nbsp; Augusto Dias (Volkswagen)<strong>Classifica\u00e7\u00e3o extra-oficial do campeonato (Top-10):<\/strong><br \/>\n1. Beto Monteiro, 103 pontos<br \/>\n2. Wellington Cirino, 101<br \/>\n3. Felipe Giaffone, 89<br \/>\n4. Debora Rodrigues, 74<br \/>\n5. Paulo Salustiano, 72<br \/>\n6. Roberval Andrade, 56<br \/>\n7. Luiz Lopes, 53<br \/>\n8. Adalberto Jardim, 49<br \/>\n9. Regis Boessio, 46<br \/>\n10. Jaidson Zini, 42<\/td>\n<\/tr>\n<\/tbody>\n<\/table>\n<table width=\"100%\">\n<tbody>\n<tr>\n<td>\n<pre><strong>Informa\u00e7\u00f5es de:<\/strong>\r\nCleber Bernuci \u2013 P1 Media Relations\r\n<span style=\"color: #003366;\"><a style=\"color: #003366;\" href=\"https:\/\/click.presskit.com.br\/url\/866998db72\/64317960368\">imprensa@p1media.com.br<\/a><\/span> \u2013 (19) 992 222 517<\/pre>\n<\/td>\n<\/tr>\n<\/tbody>\n<\/table>\n<p>&nbsp;<\/p>\n","protected":false},"excerpt":{"rendered":"<p>Agora o pernambucano da Volkswagen \u00e9 o l\u00edder da tabela com 103 pontos,&nbsp; dois a mais que o segundo colocado. A pr\u00f3xima etapa acontece em [&hellip;]<\/p>\n","protected":false},"author":2,"featured_media":5918,"comment_status":"closed","ping_status":"closed","sticky":false,"template":"","format":"standard","meta":{"ngg_post_thumbnail":0,"footnotes":""},"categories":[3],"tags":[],"class_list":["post-5917","post","type-post","status-publish","format-standard","has-post-thumbnail","hentry","category-noticias"],"_links":{"self":[{"href":"https:\/\/www.r9competicoes.com.br\/r9\/wp-json\/wp\/v2\/posts\/5917","targetHints":{"allow":["GET"]}}],"collection":[{"href":"https:\/\/www.r9competicoes.com.br\/r9\/wp-json\/wp\/v2\/posts"}],"about":[{"href":"https:\/\/www.r9competicoes.com.br\/r9\/wp-json\/wp\/v2\/types\/post"}],"author":[{"embeddable":true,"href":"https:\/\/www.r9competicoes.com.br\/r9\/wp-json\/wp\/v2\/users\/2"}],"replies":[{"embeddable":true,"href":"https:\/\/www.r9competicoes.com.br\/r9\/wp-json\/wp\/v2\/comments?post=5917"}],"version-history":[{"count":0,"href":"https:\/\/www.r9competicoes.com.br\/r9\/wp-json\/wp\/v2\/posts\/5917\/revisions"}],"wp:featuredmedia":[{"embeddable":true,"href":"https:\/\/www.r9competicoes.com.br\/r9\/wp-json\/wp\/v2\/media\/5918"}],"wp:attachment":[{"href":"https:\/\/www.r9competicoes.com.br\/r9\/wp-json\/wp\/v2\/media?parent=5917"}],"wp:term":[{"taxonomy":"category","embeddable":true,"href":"https:\/\/www.r9competicoes.com.br\/r9\/wp-json\/wp\/v2\/categories?post=5917"},{"taxonomy":"post_tag","embeddable":true,"href":"https:\/\/www.r9competicoes.com.br\/r9\/wp-json\/wp\/v2\/tags?post=5917"}],"curies":[{"name":"wp","href":"https:\/\/api.w.org\/{rel}","templated":true}]}}