{"id":59919,"date":"2026-05-02T18:35:04","date_gmt":"2026-05-02T21:35:04","guid":{"rendered":"https:\/\/www.r9competicoes.com.br\/r9\/?p=59919"},"modified":"2026-05-02T18:35:04","modified_gmt":"2026-05-02T21:35:04","slug":"nicolas-giaffone-voa-no-temporal-e-crava-pole-da-elite-em-cascavel","status":"publish","type":"post","link":"https:\/\/www.r9competicoes.com.br\/r9\/2026\/05\/nicolas-giaffone-voa-no-temporal-e-crava-pole-da-elite-em-cascavel\/","title":{"rendered":"Nicolas Giaffone &#8220;voa&#8221; no temporal e crava pole da Elite em Cascavel"},"content":{"rendered":"<p><em>O paulista conquistou a posi\u00e7\u00e3o de honra ap\u00f3s uma classifica\u00e7\u00e3o muito forte em meio a um dil\u00favio no oeste paranaense. <\/em><\/p>\n<p>Disposto a superar o duro rev\u00e9s da desclassifica\u00e7\u00e3o na etapa de Santa Cruz do Sul, Nicolas Giaffone viveu um s\u00e1bado (2) arrasador em meio \u00e0 forte chuva na pista mais r\u00e1pida do Brasil e conquistou o Trof\u00e9u Shopee Pole Position da etapa de Cascavel da Copa Truck Be8 BeVant na classe Elite. O piloto da Volkswagen\/R9 Competi\u00e7\u00f5es despontou desde o in\u00edcio da sess\u00e3o como um dos grandes candidatos ao primeiro lugar e comprovou a boa forma ao registrar uma sequ\u00eancia de voltas r\u00e1pidas. Na melhor delas, o filho do tetracampe\u00e3o Felipe Giaffone virou 1min34s964 e confirmou a posi\u00e7\u00e3o de honra no Aut\u00f3dromo Internacional Zilmar Beux.<\/p>\n<p><a  href=\"https:\/\/www.r9competicoes.com.br\/r9\/wp-content\/uploads\/2026\/05\/465074_1200866_20260502_dudabairros_15564_web_.webp\" data-rel=\"lightbox-gallery-0\" data-rl_title=\"465074_1200866_20260502_dudabairros_15564_web_\" data-rl_caption=\"\" title=\"465074_1200866_20260502_dudabairros_15564_web_\"><img loading=\"lazy\" decoding=\"async\" class=\"aligncenter size-full wp-image-59921\" src=\"https:\/\/www.r9competicoes.com.br\/r9\/wp-content\/uploads\/2026\/05\/465074_1200866_20260502_dudabairros_15564_web_.webp\" alt=\"\" width=\"777\" height=\"518\" srcset=\"https:\/\/www.r9competicoes.com.br\/r9\/wp-content\/uploads\/2026\/05\/465074_1200866_20260502_dudabairros_15564_web_.webp 777w, https:\/\/www.r9competicoes.com.br\/r9\/wp-content\/uploads\/2026\/05\/465074_1200866_20260502_dudabairros_15564_web_-450x300.webp 450w, https:\/\/www.r9competicoes.com.br\/r9\/wp-content\/uploads\/2026\/05\/465074_1200866_20260502_dudabairros_15564_web_-600x400.webp 600w, https:\/\/www.r9competicoes.com.br\/r9\/wp-content\/uploads\/2026\/05\/465074_1200866_20260502_dudabairros_15564_web_-768x512.webp 768w\" sizes=\"auto, (max-width: 777px) 100vw, 777px\" \/><\/a><\/p>\n<p>\u00d3tima posi\u00e7\u00e3o tamb\u00e9m para o estreante Vin\u00edcius Palma, o companheiro de equipe de Nic Giaffone na R9 Competi\u00e7\u00f5es faz sua primeira prova em Cascavel e logo de cara cravou a quarta posi\u00e7\u00e3o.<\/p>\n<p><strong>Como foi a classifica\u00e7\u00e3o<\/strong><\/p>\n<p>Por conta da forte chuva, a dire\u00e7\u00e3o de prova determinou a realiza\u00e7\u00e3o da classifica\u00e7\u00e3o em somente um segmento, de 15 minutos. Al\u00e9m do volume de \u00e1gua bastante consider\u00e1vel, os pilotos tiveram de encarar outro desafio com o vento intenso que varria o Aut\u00f3dromo Internacional Zilmar Beux.<\/p>\n<p>Desde os primeiros minutos, as a\u00e7\u00f5es foram protagonizadas por Nic Giaffone e Diogo Moscato, que se alternaram na lideran\u00e7a da tabela de tempos. At\u00e9 que o piloto da R9 Competi\u00e7\u00f5es se afirmou de vez na ponta ao virar 1min35s414.<\/p>\n<p><a  href=\"https:\/\/www.r9competicoes.com.br\/r9\/wp-content\/uploads\/2026\/05\/465074_1200870_20260502_dudabairros_16030_web_.webp\" data-rel=\"lightbox-gallery-0\" data-rl_title=\"465074_1200870_20260502_dudabairros_16030_web_\" data-rl_caption=\"\" title=\"465074_1200870_20260502_dudabairros_16030_web_\"><img loading=\"lazy\" decoding=\"async\" class=\"aligncenter size-full wp-image-59922\" src=\"https:\/\/www.r9competicoes.com.br\/r9\/wp-content\/uploads\/2026\/05\/465074_1200870_20260502_dudabairros_16030_web_.webp\" alt=\"\" width=\"777\" height=\"518\" srcset=\"https:\/\/www.r9competicoes.com.br\/r9\/wp-content\/uploads\/2026\/05\/465074_1200870_20260502_dudabairros_16030_web_.webp 777w, https:\/\/www.r9competicoes.com.br\/r9\/wp-content\/uploads\/2026\/05\/465074_1200870_20260502_dudabairros_16030_web_-450x300.webp 450w, https:\/\/www.r9competicoes.com.br\/r9\/wp-content\/uploads\/2026\/05\/465074_1200870_20260502_dudabairros_16030_web_-600x400.webp 600w, https:\/\/www.r9competicoes.com.br\/r9\/wp-content\/uploads\/2026\/05\/465074_1200870_20260502_dudabairros_16030_web_-768x512.webp 768w\" sizes=\"auto, (max-width: 777px) 100vw, 777px\" \/><\/a><\/p>\n<p>&#8220;Aquele fim de semana foi muito dif\u00edcil para todo mundo. Hoje, quando come\u00e7ou a chover, dei um sorriso de canto. Gosto muito de chuva. Muito feliz por conseguir trazer essa. Foi duro de engolir o que aconteceu em Santa Cruz do Sul, mas hoje estou extremamente contente e grato por estar no topo. Isso mostra o qu\u00e3o competente nossa equipe \u00e9, e o que aconteceu em Santa Cruz foi somente um deslize&#8221;, declarou Nic Giaffone.<\/p>\n<p><strong>Copa Truck Be8 BeVant, temporada 2026<br \/>\nEtapa 3, Cascavel (PR), Aut\u00f3dromo Internacional Zilmar Beux<br \/>\nSuper Truck Elite, resultado da classifica\u00e7\u00e3o<br \/>\n<\/strong>1\u00ba &#8211; Nicolas Giaffone (R9 Competi\u00e7\u00f5es\/Volkswagen), 1min34s964<br \/>\n2\u00ba &#8211; Hugo Cibien (Vannucci Racing\/Volvo), 1min35s826<br \/>\n3\u00ba &#8211; Maicon Roncen (Tiger Team\/Mercedes-Benz),1min36s154<br \/>\n4\u00ba &#8211; Vin\u00edcius Palma (R9 Competi\u00e7\u00f5es\/Volkswagen), 1min36s387<br \/>\n5\u00ba &#8211; Diogo Moscato (Scuderia Chiarelli\/Iveco), 1min36s499<br \/>\n6\u00ba &#8211; Rodrigo Taborda (Vannucci Racing\/Iveco), 1min36s511<br \/>\n7\u00ba &#8211; Rafa Lopes (R9 Competi\u00e7\u00f5es\/Volkswagen), 1min36s782<br \/>\n8\u00ba &#8211; Djalma Pivetta (Iveco Usual Racing\/Iveco), 1min37s278<br \/>\n9\u00ba &#8211; M\u00e1rcio Giordano (FF Motorsport\/Mercedes-Benz), 1min37s771<br \/>\n10\u00ba &#8211; Regis Boessio (Boessio Competi\u00e7\u00f5es\/Scania), 1min38s749<br \/>\n11\u00ba &#8211; Thaline Chicoski (Cavaleiro Sports\/Iveco), 1min39s907<br \/>\n12\u00ba &#8211; Fabio Luiz (Tiger Team Race\/Mercedes-Benz), 1min40s243<br \/>\n13\u00ba &#8211; Beto Cavaleiro (Cavaleiro Sports\/Iveco), 1min48s576<br \/>\n14\u00ba &#8211; Daniel Kelemen (D+ Motorsport\/Mercedes-Benz), sem tempo<\/p>\n<p><em>Exclu\u00eddos<br \/>\n<\/em>Kleber Eletric (Eletric Truck\/Scania)<br \/>\nMauricio Arias (Tiger Team\/Mercedes-Benz)<br \/>\nJuca Bala (Eletric Truck\/Scania)<br \/>\nRicardo Alvarez (R9 Competi\u00e7\u00f5es\/Volkswagen)<br \/>\n<strong>&nbsp;<\/strong><\/p>\n<p><strong>Programa\u00e7\u00e3o em Cascavel<br \/>\nS\u00e1bado, 2 de maio<br \/>\n<\/strong>15h20 \u2013 Copa Hyundai HB20 \u2013 Corrida 1 (25 minutos + 1 volta)<br \/>\n18h10 \u2013 NASCAR Brasil \u2013 Sunset Race (30 minutos + 1 volta)<\/p>\n<p><strong>Domingo, 3 de maio<\/strong><br \/>\n08h30 \u2013 NASCAR Brasil \u2013 Corrida 2 (25 minutos + 1 volta)<br \/>\n09h25 \u2013 Copa Truck Be8 BeVant \u2013 Warm Up Super Truck Elite<br \/>\n09h40 \u2013 Copa Truck Be8 BeVant \u2013 Warm Up Super Truck PRO<br \/>\n10h15 \u2013 Visita\u00e7\u00e3o aos Boxes<br \/>\n10h30 \u2013 Desfile de Caminh\u00f5es Charada<br \/>\n11h25 \u2013 Desfile de Pilotos Copa Truck Be8 BeVant e NASCAR Brasil<br \/>\n12h10 \u2013 Copa Truck Be8 BeVant \u2013 Corrida 1 (25 minutos + 1 volta)<br \/>\n12h40 \u2013 Copa Truck Be8 BeVant \u2013 Corrida 2 (20 minutos + 1 volta)<br \/>\n14h00 \u2013 Copa Hyundai HB20 \u2013 Corrida 2 (30 minutos + 1 volta).<\/p>\n<p>&nbsp;<\/p>\n<hr>\n<p><em>Texto: Bruno Vicaria &#8211; imprensa@maisbrasil.com.br<\/em><\/p>\n","protected":false},"excerpt":{"rendered":"<p>O paulista conquistou a posi\u00e7\u00e3o de honra ap\u00f3s uma classifica\u00e7\u00e3o muito forte em meio a um dil\u00favio no oeste paranaense. Disposto a superar o duro [&hellip;]<\/p>\n","protected":false},"author":2,"featured_media":59920,"comment_status":"closed","ping_status":"closed","sticky":false,"template":"","format":"standard","meta":{"ngg_post_thumbnail":0,"footnotes":""},"categories":[3],"tags":[],"class_list":["post-59919","post","type-post","status-publish","format-standard","has-post-thumbnail","hentry","category-noticias"],"_links":{"self":[{"href":"https:\/\/www.r9competicoes.com.br\/r9\/wp-json\/wp\/v2\/posts\/59919","targetHints":{"allow":["GET"]}}],"collection":[{"href":"https:\/\/www.r9competicoes.com.br\/r9\/wp-json\/wp\/v2\/posts"}],"about":[{"href":"https:\/\/www.r9competicoes.com.br\/r9\/wp-json\/wp\/v2\/types\/post"}],"author":[{"embeddable":true,"href":"https:\/\/www.r9competicoes.com.br\/r9\/wp-json\/wp\/v2\/users\/2"}],"replies":[{"embeddable":true,"href":"https:\/\/www.r9competicoes.com.br\/r9\/wp-json\/wp\/v2\/comments?post=59919"}],"version-history":[{"count":1,"href":"https:\/\/www.r9competicoes.com.br\/r9\/wp-json\/wp\/v2\/posts\/59919\/revisions"}],"predecessor-version":[{"id":59923,"href":"https:\/\/www.r9competicoes.com.br\/r9\/wp-json\/wp\/v2\/posts\/59919\/revisions\/59923"}],"wp:featuredmedia":[{"embeddable":true,"href":"https:\/\/www.r9competicoes.com.br\/r9\/wp-json\/wp\/v2\/media\/59920"}],"wp:attachment":[{"href":"https:\/\/www.r9competicoes.com.br\/r9\/wp-json\/wp\/v2\/media?parent=59919"}],"wp:term":[{"taxonomy":"category","embeddable":true,"href":"https:\/\/www.r9competicoes.com.br\/r9\/wp-json\/wp\/v2\/categories?post=59919"},{"taxonomy":"post_tag","embeddable":true,"href":"https:\/\/www.r9competicoes.com.br\/r9\/wp-json\/wp\/v2\/tags?post=59919"}],"curies":[{"name":"wp","href":"https:\/\/api.w.org\/{rel}","templated":true}]}}