{"id":59940,"date":"2026-05-02T19:26:52","date_gmt":"2026-05-02T22:26:52","guid":{"rendered":"https:\/\/www.r9competicoes.com.br\/r9\/?p=59940"},"modified":"2026-05-02T19:26:52","modified_gmt":"2026-05-02T22:26:52","slug":"o-tetracampeao-felipe-giaffone-garantiu-o-terceiro-melhor-tempo-na-sessao-classificatoria","status":"publish","type":"post","link":"https:\/\/www.r9competicoes.com.br\/r9\/2026\/05\/o-tetracampeao-felipe-giaffone-garantiu-o-terceiro-melhor-tempo-na-sessao-classificatoria\/","title":{"rendered":"O tetracampe\u00e3o Felipe Giaffone garantiu o terceiro melhor tempo na sess\u00e3o classificat\u00f3ria"},"content":{"rendered":"<p>A segunda fila do grid neste domingo ser\u00e1 formada por Felipe Giaffone (Volkswagen da R9 Competi\u00e7\u00f5es) e Fabio Foga\u00e7a (Mercedes-Benz). L\u00edder do campeonato, Beto Monteiro garantiu o top-5 do grid com seu Volkswagen Meteor #88 j\u00e1 nos minutos finais e vai largar lado a lado com um dos seus companheiros de equipe R9, Danilo Alamini, que fechou o grid em sexto.<\/p>\n<p><a  href=\"https:\/\/www.r9competicoes.com.br\/r9\/wp-content\/uploads\/2026\/05\/465075_1200885_20260502_dudabairros_14282_web_.webp\" data-rel=\"lightbox-gallery-0\" data-rl_title=\"465075_1200885_20260502_dudabairros_14282_web_\" data-rl_caption=\"\" title=\"465075_1200885_20260502_dudabairros_14282_web_\"><img loading=\"lazy\" decoding=\"async\" class=\"aligncenter size-full wp-image-59941\" src=\"https:\/\/www.r9competicoes.com.br\/r9\/wp-content\/uploads\/2026\/05\/465075_1200885_20260502_dudabairros_14282_web_.webp\" alt=\"\" width=\"777\" height=\"518\" srcset=\"https:\/\/www.r9competicoes.com.br\/r9\/wp-content\/uploads\/2026\/05\/465075_1200885_20260502_dudabairros_14282_web_.webp 777w, https:\/\/www.r9competicoes.com.br\/r9\/wp-content\/uploads\/2026\/05\/465075_1200885_20260502_dudabairros_14282_web_-450x300.webp 450w, https:\/\/www.r9competicoes.com.br\/r9\/wp-content\/uploads\/2026\/05\/465075_1200885_20260502_dudabairros_14282_web_-600x400.webp 600w, https:\/\/www.r9competicoes.com.br\/r9\/wp-content\/uploads\/2026\/05\/465075_1200885_20260502_dudabairros_14282_web_-768x512.webp 768w\" sizes=\"auto, (max-width: 777px) 100vw, 777px\" \/><\/a><\/p>\n<p>Em raz\u00e3o da forte chuva, a dire\u00e7\u00e3o de prova determinou a realiza\u00e7\u00e3o da classifica\u00e7\u00e3o em somente um segmento, de 15 minutos. Al\u00e9m do volume de \u00e1gua bastante consider\u00e1vel, os pilotos tiveram de encarar outro desafio com o vento intenso que varria o tra\u00e7ado paranaense.<\/p>\n<p>Antes de a chuva apertar, o l\u00edder do campeonato conseguiu se garantir entre os cinco primeiros. Beto Monteiro superou o companheiro de equipe Alamini, que caiu para sexto, e avan\u00e7ou ao top-5.<\/p>\n<p><a  href=\"https:\/\/www.r9competicoes.com.br\/r9\/wp-content\/uploads\/2026\/05\/465055_1200804_20260501_dudabairros_6891_web_-1.webp\" data-rel=\"lightbox-gallery-0\" data-rl_title=\"465055_1200804_20260501_dudabairros_6891_web_\" data-rl_caption=\"\" title=\"465055_1200804_20260501_dudabairros_6891_web_\"><img loading=\"lazy\" decoding=\"async\" class=\"aligncenter size-full wp-image-59942\" src=\"https:\/\/www.r9competicoes.com.br\/r9\/wp-content\/uploads\/2026\/05\/465055_1200804_20260501_dudabairros_6891_web_-1.webp\" alt=\"\" width=\"777\" height=\"518\" srcset=\"https:\/\/www.r9competicoes.com.br\/r9\/wp-content\/uploads\/2026\/05\/465055_1200804_20260501_dudabairros_6891_web_-1.webp 777w, https:\/\/www.r9competicoes.com.br\/r9\/wp-content\/uploads\/2026\/05\/465055_1200804_20260501_dudabairros_6891_web_-1-450x300.webp 450w, https:\/\/www.r9competicoes.com.br\/r9\/wp-content\/uploads\/2026\/05\/465055_1200804_20260501_dudabairros_6891_web_-1-600x400.webp 600w, https:\/\/www.r9competicoes.com.br\/r9\/wp-content\/uploads\/2026\/05\/465055_1200804_20260501_dudabairros_6891_web_-1-768x512.webp 768w\" sizes=\"auto, (max-width: 777px) 100vw, 777px\" \/><\/a><\/p>\n<p><strong>L\u00edder do campeonato, Beto Monteiro abre a terceira fila do grid<\/strong><\/p>\n<p>Neste s\u00e1bado (2), no circuito Zilmar Beux, em Cascavel (PR), Beto Monteiro, atual l\u00edder da categoria PRO e dono de quatro vit\u00f3rias no tra\u00e7ado paranaense, garantiu o quinto lugar no grid da terceira etapa da Copa Truck, ap\u00f3s uma classifica\u00e7\u00e3o desafiadora realizada sob forte chuva no oeste paranaense. Com isso, o piloto e embaixador da Texaco vai largar da terceira fila na corrida 1. O grid para a segunda prova ser\u00e1 definido pela ordem de chegada, com invers\u00e3o entre os oito primeiros.<\/p>\n<p><a  href=\"https:\/\/www.r9competicoes.com.br\/r9\/wp-content\/uploads\/2026\/05\/465077_1200873_oq0a1633_vs_.webp\" data-rel=\"lightbox-gallery-0\" data-rl_title=\"465077_1200873_oq0a1633_vs_\" data-rl_caption=\"\" title=\"465077_1200873_oq0a1633_vs_\"><img loading=\"lazy\" decoding=\"async\" class=\"aligncenter size-full wp-image-59943\" src=\"https:\/\/www.r9competicoes.com.br\/r9\/wp-content\/uploads\/2026\/05\/465077_1200873_oq0a1633_vs_.webp\" alt=\"\" width=\"777\" height=\"518\" srcset=\"https:\/\/www.r9competicoes.com.br\/r9\/wp-content\/uploads\/2026\/05\/465077_1200873_oq0a1633_vs_.webp 777w, https:\/\/www.r9competicoes.com.br\/r9\/wp-content\/uploads\/2026\/05\/465077_1200873_oq0a1633_vs_-450x300.webp 450w, https:\/\/www.r9competicoes.com.br\/r9\/wp-content\/uploads\/2026\/05\/465077_1200873_oq0a1633_vs_-600x400.webp 600w, https:\/\/www.r9competicoes.com.br\/r9\/wp-content\/uploads\/2026\/05\/465077_1200873_oq0a1633_vs_-768x512.webp 768w\" sizes=\"auto, (max-width: 777px) 100vw, 777px\" \/><\/a><\/p>\n<p>Durante os treinos livres, Beto e a equipe R9 Competi\u00e7\u00f5es trabalharam intensamente no acerto e nos ajustes do Volkswagen #88 e evolu\u00edram desde a primeira sa\u00edda, apesar de algumas situa\u00e7\u00f5es adversas ao longo das atividades. No entanto, a chuva chegou neste s\u00e1bado e mudou as condi\u00e7\u00f5es, assim como todo o desenvolvimento feito durante os testes oficiais, quando a pista estava seca.<\/p>\n<p>A meteorologia previa pancadas de chuva para o dia, e a previs\u00e3o se confirmou, com a chuva caindo justamente no in\u00edcio da classifica\u00e7\u00e3o. O fato surpreendeu a todos, especialmente pelo volume de \u00e1gua, e exigiu ainda mais aten\u00e7\u00e3o dos competidores, al\u00e9m de uma r\u00e1pida mudan\u00e7a de planos e estrat\u00e9gia.<\/p>\n<p><a  href=\"https:\/\/www.r9competicoes.com.br\/r9\/wp-content\/uploads\/2026\/05\/465077_1200874_000a3440_vs_.webp\" data-rel=\"lightbox-gallery-0\" data-rl_title=\"465077_1200874_000a3440_vs_\" data-rl_caption=\"\" title=\"465077_1200874_000a3440_vs_\"><img loading=\"lazy\" decoding=\"async\" class=\"aligncenter size-full wp-image-59944\" src=\"https:\/\/www.r9competicoes.com.br\/r9\/wp-content\/uploads\/2026\/05\/465077_1200874_000a3440_vs_.webp\" alt=\"\" width=\"777\" height=\"518\" srcset=\"https:\/\/www.r9competicoes.com.br\/r9\/wp-content\/uploads\/2026\/05\/465077_1200874_000a3440_vs_.webp 777w, https:\/\/www.r9competicoes.com.br\/r9\/wp-content\/uploads\/2026\/05\/465077_1200874_000a3440_vs_-450x300.webp 450w, https:\/\/www.r9competicoes.com.br\/r9\/wp-content\/uploads\/2026\/05\/465077_1200874_000a3440_vs_-600x400.webp 600w, https:\/\/www.r9competicoes.com.br\/r9\/wp-content\/uploads\/2026\/05\/465077_1200874_000a3440_vs_-768x512.webp 768w\" sizes=\"auto, (max-width: 777px) 100vw, 777px\" \/><\/a><\/p>\n<p>Na pista, Beto Monteiro veio forte, mas soube usar sua experi\u00eancia com cautela. Com isso, garantiu-se entre o Top-5, com o quinto lugar, abrindo a terceira fila da categoria PRO. O pernambucano, considerado o \u201cRei de Cascavel\u201d, com quatro vit\u00f3rias no circuito, contou que a chuva n\u00e3o \u00e9 sua condi\u00e7\u00e3o preferida, mas reconhece que a pista molhada iguala as condi\u00e7\u00f5es para todos. O resultado, segundo ele, foi positivo.<\/p>\n<p><em>\u201cTivemos alguns desafios durante os treinos e, por conta disso, o P5 no grid foi positivo. Agora \u00e9 seguir trabalhando para que possamos fazer duas boas corridas, buscando os melhores resultados. Realmente espero que volte \u00e0 condi\u00e7\u00e3o de pista seca, porque eu n\u00e3o gosto muito de correr na chuva, mas, de fato, fica igual para todos\u201d, <\/em>conta Beto Monteiro.<\/p>\n<p><a  href=\"https:\/\/www.r9competicoes.com.br\/r9\/wp-content\/uploads\/2026\/05\/465074_1200859_2026_05_09_luciano_santos___45_web_.webp\" data-rel=\"lightbox-gallery-0\" data-rl_title=\"465074_1200859_2026_05_09_luciano_santos___45_web_\" data-rl_caption=\"\" title=\"465074_1200859_2026_05_09_luciano_santos___45_web_\"><img loading=\"lazy\" decoding=\"async\" class=\"aligncenter size-full wp-image-59945\" src=\"https:\/\/www.r9competicoes.com.br\/r9\/wp-content\/uploads\/2026\/05\/465074_1200859_2026_05_09_luciano_santos___45_web_.webp\" alt=\"\" width=\"777\" height=\"517\" srcset=\"https:\/\/www.r9competicoes.com.br\/r9\/wp-content\/uploads\/2026\/05\/465074_1200859_2026_05_09_luciano_santos___45_web_.webp 777w, https:\/\/www.r9competicoes.com.br\/r9\/wp-content\/uploads\/2026\/05\/465074_1200859_2026_05_09_luciano_santos___45_web_-450x299.webp 450w, https:\/\/www.r9competicoes.com.br\/r9\/wp-content\/uploads\/2026\/05\/465074_1200859_2026_05_09_luciano_santos___45_web_-600x399.webp 600w, https:\/\/www.r9competicoes.com.br\/r9\/wp-content\/uploads\/2026\/05\/465074_1200859_2026_05_09_luciano_santos___45_web_-768x511.webp 768w\" sizes=\"auto, (max-width: 777px) 100vw, 777px\" \/><\/a><\/p>\n<p><strong>Tudo pronto para domingo<\/strong><\/p>\n<p>Depois de um s\u00e1bado movimentado no oeste do Paran\u00e1, agora o foco est\u00e1 no apogeu do fim de semana: o domingo, com as duas corridas da terceira etapa do calend\u00e1rio. A largada est\u00e1 marcada para 12h10, com transmiss\u00e3o ao vivo na Band em TV aberta, canal FAST da NSports e pelos canais do Acelerados e da Copa Truck Be8 BeVant no YouTube.<\/p>\n<p><a  href=\"https:\/\/www.r9competicoes.com.br\/r9\/wp-content\/uploads\/2026\/05\/465074_1200862_2026_05_09_luciano_santos___49_web_.webp\" data-rel=\"lightbox-gallery-0\" data-rl_title=\"465074_1200862_2026_05_09_luciano_santos___49_web_\" data-rl_caption=\"\" title=\"465074_1200862_2026_05_09_luciano_santos___49_web_\"><img loading=\"lazy\" decoding=\"async\" class=\"aligncenter size-full wp-image-59946\" src=\"https:\/\/www.r9competicoes.com.br\/r9\/wp-content\/uploads\/2026\/05\/465074_1200862_2026_05_09_luciano_santos___49_web_.webp\" alt=\"\" width=\"777\" height=\"518\" srcset=\"https:\/\/www.r9competicoes.com.br\/r9\/wp-content\/uploads\/2026\/05\/465074_1200862_2026_05_09_luciano_santos___49_web_.webp 777w, https:\/\/www.r9competicoes.com.br\/r9\/wp-content\/uploads\/2026\/05\/465074_1200862_2026_05_09_luciano_santos___49_web_-450x300.webp 450w, https:\/\/www.r9competicoes.com.br\/r9\/wp-content\/uploads\/2026\/05\/465074_1200862_2026_05_09_luciano_santos___49_web_-600x400.webp 600w, https:\/\/www.r9competicoes.com.br\/r9\/wp-content\/uploads\/2026\/05\/465074_1200862_2026_05_09_luciano_santos___49_web_-768x512.webp 768w\" sizes=\"auto, (max-width: 777px) 100vw, 777px\" \/><\/a><\/p>\n<p><strong><br \/>\nCopa Truck Be8 BeVant, temporada 2026<br \/>\nEtapa 3, Cascavel (PR), Aut\u00f3dromo Internacional Zilmar Beux<br \/>\nSuper Truck PRO, resultado da classifica\u00e7\u00e3o<br \/>\n<\/strong>1\u00ba &#8211; Danilo Dirani (Iveco Usual Racing\/Iveco), 1min32s121<br \/>\n2\u00ba &#8211; Paulo Salustiano (Full Time\/Mercedes-Benz), 1min32s790<br \/>\n3\u00ba &#8211; Felipe Giaffone (R9 Competi\u00e7\u00f5es\/Volkswagen), 1min33s037<br \/>\n4\u00ba &#8211; Fabio Foga\u00e7a (D+ Motorsport\/Mercedes-Benz), 1min33s175<br \/>\n5\u00ba &#8211; Beto Monteiro (R9 Competi\u00e7\u00f5es\/Volkswagen), 1min33s835<br \/>\n6\u00ba &#8211; Danilo Alamini (R9 Competi\u00e7\u00f5es\/Volkswagen), 1min34s049<br \/>\n7\u00ba &#8211; Evandro Camargo (Tiger Team\/Mercedes-Benz), 1min34s074<br \/>\n8\u00ba &#8211; Leandro Totti (Vannucci Racing\/Iveco), 1min34s220<br \/>\n9\u00ba &#8211; Alberto Cattucci (Full Time\/Mercedes-Benz), 1min34s284<br \/>\n10\u00ba &#8211; Raphael Abbate (Iveco Usual Racing\/Iveco), 1min34s287<br \/>\n11\u00ba &#8211; Arthur Scherer (D+ Motorsport\/Mercedes-Benz), 1min34s374<br \/>\n12\u00ba &#8211; Bia Figueiredo (Iveco Dakar Motorsport\/Iveco), 1min34s449<br \/>\n13\u00ba &#8211; Jaidson Zini (D+ Motorsport\/Mercedes-Benz), 1min34s722<br \/>\n14\u00ba &#8211; Pedro Paulo Fernandes (PP Motorsport\/Mercedes-Benz), 1min35s048<br \/>\n15\u00ba &#8211; Luiz Lopes (PP Motorsport\/Mercedes-Benz), 1min35s736<br \/>\n16\u00ba &#8211; Adalberto Jardim (PP Motorsport\/Mercedes-Benz), 1min35s980<br \/>\n17\u00ba &#8211; Pedro Perdoncini (Full Time\/Mercedes-Benz), 1min36s230<\/p>\n<p><em>Exclu\u00eddos<\/em><br \/>\nAndr\u00e9 Marques (Full Time\/Mercedes-Benz)<br \/>\nFelipe Tozzo (Full Time\/Mercedes-Benz)<br \/>\nThiago Rizzo (R9 Competi\u00e7\u00f5es\/Volkswagen)<br \/>\nWellington Cirino (D+ Motorsport\/Mercedes-Benz)<\/p>\n<p><strong>Programa\u00e7\u00e3o em Cascavel<br \/>\nS\u00e1bado, 2 de maio<br \/>\n<\/strong>15h20 \u2013 Copa Hyundai HB20 \u2013 Corrida 1 (25 minutos + 1 volta)<br \/>\n18h10 \u2013 NASCAR Brasil \u2013 Sunset Race (30 minutos + 1 volta)<\/p>\n<p><strong>Domingo, 3 de maio<\/strong><br \/>\n08h30 \u2013 NASCAR Brasil \u2013 Corrida 2 (25 minutos + 1 volta)<br \/>\n09h25 \u2013 Copa Truck Be8 BeVant \u2013 Warm Up Super Truck Elite<br \/>\n09h40 \u2013 Copa Truck Be8 BeVant \u2013 Warm Up Super Truck PRO<br \/>\n10h15 \u2013 Visita\u00e7\u00e3o aos Boxes<br \/>\n10h30 \u2013 Desfile de Caminh\u00f5es Charada<br \/>\n11h25 \u2013 Desfile de Pilotos Copa Truck Be8 BeVant e NASCAR Brasil<br \/>\n12h10 \u2013 Copa Truck Be8 BeVant \u2013 Corrida 1 (25 minutos + 1 volta)<br \/>\n12h40 \u2013 Copa Truck Be8 BeVant \u2013 Corrida 2 (20 minutos + 1 volta)<br \/>\n14h00 \u2013 Copa Hyundai HB20 \u2013 Corrida 2 (30 minutos + 1 volta).<\/p>\n<hr>\n<h6><em>Com informa\u00e7\u00f5es de: Bruno Vicaria &#8211;&nbsp;imprensa@maisbrasil.com.br<\/em><br \/>\n<em>E Beatriz de Paula &#8211; imprensa@biapress.com.br<\/em><\/h6>\n","protected":false},"excerpt":{"rendered":"<p>A segunda fila do grid neste domingo ser\u00e1 formada por Felipe Giaffone (Volkswagen da R9 Competi\u00e7\u00f5es) e Fabio Foga\u00e7a (Mercedes-Benz). L\u00edder do campeonato, Beto Monteiro [&hellip;]<\/p>\n","protected":false},"author":2,"featured_media":59947,"comment_status":"closed","ping_status":"closed","sticky":false,"template":"","format":"standard","meta":{"ngg_post_thumbnail":0,"footnotes":""},"categories":[3],"tags":[],"class_list":["post-59940","post","type-post","status-publish","format-standard","has-post-thumbnail","hentry","category-noticias"],"_links":{"self":[{"href":"https:\/\/www.r9competicoes.com.br\/r9\/wp-json\/wp\/v2\/posts\/59940","targetHints":{"allow":["GET"]}}],"collection":[{"href":"https:\/\/www.r9competicoes.com.br\/r9\/wp-json\/wp\/v2\/posts"}],"about":[{"href":"https:\/\/www.r9competicoes.com.br\/r9\/wp-json\/wp\/v2\/types\/post"}],"author":[{"embeddable":true,"href":"https:\/\/www.r9competicoes.com.br\/r9\/wp-json\/wp\/v2\/users\/2"}],"replies":[{"embeddable":true,"href":"https:\/\/www.r9competicoes.com.br\/r9\/wp-json\/wp\/v2\/comments?post=59940"}],"version-history":[{"count":1,"href":"https:\/\/www.r9competicoes.com.br\/r9\/wp-json\/wp\/v2\/posts\/59940\/revisions"}],"predecessor-version":[{"id":59948,"href":"https:\/\/www.r9competicoes.com.br\/r9\/wp-json\/wp\/v2\/posts\/59940\/revisions\/59948"}],"wp:featuredmedia":[{"embeddable":true,"href":"https:\/\/www.r9competicoes.com.br\/r9\/wp-json\/wp\/v2\/media\/59947"}],"wp:attachment":[{"href":"https:\/\/www.r9competicoes.com.br\/r9\/wp-json\/wp\/v2\/media?parent=59940"}],"wp:term":[{"taxonomy":"category","embeddable":true,"href":"https:\/\/www.r9competicoes.com.br\/r9\/wp-json\/wp\/v2\/categories?post=59940"},{"taxonomy":"post_tag","embeddable":true,"href":"https:\/\/www.r9competicoes.com.br\/r9\/wp-json\/wp\/v2\/tags?post=59940"}],"curies":[{"name":"wp","href":"https:\/\/api.w.org\/{rel}","templated":true}]}}