{"id":6027,"date":"2022-09-18T00:14:10","date_gmt":"2022-09-18T03:14:10","guid":{"rendered":"https:\/\/www.r9competicoes.com.br\/r9\/?p=6027"},"modified":"2022-09-18T22:32:12","modified_gmt":"2022-09-19T01:32:12","slug":"alamini-vence-em-taruma-thiago-rizzo-conquista-1o-podio","status":"publish","type":"post","link":"https:\/\/www.r9competicoes.com.br\/r9\/2022\/09\/alamini-vence-em-taruma-thiago-rizzo-conquista-1o-podio\/","title":{"rendered":"Alamini vence em Tarum\u00e3, Thiago Rizzo conquista 1\u00ba p\u00f3dio"},"content":{"rendered":"\n<p class=\"has-tan-color has-brown-background-color has-text-color has-background has-regular-font-size\">A Copa Truck deu in\u00edcio \u00e0 maratona de duas etapas no mesmo fim de semana com uma apresenta\u00e7\u00e3o de gala no Aut\u00f3dromo de Tarum\u00e3, que coroou quatro vencedores diferentes. A Super Truck tamb\u00e9m foi protagonista de grandes disputas nas duas provas. Danilo Alamini, que teve seu caminh\u00e3o reconstru\u00eddo ap\u00f3s o s\u00e9rio acidente de Interlagos, largou da pole na prova 2 e venceu em sua classe, subindo tamb\u00e9m no p\u00f3dio geral.<\/p>\n\n\n\n<figure class=\"wp-block-image size-large\"><img decoding=\"async\" src=\"https:\/\/www.r9competicoes.com.br\/r9\/wp-content\/uploads\/2022\/09\/17092022-a-classificao-da-etapa-7-fotos-duda-bairros_52364096376_o-600x400.jpg\" alt=\"\" class=\"wp-image-6028\"\/><\/figure>\n\n\n\n<p class=\"has-tan-color has-brown-background-color has-text-color has-background has-regular-font-size\">Por ser uma rodada dupla com quatro corridas em dois dias, os 26 pilotos que largaram foram extremamente comedidos, uma vez que um acidente hoje poderia prejudicar toda a rodada do dia seguinte. Isso resultou em nenhum abandono na corrida 1 e quatro desist\u00eancias na 2 por problemas mec\u00e2nicos.<\/p>\n\n\n\n<figure class=\"wp-block-image size-large\"><img decoding=\"async\" src=\"https:\/\/www.r9competicoes.com.br\/r9\/wp-content\/uploads\/2022\/09\/16092022-a-sexta-feira-de-ao-em-tarum-fotos-de-duda-bairros_52363096927_o-600x400.jpg\" alt=\"\" class=\"wp-image-6029\"\/><\/figure>\n\n\n\n<p class=\"has-tan-color has-brown-background-color has-text-color has-background has-regular-font-size\">J\u00e1 na Super, Alamini voltou a abrir vantagem na classifica\u00e7\u00e3o ap\u00f3s seus principais rivais ficarem pelo caminho: Raphael Abbate quebrou o motor entre as baterias e J\u00f4 Augusto est\u00e1 afastado at\u00e9 2023 por conta de um problema de sa\u00fade. Agora, Alamini possui 213 pontos, contra 171 de Abbate.<\/p>\n\n\n\n<p class=\"has-tan-color has-brown-background-color has-text-color has-background has-regular-font-size\">Em sua segunda participa\u00e7\u00e3o na Copa Truck, Thiago Rizzo conquista o primeiro p\u00f3dio na categoria Super Truck.<\/p>\n\n\n\n<p class=\"has-tan-color has-brown-background-color has-text-color has-background has-regular-font-size\">A perip\u00e9cia aconteceu durante a disputa da s\u00e9tima etapa do campeonato, neste s\u00e1bado, no Aut\u00f3dromo Internacional de Tarum\u00e3, em Viam\u00e3o, regi\u00e3o metropolitana de Porto Alegre.<\/p>\n\n\n\n<figure class=\"wp-block-image size-large\"><img decoding=\"async\" src=\"https:\/\/www.r9competicoes.com.br\/r9\/wp-content\/uploads\/2022\/09\/16092022-a-sexta-feira-de-ao-em-tarum-fotos-de-duda-bairros_52363098392_o-600x400.jpg\" alt=\"\" class=\"wp-image-6030\"\/><\/figure>\n\n\n\n<p class=\"has-tan-color has-brown-background-color has-text-color has-background has-regular-font-size\">O piloto natural de Petr\u00f3polis (RJ), que comanda o caminh\u00e3o Volkswagen #17, ficou em terceiro lugar na categoria e na 11\u00aa posi\u00e7\u00e3o na geral.<\/p>\n\n\n\n<p class=\"has-tan-color has-brown-background-color has-text-color has-background has-regular-font-size\">O domingo ver\u00e1 uma repeti\u00e7\u00e3o de todos os procedimentos feitos hoje: uma nova tomada de tempos \u00e0s 8h (exibida ao vivo pelo streaming oficial no Facebook e YouTube), com as provas da etapa 8 acontecendo a partir das 14h, com a Band, o SporTV e o streaming oficial transmitindo ao vivo.<\/p>\n\n\n\n<figure class=\"wp-block-image size-large\"><img decoding=\"async\" src=\"https:\/\/www.r9competicoes.com.br\/r9\/wp-content\/uploads\/2022\/09\/16092022-a-sexta-feira-de-ao-em-tarum-fotos-de-duda-bairros_52364340159_o-600x400.jpg\" alt=\"\" class=\"wp-image-6031\"\/><\/figure>\n\n\n\n<p class=\"has-tan-color has-brown-background-color has-text-color has-background has-regular-font-size\">Os ingressos para a etapa deste fim de semana seguem \u00e0 venda, por\u00e9m s\u00f3 na bilheteria do Aut\u00f3dromo de Tarum\u00e3. Est\u00e3o dispon\u00edveis os setores Arquibancada, Camarote e o Passe de Visita\u00e7\u00e3o.<\/p>\n","protected":false},"excerpt":{"rendered":"<p>A Copa Truck deu in\u00edcio \u00e0 maratona de duas etapas no mesmo fim de semana com uma apresenta\u00e7\u00e3o de gala no Aut\u00f3dromo de Tarum\u00e3, que [&hellip;]<\/p>\n","protected":false},"author":2,"featured_media":6042,"comment_status":"closed","ping_status":"closed","sticky":false,"template":"","format":"standard","meta":{"ngg_post_thumbnail":0,"footnotes":""},"categories":[3],"tags":[],"class_list":["post-6027","post","type-post","status-publish","format-standard","has-post-thumbnail","hentry","category-noticias"],"_links":{"self":[{"href":"https:\/\/www.r9competicoes.com.br\/r9\/wp-json\/wp\/v2\/posts\/6027","targetHints":{"allow":["GET"]}}],"collection":[{"href":"https:\/\/www.r9competicoes.com.br\/r9\/wp-json\/wp\/v2\/posts"}],"about":[{"href":"https:\/\/www.r9competicoes.com.br\/r9\/wp-json\/wp\/v2\/types\/post"}],"author":[{"embeddable":true,"href":"https:\/\/www.r9competicoes.com.br\/r9\/wp-json\/wp\/v2\/users\/2"}],"replies":[{"embeddable":true,"href":"https:\/\/www.r9competicoes.com.br\/r9\/wp-json\/wp\/v2\/comments?post=6027"}],"version-history":[{"count":2,"href":"https:\/\/www.r9competicoes.com.br\/r9\/wp-json\/wp\/v2\/posts\/6027\/revisions"}],"predecessor-version":[{"id":6034,"href":"https:\/\/www.r9competicoes.com.br\/r9\/wp-json\/wp\/v2\/posts\/6027\/revisions\/6034"}],"wp:featuredmedia":[{"embeddable":true,"href":"https:\/\/www.r9competicoes.com.br\/r9\/wp-json\/wp\/v2\/media\/6042"}],"wp:attachment":[{"href":"https:\/\/www.r9competicoes.com.br\/r9\/wp-json\/wp\/v2\/media?parent=6027"}],"wp:term":[{"taxonomy":"category","embeddable":true,"href":"https:\/\/www.r9competicoes.com.br\/r9\/wp-json\/wp\/v2\/categories?post=6027"},{"taxonomy":"post_tag","embeddable":true,"href":"https:\/\/www.r9competicoes.com.br\/r9\/wp-json\/wp\/v2\/tags?post=6027"}],"curies":[{"name":"wp","href":"https:\/\/api.w.org\/{rel}","templated":true}]}}