{"id":6235,"date":"2023-10-14T16:38:28","date_gmt":"2023-10-14T19:38:28","guid":{"rendered":"https:\/\/www.r9competicoes.com.br\/r9\/?p=6235"},"modified":"2023-10-14T16:38:28","modified_gmt":"2023-10-14T19:38:28","slug":"taruma-traz-grandes-disputas-na-vitoria-de-giaffone-e-podios-de-monteiro-salustiano-e-marques","status":"publish","type":"post","link":"https:\/\/www.r9competicoes.com.br\/r9\/2023\/10\/taruma-traz-grandes-disputas-na-vitoria-de-giaffone-e-podios-de-monteiro-salustiano-e-marques\/","title":{"rendered":"Tarum\u00e3 traz grandes disputas na vit\u00f3ria de Giaffone e p\u00f3dios de Monteiro, Salustiano e Marques"},"content":{"rendered":"<p>A s\u00e9tima etapa da Copa Truck foi disputada neste s\u00e1bado (14) no circuito de Tarum\u00e3, em Viam\u00e3o (RS). A vit\u00f3ria na primeira corrida ficou com Felipe Giaffone da R9 Competi\u00e7\u00f5es. O final de semana no Sul do pa\u00eds \u00e9 de rodada dupla, com a oitava etapa a ser disputada neste domingo (15). Em uma das pistas mais velozes do pa\u00eds, mas que tamb\u00e9m n\u00e3o perdoa erros ou problemas, tr\u00eas pilotos \u2013 um deles na disputa pelo t\u00edtulo -, acabaram ficando de fora das disputas praticamente antes de elas come\u00e7arem.<\/p>\n<p><a  href=\"https:\/\/verde-amarelo.net\/verdeamarelo\/wp-content\/uploads\/2023\/10\/429799_1082418_copatruck_7_8_rafacatelan_0777.jpg\" data-rel=\"lightbox-gallery-0\" data-rl_title=\"\" data-rl_caption=\"\" title=\"\"><img loading=\"lazy\" decoding=\"async\" class=\"aligncenter size-full\" src=\"https:\/\/verde-amarelo.net\/verdeamarelo\/wp-content\/uploads\/2023\/10\/429799_1082418_copatruck_7_8_rafacatelan_0777.jpg\" width=\"777\" height=\"517\"><\/a><\/p>\n<p>Nos treinos livres da sexta-feira (13), tr\u00eas acidentes fortes; entretanto, todos os pilotos sa\u00edram sem ferimentos. Primeiro, foi Ricardo Alvares, da Super Truck; depois, D\u00e9bora Rodrigues bateu forte seu Volkswagen; e no final do dia, o ent\u00e3o vice-l\u00edder da tabela, Jaidson Zini, destruiu seu caminh\u00e3o na primeira curva do circuito. Os danos nos tr\u00eas caminh\u00f5es tornaram imposs\u00edveis os reparos a tempo para que eles tomassem parte nas etapas do fim de semana.<\/p>\n<p><a  href=\"https:\/\/verde-amarelo.net\/verdeamarelo\/wp-content\/uploads\/2023\/10\/429799_1082419_copatruck_7_8_rafacatelan_6941_web_.jpg\" data-rel=\"lightbox-gallery-0\" data-rl_title=\"\" data-rl_caption=\"\" title=\"\"><img loading=\"lazy\" decoding=\"async\" class=\"aligncenter size-full\" src=\"https:\/\/verde-amarelo.net\/verdeamarelo\/wp-content\/uploads\/2023\/10\/429799_1082419_copatruck_7_8_rafacatelan_6941_web_.jpg\" width=\"777\" height=\"518\"><\/a><\/p>\n<p>Pole position do s\u00e1bado, Felipe Giaffone manteve a lideran\u00e7a na largada e assim seguiu por toda a corrida, que terminou em bandeira amarela em virtude do acidente de Juca Bala a pouco mais de tr\u00eas minutos do final. Giaffone comandou a trinca da Volkswagen no p\u00f3dio: Beto Monteiro foi o segundo colocado e Andr\u00e9 Marques, o terceiro.<\/p>\n<p>Na segunda corrida, Paulo Salustiano e Beto Monteiro empreenderam forte ataque aos ponteiros Abbate e Cirino finalizando com mais conquistas de p\u00f3dio para a R9 Competi\u00e7\u00f5es. Giaffone encerrou em sexto e Danilo Alamini em oitavo.<\/p>\n<p><a  href=\"https:\/\/verde-amarelo.net\/verdeamarelo\/wp-content\/uploads\/2023\/10\/429799_1082416_copatruck_7_8_rafacatelan_0616_web_.jpg\" data-rel=\"lightbox-gallery-0\" data-rl_title=\"\" data-rl_caption=\"\" title=\"\"><img loading=\"lazy\" decoding=\"async\" class=\"aligncenter size-full\" src=\"https:\/\/verde-amarelo.net\/verdeamarelo\/wp-content\/uploads\/2023\/10\/429799_1082416_copatruck_7_8_rafacatelan_0616_web_.jpg\" width=\"777\" height=\"517\"><\/a><\/p>\n<p>\u201cO principal desafio da pista de Tarum\u00e3 nem \u00e9 tanto para os freios, porque trata-se de uma pista de alta velocidade. Mas com poucas \u00e1reas de escape, qualquer batida aqui \u00e9 forte. Por isso, \u00e9 a per\u00edcia dos pilotos e a confian\u00e7a no equipamento que fizeram a diferen\u00e7a neste circuito\u201d, destaca Francisco Bisotto Jardim, engenheiro de aplica\u00e7\u00e3o da Fras-le, que fornece as pastilhas de freio a todas as equipes da Copa Truck.<\/p>\n<p>Finalizada a s\u00e9tima etapa, Andrade segue na lideran\u00e7a com 201 pontos, mas v\u00ea a aproxima\u00e7\u00e3o de Giaffone, agora com 195. Abbate subiu para terceiro com 189, seguido de Beto Monteiro com 175 e Jaidson Zini, que est\u00e1 fora da etapa por causa do acidente de sexta-feira, fechando o top-5 da tabela com 163 pontos.<\/p>\n<p>A programa\u00e7\u00e3o deste domingo (15) prev\u00ea a largada da primeira corrida da oitava etapa ao meio-dia, com transmiss\u00e3o ao vivo de Band, canais SporTV, e os canais do YouTube da Copa Truck e Portal High Speed.<\/p>\n<h3>Felipe Giaffone larga na pole position tamb\u00e9m nesta etapa.<\/h3>\n<p>RESULTADOS EXTRAOFICIAIS<\/p>\n<p>Corrida 1 (top-10 extraoficial):<br \/>\n1. Felipe Giaffone (Volkswagen)<br \/>\n2. Beto Monteiro (Volkswagen)<br \/>\n3. Andr\u00e9 Marques (Volkswagen)<br \/>\n4. Roberval Andrade (Mercedes)<br \/>\n5. Paulo Salustiano (Volkswagen)<br \/>\n6. Wellington Cirino (Iveco)<br \/>\n7. Victor Franzoni (Mercedes)<br \/>\n8. Raphael Abbate (Mercedes)<br \/>\n9. Danilo Alamini (Volkswagen)<br \/>\n10. Luiz Lopes (Mercedes)<\/p>\n<p>Corrida 2 (top-10 extraoficial):<br \/>\n1. Raphael Abbate (Mercedes)<br \/>\n2. Wellington Cirino (Iveco)<br \/>\n3. Paulo Salustiano (Volkswagen)<br \/>\n4. Beto Monteiro (Volkswagen)<br \/>\n5. Victor Franzoni (Mercedes)<br \/>\n6. Felipe Giaffone (Volkswagen)<br \/>\n7. Danilo Dirani (Iveco)<br \/>\n8. Danilo Alamini (Volkswagen)<br \/>\n9. Luiz Lopes (Mercedes)<br \/>\n10. Leandro Totti (Volvo)<\/p>\n<p>Classifica\u00e7\u00e3o do campeonato ap\u00f3s a 7\u00aa etapa (Geral \u2013 Top-10 extraoficial):<br \/>\n1. Roberval Andrade, 201 pontos<br \/>\n2. Felipe Giaffone, 195<br \/>\n3. Raphael Abbate, 189<br \/>\n4. Beto Monteiro, 175<br \/>\n5. Jaidson Zini, 163<br \/>\n6. Paulo Salustiano, 161<br \/>\n7. Andr\u00e9 Marques, 149<br \/>\n8. Wellington Cirino, 116<br \/>\n9. Danilo Alamini, 113<br \/>\n10. Danilo Dirani, 108<\/p>\n<p>PROGRAMA\u00c7\u00c3O<\/p>\n<p>Domingo, dia 15<br \/>\n08h00 \u2013 Abertura dos port\u00f5es<br \/>\n08h00 \u2013 Warm up<br \/>\n09h00 \u2013 Visita\u00e7\u00e3o aos boxes<br \/>\n11h \u2013 Desfile dos pilotos<br \/>\n12h00 \u2013 Corrida 1 \u2013 Etapa 8<br \/>\n12h30 \u2013 Corrida 2 \u2013 Etapa 8.<\/p>\n<p>&nbsp;<\/p>\n<hr>\n<h6>Cleber Bernuci \u2013 P1 Media Relations<br \/>\nimprensa@p1media.com.br \u2013 (19) 992 222 517<\/h6>\n","protected":false},"excerpt":{"rendered":"<p>A s\u00e9tima etapa da Copa Truck foi disputada neste s\u00e1bado (14) no circuito de Tarum\u00e3, em Viam\u00e3o (RS). A vit\u00f3ria na primeira corrida ficou com [&hellip;]<\/p>\n","protected":false},"author":2,"featured_media":6136,"comment_status":"closed","ping_status":"closed","sticky":false,"template":"","format":"standard","meta":{"ngg_post_thumbnail":0,"footnotes":""},"categories":[3],"tags":[],"class_list":["post-6235","post","type-post","status-publish","format-standard","has-post-thumbnail","hentry","category-noticias"],"_links":{"self":[{"href":"https:\/\/www.r9competicoes.com.br\/r9\/wp-json\/wp\/v2\/posts\/6235","targetHints":{"allow":["GET"]}}],"collection":[{"href":"https:\/\/www.r9competicoes.com.br\/r9\/wp-json\/wp\/v2\/posts"}],"about":[{"href":"https:\/\/www.r9competicoes.com.br\/r9\/wp-json\/wp\/v2\/types\/post"}],"author":[{"embeddable":true,"href":"https:\/\/www.r9competicoes.com.br\/r9\/wp-json\/wp\/v2\/users\/2"}],"replies":[{"embeddable":true,"href":"https:\/\/www.r9competicoes.com.br\/r9\/wp-json\/wp\/v2\/comments?post=6235"}],"version-history":[{"count":1,"href":"https:\/\/www.r9competicoes.com.br\/r9\/wp-json\/wp\/v2\/posts\/6235\/revisions"}],"predecessor-version":[{"id":6236,"href":"https:\/\/www.r9competicoes.com.br\/r9\/wp-json\/wp\/v2\/posts\/6235\/revisions\/6236"}],"wp:featuredmedia":[{"embeddable":true,"href":"https:\/\/www.r9competicoes.com.br\/r9\/wp-json\/wp\/v2\/media\/6136"}],"wp:attachment":[{"href":"https:\/\/www.r9competicoes.com.br\/r9\/wp-json\/wp\/v2\/media?parent=6235"}],"wp:term":[{"taxonomy":"category","embeddable":true,"href":"https:\/\/www.r9competicoes.com.br\/r9\/wp-json\/wp\/v2\/categories?post=6235"},{"taxonomy":"post_tag","embeddable":true,"href":"https:\/\/www.r9competicoes.com.br\/r9\/wp-json\/wp\/v2\/tags?post=6235"}],"curies":[{"name":"wp","href":"https:\/\/api.w.org\/{rel}","templated":true}]}}