{"id":6365,"date":"2024-06-14T21:54:39","date_gmt":"2024-06-15T00:54:39","guid":{"rendered":"https:\/\/www.r9competicoes.com.br\/r9\/?p=6365"},"modified":"2024-08-04T09:43:32","modified_gmt":"2024-08-04T12:43:32","slug":"beto-e-taborda-lideram-sexta-feira-do-gp-santa-cruz-do-sul","status":"publish","type":"post","link":"https:\/\/www.r9competicoes.com.br\/r9\/2024\/06\/beto-e-taborda-lideram-sexta-feira-do-gp-santa-cruz-do-sul\/","title":{"rendered":"Beto Monteiro lidera sexta-feira do GP SCS que acontece em Minas Gerais"},"content":{"rendered":"<p>Apesar de ter dominado a tabela de tempos com uma dobradinha puxada por Beto Monteiro, a Volkswagen teve um de seus dias mais dif\u00edceis nesta sexta-feira em Potenza, onde um ter\u00e7o de seus caminh\u00f5es sofreu com problemas s\u00e9rios na parte mec\u00e2nica.<\/p>\n<p>Um deles foi justamente o do atual l\u00edder do campeonato, Felipe Giaffone, que come\u00e7ou a sexta com o c\u00e2mbio que n\u00e3o conseguiu dar sequer uma volta; na pr\u00e1tica seguinte, seu caminh\u00e3o quebrou novamente na curva final &#8211; mas, mesmo assim, ele foi o segundo.<\/p>\n<p><a  href=\"https:\/\/www.r9competicoes.com.br\/r9\/wp-content\/uploads\/2024\/06\/439222_1111439_20240614_dudabairros_6230_web_.webp\" data-rel=\"lightbox-gallery-0\" data-rl_title=\"439222_1111439_20240614_dudabairros_6230_web_\" data-rl_caption=\"\" title=\"439222_1111439_20240614_dudabairros_6230_web_\"><img loading=\"lazy\" decoding=\"async\" class=\"aligncenter size-full wp-image-6366\" src=\"https:\/\/www.r9competicoes.com.br\/r9\/wp-content\/uploads\/2024\/06\/439222_1111439_20240614_dudabairros_6230_web_.webp\" alt=\"\" width=\"1024\" height=\"683\" srcset=\"https:\/\/www.r9competicoes.com.br\/r9\/wp-content\/uploads\/2024\/06\/439222_1111439_20240614_dudabairros_6230_web_.webp 777w, https:\/\/www.r9competicoes.com.br\/r9\/wp-content\/uploads\/2024\/06\/439222_1111439_20240614_dudabairros_6230_web_-450x300.webp 450w, https:\/\/www.r9competicoes.com.br\/r9\/wp-content\/uploads\/2024\/06\/439222_1111439_20240614_dudabairros_6230_web_-600x400.webp 600w, https:\/\/www.r9competicoes.com.br\/r9\/wp-content\/uploads\/2024\/06\/439222_1111439_20240614_dudabairros_6230_web_-768x512.webp 768w\" sizes=\"auto, (max-width: 1024px) 100vw, 1024px\" \/><\/a><\/p>\n<p>J\u00e1 Paulo Salustiano, que venceu a \u00faltima corrida de Londrina, teve o mesmo problema, s\u00f3 que mais grave: ele n\u00e3o conseguiu dar nenhuma volta em ambas as sess\u00f5es por causa da caixa de marcha. Alheio a tudo isso, Beto cravou a marca de 1:50.518, 0s119 \u00e0 frente de Giaffone.<\/p>\n<p>TRANSMISS\u00d5ES: As provas da Copa Truck no domingo ser\u00e3o transmitidas a partir das 12h25 ao vivo pela Band, SporTV 3 e pela internet nos canais da Copa Truck, High Speed, Esporte na Band e Parc Ferm\u00e9 no YouTube, no site da CATVE.com e tamb\u00e9m nos aplicativos Bandplay e SporTV Play.<\/p>\n<p><a  href=\"https:\/\/www.r9competicoes.com.br\/r9\/wp-content\/uploads\/2024\/06\/439222_1111440_20240614_dudabairros_5766_web_.webp\" data-rel=\"lightbox-gallery-0\" data-rl_title=\"439222_1111440_20240614_dudabairros_5766_web_\" data-rl_caption=\"\" title=\"439222_1111440_20240614_dudabairros_5766_web_\"><img loading=\"lazy\" decoding=\"async\" class=\"aligncenter size-full wp-image-6367\" src=\"https:\/\/www.r9competicoes.com.br\/r9\/wp-content\/uploads\/2024\/06\/439222_1111440_20240614_dudabairros_5766_web_.webp\" alt=\"\" width=\"480\" height=\"720\" srcset=\"https:\/\/www.r9competicoes.com.br\/r9\/wp-content\/uploads\/2024\/06\/439222_1111440_20240614_dudabairros_5766_web_.webp 512w, https:\/\/www.r9competicoes.com.br\/r9\/wp-content\/uploads\/2024\/06\/439222_1111440_20240614_dudabairros_5766_web_-300x450.webp 300w, https:\/\/www.r9competicoes.com.br\/r9\/wp-content\/uploads\/2024\/06\/439222_1111440_20240614_dudabairros_5766_web_-400x600.webp 400w\" sizes=\"auto, (max-width: 480px) 100vw, 480px\" \/><\/a><\/p>\n<p>J\u00e1 a tomada de tempos para a quarta etapa \u00e9 exibida exclusivamente no canal da Copa Truck a partir das 13h30, com a categoria Super Truck Elite iniciando as atividades e a Super Truck Pro definindo seu grid de largada logo em seguida. Os links oficiais da Copa Truck se encontram abaixo.<\/p>\n<p>Streamings oficiais GP Santa Cruz do Sul<\/p>\n<p>Classifica\u00e7\u00e3o &#8211; s\u00e1bado, 13h30<br \/>\n<iframe loading=\"lazy\" title=\"Copa Truck 2024 - Etapa 4 - GP Santa Cruz (Potenza\/MG) - classifica\u00e7\u00e3o\" width=\"640\" height=\"480\" src=\"https:\/\/www.youtube.com\/embed\/xGlsNT9ex3E?feature=oembed\" frameborder=\"0\" allow=\"accelerometer; autoplay; clipboard-write; encrypted-media; gyroscope; picture-in-picture; web-share\" referrerpolicy=\"strict-origin-when-cross-origin\" allowfullscreen><\/iframe><\/p>\n<p>Corridas &#8211; domingo, 12h30<br \/>\n<iframe loading=\"lazy\" title=\"Copa Truck 2024 - Etapa 4 - GP Santa Cruz (Potenza\/MG) - corridas\" width=\"640\" height=\"480\" src=\"https:\/\/www.youtube.com\/embed\/hM7iiXYlCkY?feature=oembed\" frameborder=\"0\" allow=\"accelerometer; autoplay; clipboard-write; encrypted-media; gyroscope; picture-in-picture; web-share\" referrerpolicy=\"strict-origin-when-cross-origin\" allowfullscreen><\/iframe><\/p>\n<hr>\n<pre>Comunica\u00e7\u00e3o Copa Truck\r\nContato: Bruno Vicaria (11) 981963069\r\n\r\nMais not\u00edcias: www.copatruck.com.br\r\n\r\nFique por dentro de nossas redes sociais\r\nInstagram: www.instagram.com\/copatruck\r\nFacebook: www.facebook.com\/copatruck\r\nTwitter: www.twitter.com\/copatruck<\/pre>\n","protected":false},"excerpt":{"rendered":"<p>Apesar de ter dominado a tabela de tempos com uma dobradinha puxada por Beto Monteiro, a Volkswagen teve um de seus dias mais dif\u00edceis nesta [&hellip;]<\/p>\n","protected":false},"author":2,"featured_media":6368,"comment_status":"closed","ping_status":"closed","sticky":false,"template":"","format":"standard","meta":{"ngg_post_thumbnail":0,"footnotes":""},"categories":[3],"tags":[],"class_list":["post-6365","post","type-post","status-publish","format-standard","has-post-thumbnail","hentry","category-noticias"],"_links":{"self":[{"href":"https:\/\/www.r9competicoes.com.br\/r9\/wp-json\/wp\/v2\/posts\/6365","targetHints":{"allow":["GET"]}}],"collection":[{"href":"https:\/\/www.r9competicoes.com.br\/r9\/wp-json\/wp\/v2\/posts"}],"about":[{"href":"https:\/\/www.r9competicoes.com.br\/r9\/wp-json\/wp\/v2\/types\/post"}],"author":[{"embeddable":true,"href":"https:\/\/www.r9competicoes.com.br\/r9\/wp-json\/wp\/v2\/users\/2"}],"replies":[{"embeddable":true,"href":"https:\/\/www.r9competicoes.com.br\/r9\/wp-json\/wp\/v2\/comments?post=6365"}],"version-history":[{"count":4,"href":"https:\/\/www.r9competicoes.com.br\/r9\/wp-json\/wp\/v2\/posts\/6365\/revisions"}],"predecessor-version":[{"id":7581,"href":"https:\/\/www.r9competicoes.com.br\/r9\/wp-json\/wp\/v2\/posts\/6365\/revisions\/7581"}],"wp:featuredmedia":[{"embeddable":true,"href":"https:\/\/www.r9competicoes.com.br\/r9\/wp-json\/wp\/v2\/media\/6368"}],"wp:attachment":[{"href":"https:\/\/www.r9competicoes.com.br\/r9\/wp-json\/wp\/v2\/media?parent=6365"}],"wp:term":[{"taxonomy":"category","embeddable":true,"href":"https:\/\/www.r9competicoes.com.br\/r9\/wp-json\/wp\/v2\/categories?post=6365"},{"taxonomy":"post_tag","embeddable":true,"href":"https:\/\/www.r9competicoes.com.br\/r9\/wp-json\/wp\/v2\/tags?post=6365"}],"curies":[{"name":"wp","href":"https:\/\/api.w.org\/{rel}","templated":true}]}}