{"id":6405,"date":"2024-08-03T21:51:36","date_gmt":"2024-08-04T00:51:36","guid":{"rendered":"https:\/\/www.r9competicoes.com.br\/r9\/?p=6405"},"modified":"2024-08-04T09:44:01","modified_gmt":"2024-08-04T12:44:01","slug":"beto-monteiro-mantem-fim-de-semana-perfeito-e-conquista-pole-jo-dias-e-o-pole-da-super-truck-elite","status":"publish","type":"post","link":"https:\/\/www.r9competicoes.com.br\/r9\/2024\/08\/beto-monteiro-mantem-fim-de-semana-perfeito-e-conquista-pole-jo-dias-e-o-pole-da-super-truck-elite\/","title":{"rendered":"Beto Monteiro mant\u00e9m fim de semana perfeito e conquista pole, J\u00f4 Dias \u00e9 o pole da Super Truck Elite"},"content":{"rendered":"<h3>Um dos l\u00edderes do campeonato, Felipe Giaffone completa a primeira fila do grid<\/h3>\n<p>Beto Monteiro continua insuper\u00e1vel neste fim de semana de Copa Truck em Interlagos. Recordista de vit\u00f3rias na categoria correndo no \u201ctemplo do automobilismo brasileiro\u201d, com cinco triunfos, o pernambucano liderou os tr\u00eas treinos livres e manteve a supremacia ao comandar tanto a primeira fase da sess\u00e3o classificat\u00f3ria como tamb\u00e9m o Top Qualifying para confirmar sua segunda pole na temporada 2024 na tarde deste s\u00e1bado (3).<\/p>\n<p><a  href=\"https:\/\/www.r9competicoes.com.br\/r9\/wp-content\/uploads\/2024\/08\/441374_duda_.webp\" data-rel=\"lightbox-gallery-0\" data-rl_title=\"441374_duda_\" data-rl_caption=\"\" title=\"441374_duda_\"><img loading=\"lazy\" decoding=\"async\" class=\"aligncenter size-full wp-image-6408\" src=\"https:\/\/www.r9competicoes.com.br\/r9\/wp-content\/uploads\/2024\/08\/441374_duda_.webp\" alt=\"\" width=\"1024\" height=\"683\" srcset=\"https:\/\/www.r9competicoes.com.br\/r9\/wp-content\/uploads\/2024\/08\/441374_duda_.webp 777w, https:\/\/www.r9competicoes.com.br\/r9\/wp-content\/uploads\/2024\/08\/441374_duda_-450x300.webp 450w, https:\/\/www.r9competicoes.com.br\/r9\/wp-content\/uploads\/2024\/08\/441374_duda_-600x400.webp 600w, https:\/\/www.r9competicoes.com.br\/r9\/wp-content\/uploads\/2024\/08\/441374_duda_-768x512.webp 768w\" sizes=\"auto, (max-width: 1024px) 100vw, 1024px\" \/><\/a><\/p>\n<p>A bordo do Volkswagen da R9 Competi\u00e7\u00f5es, Beto repetiu o feito alcan\u00e7ado em Londrina, quando tamb\u00e9m largou na frente. Nono colocado no campeonato, com 66 pontos, o piloto mira o topo do p\u00f3dio neste domingo para dar um salto na tabela na abertura da segunda metade da temporada.<\/p>\n<p>Monteiro recebeu o Trof\u00e9u Pole Position Maxon Oil pela segunda vez na temporada. Experiente, o bicampe\u00e3o sabe que ter\u00e1 outro grande desafio neste domingo para completar uma jornada de excel\u00eancia na temporada. \u201c\u00c9 muito importante largar na frente aqui. A primeira parte foi feita. Agora \u00e9 esperar por amanh\u00e3, j\u00e1 que o caminho ser\u00e1 longo\u201d, declarou.<\/p>\n<p><a  href=\"https:\/\/www.r9competicoes.com.br\/r9\/wp-content\/uploads\/2024\/08\/441374_1118836_duda_.webp\" data-rel=\"lightbox-gallery-0\" data-rl_title=\"441374_1118836_duda_\" data-rl_caption=\"\" title=\"441374_1118836_duda_\"><img loading=\"lazy\" decoding=\"async\" class=\"aligncenter size-full wp-image-6409\" src=\"https:\/\/www.r9competicoes.com.br\/r9\/wp-content\/uploads\/2024\/08\/441374_1118836_duda_.webp\" alt=\"\" width=\"1024\" height=\"683\" srcset=\"https:\/\/www.r9competicoes.com.br\/r9\/wp-content\/uploads\/2024\/08\/441374_1118836_duda_.webp 777w, https:\/\/www.r9competicoes.com.br\/r9\/wp-content\/uploads\/2024\/08\/441374_1118836_duda_-450x300.webp 450w, https:\/\/www.r9competicoes.com.br\/r9\/wp-content\/uploads\/2024\/08\/441374_1118836_duda_-600x400.webp 600w, https:\/\/www.r9competicoes.com.br\/r9\/wp-content\/uploads\/2024\/08\/441374_1118836_duda_-768x512.webp 768w\" sizes=\"auto, (max-width: 1024px) 100vw, 1024px\" \/><\/a><\/p>\n<p>Companheiro de equipe de Beto, Felipe Giaffone vai largar na segunda coloca\u00e7\u00e3o, tendo feito seu melhor tempo em 2min07s944, a 0s164 de Monteiro.<\/p>\n<p><strong>J\u00f4 Dias confirma for\u00e7a da Volkswagen e crava pole da Elite em Interlagos<\/strong><\/p>\n<p>A pole position da Copa Truck na classe Elite da etapa de Interlagos \u00e9 de J\u00f4 Augusto Dias. O piloto da R9 Competi\u00e7\u00f5es manteve a grande forma a bordo do seu Volkswagen ao longo de todo o fim de semana at\u00e9 agora e marcou o melhor tempo nos dois segmentos da sess\u00e3o classificat\u00f3ria realizada na quente tarde deste s\u00e1bado (3) no mais famoso circuito do automobilismo brasileiro.<\/p>\n<p><a  href=\"https:\/\/www.r9competicoes.com.br\/r9\/wp-content\/uploads\/2024\/08\/441372_duda_.webp\" data-rel=\"lightbox-gallery-0\" data-rl_title=\"441372_duda_\" data-rl_caption=\"\" title=\"441372_duda_\"><img loading=\"lazy\" decoding=\"async\" class=\"aligncenter size-full wp-image-6410\" src=\"https:\/\/www.r9competicoes.com.br\/r9\/wp-content\/uploads\/2024\/08\/441372_duda_.webp\" alt=\"\" width=\"1024\" height=\"683\" srcset=\"https:\/\/www.r9competicoes.com.br\/r9\/wp-content\/uploads\/2024\/08\/441372_duda_.webp 777w, https:\/\/www.r9competicoes.com.br\/r9\/wp-content\/uploads\/2024\/08\/441372_duda_-450x300.webp 450w, https:\/\/www.r9competicoes.com.br\/r9\/wp-content\/uploads\/2024\/08\/441372_duda_-600x400.webp 600w, https:\/\/www.r9competicoes.com.br\/r9\/wp-content\/uploads\/2024\/08\/441372_duda_-768x512.webp 768w\" sizes=\"auto, (max-width: 1024px) 100vw, 1024px\" \/><\/a><\/p>\n<p>\u00c9 a primeira pole de J\u00f4 Dias na temporada e a segunda na Elite acelerando em Interlagos. Em disputa direta, o piloto superou Bia Figueiredo , que vai largar em segundo pela terceira vez consecutiva na temporada.<\/p>\n<p>Ao receber o Trof\u00e9u Pole Position Maxon Oil pela conquista neste s\u00e1bado, J\u00f4 Dias vibrou muito. \u201cIsso aqui para mim \u00e9 o maior trof\u00e9u que poderia ganhar no fim de semana. Vim atr\u00e1s da pole, aqui. \u00c9 a prova de um trabalho da equipe, da minha galera, meus amigos, minha fam\u00edlia, de todo mundo. Amanh\u00e3 vamos fazer de tudo para ter boas corridas, manter o equipamento bem at\u00e9 o fim. Ser\u00e1 uma corrida de tranquilidade para n\u00e3o desgastar demais [o caminh\u00e3o] e buscar o p\u00f3dio. Teremos mais de 1.500 pessoas torcendo pela gente\u201d, destacou.<\/p>\n<p><a  href=\"https:\/\/www.r9competicoes.com.br\/r9\/wp-content\/uploads\/2024\/08\/duda.webp\" data-rel=\"lightbox-gallery-0\" data-rl_title=\"duda\" data-rl_caption=\"\" title=\"duda\"><img loading=\"lazy\" decoding=\"async\" class=\"aligncenter size-full wp-image-6411\" src=\"https:\/\/www.r9competicoes.com.br\/r9\/wp-content\/uploads\/2024\/08\/duda.webp\" alt=\"\" width=\"1024\" height=\"683\" srcset=\"https:\/\/www.r9competicoes.com.br\/r9\/wp-content\/uploads\/2024\/08\/duda.webp 777w, https:\/\/www.r9competicoes.com.br\/r9\/wp-content\/uploads\/2024\/08\/duda-450x300.webp 450w, https:\/\/www.r9competicoes.com.br\/r9\/wp-content\/uploads\/2024\/08\/duda-600x400.webp 600w, https:\/\/www.r9competicoes.com.br\/r9\/wp-content\/uploads\/2024\/08\/duda-768x512.webp 768w\" sizes=\"auto, (max-width: 1024px) 100vw, 1024px\" \/><\/a><\/p>\n<p><strong>Programa\u00e7\u00e3o de domingo \u2014<\/strong> As provas da quinta etapa da temporada 2024 da Copa Truck ser\u00e3o transmitidas a partir de 12h30 ao vivo pela Band e pela internet nos canais da Copa Truck, High Speed, Esporte na Band e Parc Ferm\u00e9 no YouTube, no site da CATVE.com e tamb\u00e9m no aplicativo Banplay. Por conta dos Jogos Ol\u00edmpicos de Paris, os canais SporTV devem exibir a etapa em VT.<\/p>\n<p>Os ingressos para acompanhar a etapa seguem \u00e0 venda nas bilheterias do Aut\u00f3dromo de Interlagos.<\/p>\n<p>Confira abaixo o grid de largada da Super Truck Pro na etapa deste fim de semana.<\/p>\n<p><strong>Copa Truck, Super Truck Pro<br \/>\nEtapa 5, Aut\u00f3dromo de Interlagos<br \/>\nCorrida 1, grid de largada:<\/strong><br \/>\n1\u00ba &#8211; Beto Monteiro (R9 Competi\u00e7\u00f5es\/Volkswagen), 2min07s780<br \/>\n2\u00ba &#8211; Felipe Giaffone (R9 Competi\u00e7\u00f5es\/Volkswagen), 2min07s944<br \/>\n3\u00ba &#8211; Evandro Camargo (PP Motorsport\/Mercedes-Benz), 2min08s031<br \/>\n4\u00ba &#8211; Roberval Andrade (ASG Motorsport\/Mercedes-Benz), 2min08s250<br \/>\n5\u00ba &#8211; Danilo Dirani (Usual Racing\/Iveco), 2min08s293<br \/>\n6\u00ba &#8211; Andr\u00e9 Marques (R9 Competi\u00e7\u00f5es\/Volkswagen), 2min08s299<br \/>\n7\u00ba &#8211; Paulo Salustiano (R9 Competi\u00e7\u00f5es\/Volkswagen), 2min08s594<br \/>\n8\u00ba &#8211; Raphael Abbate (ASG Motorsport\/Mercedes-Benz), 2min08s835<br \/>\n9\u00ba &#8211; Fabio Foga\u00e7a (FF Motorsport\/Mercedes-Benz), 2min09s138<br \/>\n10\u00ba &#8211; Jaidson Zini (ASG Motorsport\/Mercedes-Benz), 2min09s440<br \/>\n11\u00ba &#8211; Felipe Tozzo (Dakar Motorsport\/Iveco), 2min09s534<br \/>\n12\u00ba &#8211; Wellington Cirino (Usual Racing\/Iveco), 2min09s696<br \/>\n13\u00ba &#8211; Danilo Alamini (R9 Competi\u00e7\u00f5es\/Volkswagen), 2min09s709<br \/>\n14\u00ba &#8211; Luiz Lopes (ASG Motorsport\/Mercedes-Benz), 2min09s941<br \/>\n15\u00ba &#8211; D\u00e9bora Rodrigues (R9 Competi\u00e7\u00f5es\/Volkswagen), 2min11s992<br \/>\n16\u00ba &#8211; Victor Franzoni (Tiger Team\/Mercedes-Benz), 2min12s288<br \/>\n17\u00ba &#8211; Thiago Rizzo (R9 Competi\u00e7\u00f5es\/Volkswagen), 2min13s825<br \/>\n18\u00ba &#8211; Regis Boessio (Boessio Competi\u00e7\u00f5es\/Volvo), sem tempo<br \/>\n19\u00ba &#8211; Adalberto Jardim (AJ5 Ecosports\/Mercedes-Benz), volta exclu\u00edda<br \/>\n20\u00ba &#8211; Leandro Totti (Vannucci Racing\/Iveco), exclu\u00eddo.<\/p>\n<p>Confira abaixo o grid de largada da Super Truck Elite na etapa deste fim de semana.<\/p>\n<p><strong>Copa Truck, Super Truck Elite<br \/>\nEtapa 5, Aut\u00f3dromo de Interlagos<br \/>\nCorrida 1, grid de largada:<\/strong><br \/>\n1\u00ba &#8211; J\u00f4 Augusto Dias (R9 Competi\u00e7\u00f5es\/Volkswagen), 2min09s235<br \/>\n2\u00ba &#8211; Bia Figueiredo (ASG Motorsport\/Mercedes-Benz), 2min09s500<br \/>\n3\u00ba &#8211; M\u00e1rcio Giordano (ASG Motorsport\/Mercedes-Benz), 2min09s878<br \/>\n4\u00ba &#8211; Pedro Paulo Fernandes (PP Motorsport\/Mercedes-Benz), 2min10s025<br \/>\n5\u00ba &#8211; Pedro Perdoncini (ASG Motorsports\/Mercedes-Benz), 2min10s046<br \/>\n6\u00ba &#8211; Rodrigo Taborda (Vannucci Racing\/Volvo), 2min10s577<br \/>\n7\u00ba &#8211; Djalma Pivetta (Iveco Usual Racing\/Iveco), 2min10s966<br \/>\n8\u00ba &#8211; Ricardo Alvarez (Tiger Team\/Mercedes-Benz), 2min11s952<br \/>\n9\u00ba &#8211; Lucas Bornemann (Tiger Team\/Mercedes-Benz), 2min12s102<br \/>\n10\u00ba &#8211; Hugo Cibien (Vannucci Racing\/Volvo), 2min13s046<br \/>\n11\u00ba &#8211; Juca Bala (PP Motorsport\/Mercedes-Benz), 2min13s057<br \/>\n12\u00ba &#8211; Maicon Roncen (FF Motorsport\/Mercedes-Benz), volta exclu\u00edda<br \/>\n13\u00ba &#8211; Kleber Eletric (GT-Oil Eletric Truch\/Scania), exclu\u00eddo<br \/>\n14\u00ba &#8211; Leo Rufino (Tiger Team\/Mercedes-Benz), exclu\u00eddo<br \/>\n15\u00ba &#8211; Daniel Kelemen (D+ Motorsport\/Mercedes-Benz), exclu\u00eddo<br \/>\n16\u00ba &#8211; Hiro Yano (GT-Oil Eletric Truck\/Scania), exclu\u00eddo<\/p>\n<p><strong>Streamings oficiais da etapa<br \/>\nCorridas \u2013 domingo, 12h30<br \/>\n<\/strong><a href=\"https:\/\/click.presskit.com.br\/url\/10299306aba\/58564993951\">https:\/\/www.youtube.com\/watch?v=nvoV_KwtkXM<\/a><\/p>\n<hr>\n<pre><strong>Comunica\u00e7\u00e3o Copa Truck\r\nContato:<\/strong>&nbsp;Bruno Vicaria (11) 981963069&nbsp;<\/pre>\n","protected":false},"excerpt":{"rendered":"<p>Um dos l\u00edderes do campeonato, Felipe Giaffone completa a primeira fila do grid Beto Monteiro continua insuper\u00e1vel neste fim de semana de Copa Truck em [&hellip;]<\/p>\n","protected":false},"author":2,"featured_media":6407,"comment_status":"closed","ping_status":"closed","sticky":false,"template":"","format":"standard","meta":{"ngg_post_thumbnail":0,"footnotes":""},"categories":[3],"tags":[],"class_list":["post-6405","post","type-post","status-publish","format-standard","has-post-thumbnail","hentry","category-noticias"],"_links":{"self":[{"href":"https:\/\/www.r9competicoes.com.br\/r9\/wp-json\/wp\/v2\/posts\/6405","targetHints":{"allow":["GET"]}}],"collection":[{"href":"https:\/\/www.r9competicoes.com.br\/r9\/wp-json\/wp\/v2\/posts"}],"about":[{"href":"https:\/\/www.r9competicoes.com.br\/r9\/wp-json\/wp\/v2\/types\/post"}],"author":[{"embeddable":true,"href":"https:\/\/www.r9competicoes.com.br\/r9\/wp-json\/wp\/v2\/users\/2"}],"replies":[{"embeddable":true,"href":"https:\/\/www.r9competicoes.com.br\/r9\/wp-json\/wp\/v2\/comments?post=6405"}],"version-history":[{"count":6,"href":"https:\/\/www.r9competicoes.com.br\/r9\/wp-json\/wp\/v2\/posts\/6405\/revisions"}],"predecessor-version":[{"id":7592,"href":"https:\/\/www.r9competicoes.com.br\/r9\/wp-json\/wp\/v2\/posts\/6405\/revisions\/7592"}],"wp:featuredmedia":[{"embeddable":true,"href":"https:\/\/www.r9competicoes.com.br\/r9\/wp-json\/wp\/v2\/media\/6407"}],"wp:attachment":[{"href":"https:\/\/www.r9competicoes.com.br\/r9\/wp-json\/wp\/v2\/media?parent=6405"}],"wp:term":[{"taxonomy":"category","embeddable":true,"href":"https:\/\/www.r9competicoes.com.br\/r9\/wp-json\/wp\/v2\/categories?post=6405"},{"taxonomy":"post_tag","embeddable":true,"href":"https:\/\/www.r9competicoes.com.br\/r9\/wp-json\/wp\/v2\/tags?post=6405"}],"curies":[{"name":"wp","href":"https:\/\/api.w.org\/{rel}","templated":true}]}}