{"id":7608,"date":"2024-08-31T19:30:10","date_gmt":"2024-08-31T22:30:10","guid":{"rendered":"https:\/\/www.r9competicoes.com.br\/r9\/?p=7608"},"modified":"2024-08-31T19:30:10","modified_gmt":"2024-08-31T22:30:10","slug":"pole-felipe-giaffone-feliz-demais-estamos-com-o-caminhao-muito-bom-desde-o-primeiro-dia","status":"publish","type":"post","link":"https:\/\/www.r9competicoes.com.br\/r9\/2024\/08\/pole-felipe-giaffone-feliz-demais-estamos-com-o-caminhao-muito-bom-desde-o-primeiro-dia\/","title":{"rendered":"Pole Felipe Giaffone: &#8220;Feliz demais. Estamos com o caminh\u00e3o muito bom desde o primeiro dia!&#8221;"},"content":{"rendered":"<p>Com performance irretoc\u00e1vel, Felipe Giaffone vai largar na frente na sexta etapa da temporada 2024 da Copa Truck, disputada neste fim de semana em Cascavel, no oeste do Paran\u00e1. Depois de uma manh\u00e3 positiva deste s\u00e1bado (31), quando liderou o terceiro treino livre, o l\u00edder do campeonato e atual dono do t\u00edtulo foi insuper\u00e1vel na sess\u00e3o classificat\u00f3ria e conquistou o Trof\u00e9u Pole Position Maxon Oil pela segunda vez no ano ap\u00f3s realizar uma volta quase perfeita no Top Qualifying: 1min19s886 a bordo do Volkswagen da R9 Competi\u00e7\u00f5es.<\/p>\n<p><a  href=\"https:\/\/www.r9competicoes.com.br\/r9\/wp-content\/uploads\/2024\/08\/442640_1123400_20240831_rafael_gagliano__51077_web_.webp\" data-rel=\"lightbox-gallery-0\" data-rl_title=\"442640_1123400_20240831_rafael_gagliano__51077_web_\" data-rl_caption=\"\" title=\"442640_1123400_20240831_rafael_gagliano__51077_web_\"><img loading=\"lazy\" decoding=\"async\" class=\"aligncenter size-full wp-image-7610\" src=\"https:\/\/www.r9competicoes.com.br\/r9\/wp-content\/uploads\/2024\/08\/442640_1123400_20240831_rafael_gagliano__51077_web_.webp\" alt=\"\" width=\"777\" height=\"518\" srcset=\"https:\/\/www.r9competicoes.com.br\/r9\/wp-content\/uploads\/2024\/08\/442640_1123400_20240831_rafael_gagliano__51077_web_.webp 777w, https:\/\/www.r9competicoes.com.br\/r9\/wp-content\/uploads\/2024\/08\/442640_1123400_20240831_rafael_gagliano__51077_web_-450x300.webp 450w, https:\/\/www.r9competicoes.com.br\/r9\/wp-content\/uploads\/2024\/08\/442640_1123400_20240831_rafael_gagliano__51077_web_-600x400.webp 600w, https:\/\/www.r9competicoes.com.br\/r9\/wp-content\/uploads\/2024\/08\/442640_1123400_20240831_rafael_gagliano__51077_web_-768x512.webp 768w\" sizes=\"auto, (max-width: 777px) 100vw, 777px\" \/><\/a><\/p>\n<p>\u201cFeliz demais. Estamos com o caminh\u00e3o muito bom desde o primeiro dia. Estou animado, virei o tempo na hora certa. Sabia que tinha de encaixar a primeira volta e consegui fazer isso. Garanti mais uma pole, o que \u00e9 sempre bom demais\u201d, destacou Felipe, que comemorou a pole bem ao seu estilo: plantando bananeira em frente ao seu Volkswagen #4.<\/p>\n<p>Andr\u00e9 Marques e Beto Monteiro colocam tr\u00eas \u2018brutos\u2019 da Volkswagen nas cinco primeiras coloca\u00e7\u00f5es do grid da corrida que abre a etapa, neste domingo, no circuito de 3.058 metros de extens\u00e3o.<\/p>\n<p><a  href=\"https:\/\/www.r9competicoes.com.br\/r9\/wp-content\/uploads\/2024\/08\/442640_1123399_20240831_rafael_gagliano__10505_web_.webp\" data-rel=\"lightbox-gallery-0\" data-rl_title=\"442640_1123399_20240831_rafael_gagliano__10505_web_\" data-rl_caption=\"\" title=\"442640_1123399_20240831_rafael_gagliano__10505_web_\"><img loading=\"lazy\" decoding=\"async\" class=\"aligncenter size-full wp-image-7611\" src=\"https:\/\/www.r9competicoes.com.br\/r9\/wp-content\/uploads\/2024\/08\/442640_1123399_20240831_rafael_gagliano__10505_web_.webp\" alt=\"\" width=\"777\" height=\"518\" srcset=\"https:\/\/www.r9competicoes.com.br\/r9\/wp-content\/uploads\/2024\/08\/442640_1123399_20240831_rafael_gagliano__10505_web_.webp 777w, https:\/\/www.r9competicoes.com.br\/r9\/wp-content\/uploads\/2024\/08\/442640_1123399_20240831_rafael_gagliano__10505_web_-450x300.webp 450w, https:\/\/www.r9competicoes.com.br\/r9\/wp-content\/uploads\/2024\/08\/442640_1123399_20240831_rafael_gagliano__10505_web_-600x400.webp 600w, https:\/\/www.r9competicoes.com.br\/r9\/wp-content\/uploads\/2024\/08\/442640_1123399_20240831_rafael_gagliano__10505_web_-768x512.webp 768w\" sizes=\"auto, (max-width: 777px) 100vw, 777px\" \/><\/a><\/p>\n<p><strong>Como foi a classifica\u00e7\u00e3o \u2014<\/strong> Os confrontos entre Felipe Giaffone e Roberval Andrade e entre Volkswagen e Mercedes-Benz deram o tom da fase inicial da tomada de tempos. O atual campe\u00e3o e l\u00edder do campeonato tomou para si o protagonismo da tarde depois de virar 1min20s034 em sua volta mais r\u00e1pida, superando Roberval por 0s083.<\/p>\n<p>Foi uma classifica\u00e7\u00e3o muito apertada e com os \u2018brutos\u2019 andando bastante pr\u00f3ximos. Nada menos que os 14 primeiros colocados da sess\u00e3o andaram no mesmo segundo, sendo que os a diferen\u00e7a entre oito melhores posicionados era de apenas 0s510. N\u00e3o houve exclus\u00e3o de pilotos por excesso de emiss\u00f5es na primeira parte da tomada de tempos.<\/p>\n<p><a  href=\"https:\/\/www.r9competicoes.com.br\/r9\/wp-content\/uploads\/2024\/08\/442640_1123397_20240831_rafael_gagliano__51100_web_.webp\" data-rel=\"lightbox-gallery-0\" data-rl_title=\"442640_1123397_20240831_rafael_gagliano__51100_web_\" data-rl_caption=\"\" title=\"442640_1123397_20240831_rafael_gagliano__51100_web_\"><img loading=\"lazy\" decoding=\"async\" class=\"aligncenter size-full wp-image-7612\" src=\"https:\/\/www.r9competicoes.com.br\/r9\/wp-content\/uploads\/2024\/08\/442640_1123397_20240831_rafael_gagliano__51100_web_.webp\" alt=\"\" width=\"777\" height=\"518\" srcset=\"https:\/\/www.r9competicoes.com.br\/r9\/wp-content\/uploads\/2024\/08\/442640_1123397_20240831_rafael_gagliano__51100_web_.webp 777w, https:\/\/www.r9competicoes.com.br\/r9\/wp-content\/uploads\/2024\/08\/442640_1123397_20240831_rafael_gagliano__51100_web_-450x300.webp 450w, https:\/\/www.r9competicoes.com.br\/r9\/wp-content\/uploads\/2024\/08\/442640_1123397_20240831_rafael_gagliano__51100_web_-600x400.webp 600w, https:\/\/www.r9competicoes.com.br\/r9\/wp-content\/uploads\/2024\/08\/442640_1123397_20240831_rafael_gagliano__51100_web_-768x512.webp 768w\" sizes=\"auto, (max-width: 777px) 100vw, 777px\" \/><\/a><\/p>\n<p>Avan\u00e7aram para o Top Qualifying, al\u00e9m de Giaffone e Roberval, Beto Monteiro em terceiro, seguido por Evandro Camargo, Leandro Totti, Raphael Abbate, Danilo Dirani e Andr\u00e9 Marques.&nbsp; Tr\u00eas caminh\u00f5es Volkswagen, tr\u00eas Mercedes-Benz e dois Iveco.<\/p>\n<p>A defini\u00e7\u00e3o da pole position em Cascavel teve um Felipe Giaffone quase perfeito na sua volta r\u00e1pida. Com 1min19s886 em pista bastante quente, o dono do Volkswagen Meteor #4 registrou sua segunda pole na temporada e a segunda em Cascavel.<\/p>\n<p><strong>Como foi a classifica\u00e7\u00e3o na Super Truck Elite \u2014<\/strong> Diante de forte calor, com a temperatura ambiente chegando a 33\u00baC, os primeiros minutos da classifica\u00e7\u00e3o na Elite come\u00e7aram com importantes baixas. Dono da sexta-feira e um dos favoritos \u00e0 pole position foi exclu\u00eddo da sess\u00e3o por excesso de emiss\u00f5es de fuma\u00e7a: Pedro Paulo Fernandes ficou fora da disputa, assim como aconteceu logo em seguida com J\u00f4 Augusto Dias, piloto que conquistou a pole position em Interlagos.<\/p>\n<p><strong>Velocidade na tela \u2014 <\/strong>As corridas v\u00e1lidas pela sexta etapa da temporada ter\u00e3o transmiss\u00e3o a partir das 14h deste domingo por meio da Band (TV aberta), canais SporTV (TV por assinatura) e pelos canais da Copa Truck, Esporte na Band, Portal High Speed e Parc Ferm\u00e9 no YouTube.<\/p>\n<p>A abertura dos port\u00f5es ao p\u00fablico acontecer\u00e1 a partir das 8h, e os ingressos seguem \u00e0 venda, somente nas bilheterias do Aut\u00f3dromo Internacional Zilmar Beux.<\/p>\n<p>Confira a seguir os tempos da sess\u00e3o classificat\u00f3ria e a programa\u00e7\u00e3o deste domingo em Cascavel.<\/p>\n<p><strong>Copa Truck, temporada 2024<\/strong><strong><br \/>\n<\/strong><strong>Etapa 6, Cascavel, Aut\u00f3dromo Internacional Zilmar Beux<\/strong><strong><br \/>\n<\/strong><strong>Super Truck PRO, Corrida 1, grid de largada<\/strong><strong><br \/>\n<\/strong>1\u00ba &#8211; Felipe Giaffone (R9 Competi\u00e7\u00f5es\/Volkswagen), 1min19s886<br \/>\n2\u00ba &#8211; Raphael Abbate (ASG Motorsport\/Mercedes-Benz), 1min20s199<br \/>\n3\u00ba &#8211; Evandro Camargo (PP Motorsport\/Mercedes-Benz), 1min20s351<br \/>\n4\u00ba &#8211; Andr\u00e9 Marques (R9 Competi\u00e7\u00f5es\/Volkswagen), 1min20s538<br \/>\n5\u00ba &#8211; Beto Monteiro (R9 Competi\u00e7\u00f5es\/Mercedes-Benz), 1min20s729<br \/>\n6\u00ba &#8211; Danilo Dirani (Iveco Usual Racing\/Iveco), 1min20s768<br \/>\n7\u00ba &#8211; Leandro Totti (Vannucci Racing\/Iveco), 1min20s866<br \/>\n8\u00ba &#8211; Roberval Andrade (ASG Motorsport\/Mercedes-Benz), sem tempo<br \/>\n9\u00ba &#8211; Jaidson Zini (ASG Motorsport\/Mercedes-Benz), 1min20s648<br \/>\n10\u00ba &#8211; Felipe Tozzo (Dakar Motorsport\/Iveco), 1min20s658<br \/>\n11\u00ba &#8211; Wellington Cirino (Iveco Usual Racing\/Iveco), 1min20s688<br \/>\n12\u00ba &#8211; Victor Franzoni (Tiger Team\/Mercedes-Benz), 1min20s751<br \/>\n13\u00ba &#8211; Paulo Salustiano (R9 Competi\u00e7\u00f5es\/Volkswagen), 1min20s808<br \/>\n14\u00ba &#8211; Fabio Foga\u00e7a (FF Motorsport\/Mercedes-Benz), 1min20s970<br \/>\n15\u00ba &#8211; Danilo Alamini (R9 Competi\u00e7\u00f5es\/Volkswagen), 1min21s405<br \/>\n16\u00ba &#8211; D\u00e9bora Rodrigues (R9 Competi\u00e7\u00f5es\/Volkswagen), 1min21s409<br \/>\n17\u00ba &#8211; Adalberto Jardim (AJ5 Ecosports\/Mercedes-Benz), 1min22s023<br \/>\n18\u00ba &#8211; Thiago Rizzo (R9 Competi\u00e7\u00f5es\/Volkswagen), 1min23s000<br \/>\n19\u00ba &#8211; Regis Bo\u00e9ssio (Bo\u00e9ssio Competi\u00e7\u00f5es\/Volvo), sem tempo<\/p>\n<p>&nbsp;<\/p>\n<p><strong>Domingo, 1\u00ba de setembro<\/strong><br \/>\nAbertura dos port\u00f5es: 08h00<\/p>\n<p>08h45: Copa Truck &#8211; Warm Up Pro<br \/>\n09h00: Copa Truck &#8211; Warm Up Elite<br \/>\n09h30: Desfile de Caminh\u00f5es<br \/>\n09h45: Desafio dos El\u00e9tricos<br \/>\n09h45: Visita\u00e7\u00e3o aos Boxes<br \/>\n10h15: Grid Walk &#8211; NASCAR Brasil<br \/>\n11h00: NASCAR Brasil &#8211; Corrida 1<br \/>\n12h48: Copa HB20 &#8211; Corrida 2<br \/>\n13h20: Desfile dos pilotos<br \/>\n14h00: Copa Truck &#8211; Corrida 1<br \/>\n14h30: Copa Truck &#8211; Corrida 2<br \/>\n15h15: A\u00e7\u00e3o Promocional NASCAR Brasil, Copa HB20 e Chevrolet<br \/>\n16h15: A\u00e7\u00e3o Promocional Copa Truck<\/p>\n<hr>\n<pre><strong>Comunica\u00e7\u00e3o Copa Truck<\/strong><strong>\r\n<\/strong><strong>Contato:<\/strong>&nbsp;Bruno Vicaria (11) 981963069&nbsp;<\/pre>\n","protected":false},"excerpt":{"rendered":"<p>Com performance irretoc\u00e1vel, Felipe Giaffone vai largar na frente na sexta etapa da temporada 2024 da Copa Truck, disputada neste fim de semana em Cascavel, [&hellip;]<\/p>\n","protected":false},"author":2,"featured_media":7609,"comment_status":"closed","ping_status":"closed","sticky":false,"template":"","format":"standard","meta":{"ngg_post_thumbnail":0,"footnotes":""},"categories":[3],"tags":[],"class_list":["post-7608","post","type-post","status-publish","format-standard","has-post-thumbnail","hentry","category-noticias"],"_links":{"self":[{"href":"https:\/\/www.r9competicoes.com.br\/r9\/wp-json\/wp\/v2\/posts\/7608","targetHints":{"allow":["GET"]}}],"collection":[{"href":"https:\/\/www.r9competicoes.com.br\/r9\/wp-json\/wp\/v2\/posts"}],"about":[{"href":"https:\/\/www.r9competicoes.com.br\/r9\/wp-json\/wp\/v2\/types\/post"}],"author":[{"embeddable":true,"href":"https:\/\/www.r9competicoes.com.br\/r9\/wp-json\/wp\/v2\/users\/2"}],"replies":[{"embeddable":true,"href":"https:\/\/www.r9competicoes.com.br\/r9\/wp-json\/wp\/v2\/comments?post=7608"}],"version-history":[{"count":1,"href":"https:\/\/www.r9competicoes.com.br\/r9\/wp-json\/wp\/v2\/posts\/7608\/revisions"}],"predecessor-version":[{"id":7613,"href":"https:\/\/www.r9competicoes.com.br\/r9\/wp-json\/wp\/v2\/posts\/7608\/revisions\/7613"}],"wp:featuredmedia":[{"embeddable":true,"href":"https:\/\/www.r9competicoes.com.br\/r9\/wp-json\/wp\/v2\/media\/7609"}],"wp:attachment":[{"href":"https:\/\/www.r9competicoes.com.br\/r9\/wp-json\/wp\/v2\/media?parent=7608"}],"wp:term":[{"taxonomy":"category","embeddable":true,"href":"https:\/\/www.r9competicoes.com.br\/r9\/wp-json\/wp\/v2\/categories?post=7608"},{"taxonomy":"post_tag","embeddable":true,"href":"https:\/\/www.r9competicoes.com.br\/r9\/wp-json\/wp\/v2\/tags?post=7608"}],"curies":[{"name":"wp","href":"https:\/\/api.w.org\/{rel}","templated":true}]}}