{"id":7783,"date":"2025-05-16T23:19:30","date_gmt":"2025-05-17T02:19:30","guid":{"rendered":"https:\/\/www.r9competicoes.com.br\/r9\/?p=7783"},"modified":"2025-05-16T23:19:30","modified_gmt":"2025-05-17T02:19:30","slug":"sexta-feira-foi-marcada-por-alternancia-de-lideres-tanto-na-pro-como-na-elite-que-teve-nicolas-giaffone-como-um-dos-mais-rapidos","status":"publish","type":"post","link":"https:\/\/www.r9competicoes.com.br\/r9\/2025\/05\/sexta-feira-foi-marcada-por-alternancia-de-lideres-tanto-na-pro-como-na-elite-que-teve-nicolas-giaffone-como-um-dos-mais-rapidos\/","title":{"rendered":"Sexta-feira foi marcada por altern\u00e2ncia de l\u00edderes tanto na PRO como na Elite, que teve Nicolas Giaffone como um dos mais r\u00e1pidos"},"content":{"rendered":"<p>A Copa Truck Petrobras volta a acelerar neste fim de semana para a disputa da terceira etapa de uma empolgante temporada 2025. Desta vez, a Na\u00e7\u00e3o Truck p\u00f5e seus \u2018brutos\u2019 no aut\u00f3dromo mais tradicional e famoso do Brasil, Interlagos, em S\u00e3o Paulo. As atividades de pista tiveram in\u00edcio nesta sexta-feira (16) com dois treinos para as classes Super Truck PRO e Elite e pilotos e marcas distintas na lideran\u00e7a das sess\u00f5es.<\/p>\n<p><a  href=\"https:\/\/www.r9competicoes.com.br\/r9\/wp-content\/uploads\/2025\/05\/451810_1152365_20250516_dudabairros_10635_web_.webp\" data-rel=\"lightbox-gallery-0\" data-rl_title=\"451810_1152365_20250516_dudabairros_10635_web_\" data-rl_caption=\"\" title=\"451810_1152365_20250516_dudabairros_10635_web_\"><img loading=\"lazy\" decoding=\"async\" class=\"aligncenter size-full wp-image-7785\" src=\"https:\/\/www.r9competicoes.com.br\/r9\/wp-content\/uploads\/2025\/05\/451810_1152365_20250516_dudabairros_10635_web_.webp\" alt=\"\" width=\"777\" height=\"518\" srcset=\"https:\/\/www.r9competicoes.com.br\/r9\/wp-content\/uploads\/2025\/05\/451810_1152365_20250516_dudabairros_10635_web_.webp 777w, https:\/\/www.r9competicoes.com.br\/r9\/wp-content\/uploads\/2025\/05\/451810_1152365_20250516_dudabairros_10635_web_-450x300.webp 450w, https:\/\/www.r9competicoes.com.br\/r9\/wp-content\/uploads\/2025\/05\/451810_1152365_20250516_dudabairros_10635_web_-600x400.webp 600w, https:\/\/www.r9competicoes.com.br\/r9\/wp-content\/uploads\/2025\/05\/451810_1152365_20250516_dudabairros_10635_web_-768x512.webp 768w\" sizes=\"auto, (max-width: 777px) 100vw, 777px\" \/><\/a><\/p>\n<p>Com 2min04s274, Totti foi o ponteiro da tabela de tempos do TL2 e da sexta-feira como um todo, seguido pelo \u2018Rei de Interlagos\u2019, Beto Monteiro, dono de seis vit\u00f3rias no tra\u00e7ado de 4.309 metros. A bordo do Volkswagen Meteor #88, o pernambucano da R9 Competi\u00e7\u00f5es ficou a 0s6 da marca estabelecida pelo l\u00edder da tabela de tempos. Tamb\u00e9m bem posicionado pela manh\u00e3, Andr\u00e9 Marques finalizou o dia em quinto com o Volkswagen da R9 Competi\u00e7\u00f5es.<\/p>\n<p><a  href=\"https:\/\/www.r9competicoes.com.br\/r9\/wp-content\/uploads\/2025\/05\/451810_1152358_20250516_dudabairros_8170_web_.webp\" data-rel=\"lightbox-gallery-0\" data-rl_title=\"451810_1152358_20250516_dudabairros_8170_web_\" data-rl_caption=\"\" title=\"451810_1152358_20250516_dudabairros_8170_web_\"><img loading=\"lazy\" decoding=\"async\" class=\"aligncenter size-full wp-image-7786\" src=\"https:\/\/www.r9competicoes.com.br\/r9\/wp-content\/uploads\/2025\/05\/451810_1152358_20250516_dudabairros_8170_web_.webp\" alt=\"\" width=\"777\" height=\"518\" srcset=\"https:\/\/www.r9competicoes.com.br\/r9\/wp-content\/uploads\/2025\/05\/451810_1152358_20250516_dudabairros_8170_web_.webp 777w, https:\/\/www.r9competicoes.com.br\/r9\/wp-content\/uploads\/2025\/05\/451810_1152358_20250516_dudabairros_8170_web_-450x300.webp 450w, https:\/\/www.r9competicoes.com.br\/r9\/wp-content\/uploads\/2025\/05\/451810_1152358_20250516_dudabairros_8170_web_-600x400.webp 600w, https:\/\/www.r9competicoes.com.br\/r9\/wp-content\/uploads\/2025\/05\/451810_1152358_20250516_dudabairros_8170_web_-768x512.webp 768w\" sizes=\"auto, (max-width: 777px) 100vw, 777px\" \/><\/a><\/p>\n<p>L\u00edder do campeonato e atual campe\u00e3o, Felipe Giaffone concluiu a atividade em 11\u00ba com o Volkswagen Meteor #4.<\/p>\n<p><strong>Nic Giaffone come\u00e7a bem na Elite<\/strong><\/p>\n<p>Tal qual na PRO, a Super Truck Elite teve no treino livre 2 a sua sess\u00e3o mais r\u00e1pida desta sexta-feira, o melhor colocado do dia na categoria, Nicolas Giaffone, com o Volkswagen Meteor #31 da R9 Competi\u00e7\u00f5es.<\/p>\n<p>Nic cravou 2min06s184 em sua melhor passagem para liderar a sexta-feira em Interlagos na Elite com tempo 0s334 mais r\u00e1pido em rela\u00e7\u00e3o ao segundo colocado, o companheiro de equipe J\u00f4 Augusto Dias, que assim como Giaffone filho vem de vit\u00f3ria em Londrina.<\/p>\n<p><strong>Agenda<\/strong><\/p>\n<p>As atividades de pista da Copa Truck Petrobras em Interlagos t\u00eam sequ\u00eancia neste s\u00e1bado. Pela manh\u00e3, a partir de 9h35, acontece o Treino Livre 3, enquanto a sess\u00e3o classificat\u00f3ria que definir\u00e1 o grid de largada est\u00e1 marcada para 12h50, com transmiss\u00e3o ao vivo pelo canal oficial da Copa Truck Petrobras no YouTube.<\/p>\n<p>As corridas v\u00e1lidas pela terceira etapa do campeonato ser\u00e3o disputadas no domingo \u00e0 tarde em Interlagos, come\u00e7ando a partir de 14h10, com transmiss\u00e3o ao vivo da Band, dos canais SporTV, e pela internet no CATVE.com e nos canais da Copa Truck Petrobras, Esporte na Band, Highspeed e Parc Ferm\u00e9 no YouTube.<\/p>\n<p><strong>S\u00e1bado \u2013 17 de Maio de 2025<br \/>\n<\/strong>\u2981 07:30 &#8211; 07:50 \u2014 Classificat\u00f3rio Old Stock<br \/>\n\u2981 08:00 &#8211; 08:30 \u2014 4\u00ba Treino Livre Copa HB20<br \/>\n\u2981 08:40 &#8211; 09:25 \u2014 2\u00ba Treino Oficial NASCAR Brasil (m\u00e1x. 18 voltas)<br \/>\n\u2981 09:35 &#8211; 10:10 \u2014 3\u00ba Treino Livre Copa Truck &#8211; Super Truck Elite<br \/>\n\u2981 10:20 &#8211; 10:55 \u2014 3\u00ba Treino Livre Copa Truck &#8211; Super Truck Pro<br \/>\n\u2981 11:05 &#8211; 11:50 \u2014 Classificat\u00f3rio Copa HB20<br \/>\n\u2981 12:00 &#8211; 12:10 \u2014 Q1 NASCAR Brasil<br \/>\n\u2981 12:15 &#8211; 12:25 \u2014 Q2 NASCAR Brasil<br \/>\n\u2981 12:30 &#8211; 12:40 \u2014 Classificat\u00f3rio Sprint Race NASCAR Brasil (6 voltas)<br \/>\n\u2981 12:50 &#8211; 13:02 \u2014 Classificat\u00f3rio Copa Truck &#8211; Super Truck Elite<br \/>\n\u2981 13:12 &#8211; 13:22 \u2014 Top Qualifying Copa Truck &#8211; Super Truck Elite<br \/>\n\u2981 13:32 &#8211; 13:44 \u2014 Classificat\u00f3rio Copa Truck &#8211; Super Truck Pro<br \/>\n\u2981 13:54 &#8211; 14:04 \u2014 Top Qualifying Copa Truck &#8211; Super Truck Pro<br \/>\n\u2981 14:23 \u2014 Largada 30 Min Old Stock (Corrida 1)<br \/>\n\u2981 15:13 \u2014 Largada 25 Min + 1 Volta NASCAR Brasil (Corrida 1)<br \/>\n\u2981 17:18 \u2014 Largada 25 Min + 1 Volta Copa HB20 (Corrida 1)<br \/>\n\u2981 18:08 \u2014 Largada 40 Min Turismo 1.4 (Corrida 1)<\/p>\n<p><strong>Domingo \u2013 18 de Maio de 2025<\/strong><br \/>\n\u2981 07:45 &#8211; 07:55 \u2014 Warm-up Old Stock<br \/>\n\u2981 08:00 &#8211; 08:10 \u2014 Warm-up Copa Truck &#8211; Super Truck Pro<br \/>\n\u2981 08:15 &#8211; 08:25 \u2014 Warm-up Copa Truck &#8211; Super Truck Elite<br \/>\n\u2981 08:30 &#8211; 08:40 \u2014 Warm-up NASCAR Brasil<br \/>\n\u2981 10:18 \u2014 Largada 30 Min Old Stock (Corrida 2)<br \/>\n\u2981 11:18 \u2014 Largada 30 Min + 1 Volta Copa HB20 (Corrida 2)<br \/>\n\u2981 12:53 \u2014 Largada 25 Min + 1 Volta NASCAR Brasil (Corrida 2)<br \/>\n\u2981 13:25 \u2014 Sa\u00edda do Desfile dos Pilotos Copa Truck<br \/>\n\u2981 14:10 \u2014 Largada 25 Min + 1 Volta Copa Truck (Corrida 1)<br \/>\n\u2981 14:43 \u2014 Largada 20 Min + 1 Volta Copa Truck (Corrida 2)<br \/>\n\u2981 15:33 \u2014 Largada 40 Min Turismo 1.4 (Corrida 2)<br \/>\n\u2981 16:40 &#8211; 17:40 \u2014 Atividades promocionais.<\/p>\n<hr>\n<p><em><strong>Comunica\u00e7\u00e3o Copa Truck Petrobras<br \/>\nContato:<\/strong>&nbsp;Bruno Vicaria (11) 981963069&nbsp;<\/em><\/p>\n","protected":false},"excerpt":{"rendered":"<p>A Copa Truck Petrobras volta a acelerar neste fim de semana para a disputa da terceira etapa de uma empolgante temporada 2025. Desta vez, a [&hellip;]<\/p>\n","protected":false},"author":2,"featured_media":7784,"comment_status":"closed","ping_status":"closed","sticky":false,"template":"","format":"standard","meta":{"ngg_post_thumbnail":0,"footnotes":""},"categories":[3],"tags":[],"class_list":["post-7783","post","type-post","status-publish","format-standard","has-post-thumbnail","hentry","category-noticias"],"_links":{"self":[{"href":"https:\/\/www.r9competicoes.com.br\/r9\/wp-json\/wp\/v2\/posts\/7783","targetHints":{"allow":["GET"]}}],"collection":[{"href":"https:\/\/www.r9competicoes.com.br\/r9\/wp-json\/wp\/v2\/posts"}],"about":[{"href":"https:\/\/www.r9competicoes.com.br\/r9\/wp-json\/wp\/v2\/types\/post"}],"author":[{"embeddable":true,"href":"https:\/\/www.r9competicoes.com.br\/r9\/wp-json\/wp\/v2\/users\/2"}],"replies":[{"embeddable":true,"href":"https:\/\/www.r9competicoes.com.br\/r9\/wp-json\/wp\/v2\/comments?post=7783"}],"version-history":[{"count":1,"href":"https:\/\/www.r9competicoes.com.br\/r9\/wp-json\/wp\/v2\/posts\/7783\/revisions"}],"predecessor-version":[{"id":7787,"href":"https:\/\/www.r9competicoes.com.br\/r9\/wp-json\/wp\/v2\/posts\/7783\/revisions\/7787"}],"wp:featuredmedia":[{"embeddable":true,"href":"https:\/\/www.r9competicoes.com.br\/r9\/wp-json\/wp\/v2\/media\/7784"}],"wp:attachment":[{"href":"https:\/\/www.r9competicoes.com.br\/r9\/wp-json\/wp\/v2\/media?parent=7783"}],"wp:term":[{"taxonomy":"category","embeddable":true,"href":"https:\/\/www.r9competicoes.com.br\/r9\/wp-json\/wp\/v2\/categories?post=7783"},{"taxonomy":"post_tag","embeddable":true,"href":"https:\/\/www.r9competicoes.com.br\/r9\/wp-json\/wp\/v2\/tags?post=7783"}],"curies":[{"name":"wp","href":"https:\/\/api.w.org\/{rel}","templated":true}]}}