{"id":7788,"date":"2025-05-17T23:59:36","date_gmt":"2025-05-18T02:59:36","guid":{"rendered":"https:\/\/www.r9competicoes.com.br\/r9\/?p=7788"},"modified":"2025-05-17T23:59:36","modified_gmt":"2025-05-18T02:59:36","slug":"andre-marques-sera-o-melhor-volkswagen-no-grid-na-pro","status":"publish","type":"post","link":"https:\/\/www.r9competicoes.com.br\/r9\/2025\/05\/andre-marques-sera-o-melhor-volkswagen-no-grid-na-pro\/","title":{"rendered":"Andr\u00e9 Marques ser\u00e1 o melhor Volkswagen no grid na PRO"},"content":{"rendered":"<p>\u2018Rei de Interlagos\u2019 com seis vit\u00f3rias no aut\u00f3dromo paulistano pela Copa Truck Petrobras, Beto Monteiro foi punido com a perda da sua volta mais r\u00e1pida em raz\u00e3o do excesso de velocidade no radar. O pernambucano aproveitou at\u00e9 o segundo final seu tempo de pista para fazer mais uma tentativa e conseguiu se garantir no Top Qualifying com a quarta melhor marca.<\/p>\n<p><a  href=\"https:\/\/www.r9competicoes.com.br\/r9\/wp-content\/uploads\/2025\/05\/451841_1152522_20250517_dudabairros_15253_web_.webp\" data-rel=\"lightbox-gallery-0\" data-rl_title=\"451841_1152522_20250517_dudabairros_15253_web_\" data-rl_caption=\"\" title=\"451841_1152522_20250517_dudabairros_15253_web_\"><img loading=\"lazy\" decoding=\"async\" class=\"aligncenter size-full wp-image-7790\" src=\"https:\/\/www.r9competicoes.com.br\/r9\/wp-content\/uploads\/2025\/05\/451841_1152522_20250517_dudabairros_15253_web_.webp\" alt=\"\" width=\"777\" height=\"518\" srcset=\"https:\/\/www.r9competicoes.com.br\/r9\/wp-content\/uploads\/2025\/05\/451841_1152522_20250517_dudabairros_15253_web_.webp 777w, https:\/\/www.r9competicoes.com.br\/r9\/wp-content\/uploads\/2025\/05\/451841_1152522_20250517_dudabairros_15253_web_-450x300.webp 450w, https:\/\/www.r9competicoes.com.br\/r9\/wp-content\/uploads\/2025\/05\/451841_1152522_20250517_dudabairros_15253_web_-600x400.webp 600w, https:\/\/www.r9competicoes.com.br\/r9\/wp-content\/uploads\/2025\/05\/451841_1152522_20250517_dudabairros_15253_web_-768x512.webp 768w\" sizes=\"auto, (max-width: 777px) 100vw, 777px\" \/><\/a><\/p>\n<p>A reuni\u00e3o dos oito mais r\u00e1pidos para o Top Qualifying, mas Beto Monteiro, estava ainda parado nos boxes por conta de um problema inesperado no caminh\u00e3o. Andr\u00e9 Marques marcou o quarto melhor tempo, enquanto Beto Monteiro conseguiu voltar \u00e0 pista e assegurou um lugar no top-5, tendo a R9&nbsp; ainda Felipe Giaffone em oitavo.<\/p>\n<p><a  href=\"https:\/\/www.r9competicoes.com.br\/r9\/wp-content\/uploads\/2025\/05\/451841_1152523_20250517_dudabairros_14576_web_.webp\" data-rel=\"lightbox-gallery-0\" data-rl_title=\"451841_1152523_20250517_dudabairros_14576_web_\" data-rl_caption=\"\" title=\"451841_1152523_20250517_dudabairros_14576_web_\"><img loading=\"lazy\" decoding=\"async\" class=\"aligncenter size-full wp-image-7791\" src=\"https:\/\/www.r9competicoes.com.br\/r9\/wp-content\/uploads\/2025\/05\/451841_1152523_20250517_dudabairros_14576_web_.webp\" alt=\"\" width=\"777\" height=\"518\" srcset=\"https:\/\/www.r9competicoes.com.br\/r9\/wp-content\/uploads\/2025\/05\/451841_1152523_20250517_dudabairros_14576_web_.webp 777w, https:\/\/www.r9competicoes.com.br\/r9\/wp-content\/uploads\/2025\/05\/451841_1152523_20250517_dudabairros_14576_web_-450x300.webp 450w, https:\/\/www.r9competicoes.com.br\/r9\/wp-content\/uploads\/2025\/05\/451841_1152523_20250517_dudabairros_14576_web_-600x400.webp 600w, https:\/\/www.r9competicoes.com.br\/r9\/wp-content\/uploads\/2025\/05\/451841_1152523_20250517_dudabairros_14576_web_-768x512.webp 768w\" sizes=\"auto, (max-width: 777px) 100vw, 777px\" \/><\/a><\/p>\n<p>O filho do tricampe\u00e3o Felipe Giaffone come\u00e7ou o fim de semana como um dos poss\u00edveis postulantes \u00e0 posi\u00e7\u00e3o de honra do grid, mas obteve a quarta melhor marca da fase decisiva da classifica\u00e7\u00e3o com o Volkswagen Meteor #31 da R9 Competi\u00e7\u00f5es.<\/p>\n<p><a  href=\"https:\/\/www.r9competicoes.com.br\/r9\/wp-content\/uploads\/2025\/05\/451840_1152504_20250502_magnustorquato_3684_web_.webp\" data-rel=\"lightbox-gallery-0\" data-rl_title=\"451840_1152504_20250502_magnustorquato_3684_web_\" data-rl_caption=\"\" title=\"451840_1152504_20250502_magnustorquato_3684_web_\"><img loading=\"lazy\" decoding=\"async\" class=\"aligncenter size-full wp-image-7792\" src=\"https:\/\/www.r9competicoes.com.br\/r9\/wp-content\/uploads\/2025\/05\/451840_1152504_20250502_magnustorquato_3684_web_.webp\" alt=\"\" width=\"777\" height=\"518\" srcset=\"https:\/\/www.r9competicoes.com.br\/r9\/wp-content\/uploads\/2025\/05\/451840_1152504_20250502_magnustorquato_3684_web_.webp 777w, https:\/\/www.r9competicoes.com.br\/r9\/wp-content\/uploads\/2025\/05\/451840_1152504_20250502_magnustorquato_3684_web_-450x300.webp 450w, https:\/\/www.r9competicoes.com.br\/r9\/wp-content\/uploads\/2025\/05\/451840_1152504_20250502_magnustorquato_3684_web_-600x400.webp 600w, https:\/\/www.r9competicoes.com.br\/r9\/wp-content\/uploads\/2025\/05\/451840_1152504_20250502_magnustorquato_3684_web_-768x512.webp 768w\" sizes=\"auto, (max-width: 777px) 100vw, 777px\" \/><\/a><\/p>\n<p>J\u00e1 o bom piloto, com performance bastante s\u00f3lida no fim de semana, vem sendo o experiente J\u00f4 Augusto Dias, terceiro no alinhamento inicial com o Volkswagen preparado pela R9 Competi\u00e7\u00f5es\/Odapel Racing.<\/p>\n<p><a  href=\"https:\/\/www.r9competicoes.com.br\/r9\/wp-content\/uploads\/2025\/05\/451840_1152503_20250502_magnustorquato_3627_web_.webp\" data-rel=\"lightbox-gallery-0\" data-rl_title=\"451840_1152503_20250502_magnustorquato_3627_web_\" data-rl_caption=\"\" title=\"451840_1152503_20250502_magnustorquato_3627_web_\"><img loading=\"lazy\" decoding=\"async\" class=\"aligncenter size-full wp-image-7793\" src=\"https:\/\/www.r9competicoes.com.br\/r9\/wp-content\/uploads\/2025\/05\/451840_1152503_20250502_magnustorquato_3627_web_.webp\" alt=\"\" width=\"777\" height=\"518\" srcset=\"https:\/\/www.r9competicoes.com.br\/r9\/wp-content\/uploads\/2025\/05\/451840_1152503_20250502_magnustorquato_3627_web_.webp 777w, https:\/\/www.r9competicoes.com.br\/r9\/wp-content\/uploads\/2025\/05\/451840_1152503_20250502_magnustorquato_3627_web_-450x300.webp 450w, https:\/\/www.r9competicoes.com.br\/r9\/wp-content\/uploads\/2025\/05\/451840_1152503_20250502_magnustorquato_3627_web_-600x400.webp 600w, https:\/\/www.r9competicoes.com.br\/r9\/wp-content\/uploads\/2025\/05\/451840_1152503_20250502_magnustorquato_3627_web_-768x512.webp 768w\" sizes=\"auto, (max-width: 777px) 100vw, 777px\" \/><\/a><\/p>\n<p><strong>Agenda<\/strong><\/p>\n<p>As corridas v\u00e1lidas pela terceira etapa do campeonato ser\u00e3o disputadas no domingo \u00e0 tarde em Interlagos, come\u00e7ando a partir de 14h10, com transmiss\u00e3o ao vivo da Band, dos canais SporTV, e pela internet no CATVE.com e nos canais da Copa Truck Petrobras, Esporte na Band, Highspeed e Parc Ferm\u00e9 no YouTube.<\/p>\n<p><strong>Domingo \u2013 18 de Maio de 2025<\/strong><br \/>\n\u2981 07:45 &#8211; 07:55 \u2014 Warm-up Old Stock<br \/>\n\u2981 08:00 &#8211; 08:10 \u2014 Warm-up Copa Truck Petrobras &#8211; Super Truck Pro<br \/>\n\u2981 08:15 &#8211; 08:25 \u2014 Warm-up Copa Truck Petrobras &#8211; Super Truck Elite<br \/>\n\u2981 08:30 &#8211; 08:40 \u2014 Warm-up NASCAR Brasil<br \/>\n\u2981 10:18 \u2014 Largada 30 Min Old Stock (Corrida 2)<br \/>\n\u2981 11:18 \u2014 Largada 30 Min + 1 Volta Copa Hyundai HB20 (Corrida 2)<br \/>\n\u2981 12:53 \u2014 Largada 25 Min + 1 Volta NASCAR Brasil (Corrida 2)<br \/>\n\u2981 13:25 \u2014 Sa\u00edda do Desfile dos Pilotos Copa Truck<br \/>\n\u2981 14:10 \u2014 Largada 25 Min + 1 Volta Copa Truck Petrobras (Corrida 1)<br \/>\n\u2981 14:43 \u2014 Largada 20 Min + 1 Volta Copa Truck Petrobras (Corrida 2)<br \/>\n\u2981 15:33 \u2014 Largada 40 Min Turismo 1.4 (Corrida 2)<br \/>\n\u2981 16:40 &#8211; 17:40 \u2014 Atividades promocionais<\/p>\n<hr>\n<p><em><strong>Comunica\u00e7\u00e3o Copa Truck Petrobras<br \/>\nContato:<\/strong>&nbsp;Bruno Vicaria (11) 981963069&nbsp;<\/em><\/p>\n","protected":false},"excerpt":{"rendered":"<p>\u2018Rei de Interlagos\u2019 com seis vit\u00f3rias no aut\u00f3dromo paulistano pela Copa Truck Petrobras, Beto Monteiro foi punido com a perda da sua volta mais r\u00e1pida [&hellip;]<\/p>\n","protected":false},"author":2,"featured_media":7789,"comment_status":"closed","ping_status":"closed","sticky":false,"template":"","format":"standard","meta":{"ngg_post_thumbnail":0,"footnotes":""},"categories":[3],"tags":[],"class_list":["post-7788","post","type-post","status-publish","format-standard","has-post-thumbnail","hentry","category-noticias"],"_links":{"self":[{"href":"https:\/\/www.r9competicoes.com.br\/r9\/wp-json\/wp\/v2\/posts\/7788","targetHints":{"allow":["GET"]}}],"collection":[{"href":"https:\/\/www.r9competicoes.com.br\/r9\/wp-json\/wp\/v2\/posts"}],"about":[{"href":"https:\/\/www.r9competicoes.com.br\/r9\/wp-json\/wp\/v2\/types\/post"}],"author":[{"embeddable":true,"href":"https:\/\/www.r9competicoes.com.br\/r9\/wp-json\/wp\/v2\/users\/2"}],"replies":[{"embeddable":true,"href":"https:\/\/www.r9competicoes.com.br\/r9\/wp-json\/wp\/v2\/comments?post=7788"}],"version-history":[{"count":1,"href":"https:\/\/www.r9competicoes.com.br\/r9\/wp-json\/wp\/v2\/posts\/7788\/revisions"}],"predecessor-version":[{"id":7794,"href":"https:\/\/www.r9competicoes.com.br\/r9\/wp-json\/wp\/v2\/posts\/7788\/revisions\/7794"}],"wp:featuredmedia":[{"embeddable":true,"href":"https:\/\/www.r9competicoes.com.br\/r9\/wp-json\/wp\/v2\/media\/7789"}],"wp:attachment":[{"href":"https:\/\/www.r9competicoes.com.br\/r9\/wp-json\/wp\/v2\/media?parent=7788"}],"wp:term":[{"taxonomy":"category","embeddable":true,"href":"https:\/\/www.r9competicoes.com.br\/r9\/wp-json\/wp\/v2\/categories?post=7788"},{"taxonomy":"post_tag","embeddable":true,"href":"https:\/\/www.r9competicoes.com.br\/r9\/wp-json\/wp\/v2\/tags?post=7788"}],"curies":[{"name":"wp","href":"https:\/\/api.w.org\/{rel}","templated":true}]}}