{"id":7795,"date":"2025-05-18T21:02:34","date_gmt":"2025-05-19T00:02:34","guid":{"rendered":"https:\/\/www.r9competicoes.com.br\/r9\/?p=7795"},"modified":"2025-05-18T21:02:34","modified_gmt":"2025-05-19T00:02:34","slug":"felipe-giaffone-mantem-a-lideranca-apos-sao-paulo-salustiano-e-andre-marques-tambem-foram-ao-podio","status":"publish","type":"post","link":"https:\/\/www.r9competicoes.com.br\/r9\/2025\/05\/felipe-giaffone-mantem-a-lideranca-apos-sao-paulo-salustiano-e-andre-marques-tambem-foram-ao-podio\/","title":{"rendered":"Felipe Giaffone mant\u00e9m a lideran\u00e7a ap\u00f3s S\u00e3o Paulo, Salustiano e Andr\u00e9 Marques tamb\u00e9m foram ao p\u00f3dio"},"content":{"rendered":"<h2><em>Com os resultados da etapa, Felipe Giaffone sustenta a lideran\u00e7a do campeonato, agora com 92 pontos.<\/em><\/h2>\n<p>Com promessa de fortes emo\u00e7\u00f5es e grandes disputas, a Copa Truck Petrobras acelerou para completar a etapa em Interlagos protagonizada por incr\u00edvel largada de Felipe Giaffone, que colocou seu Volkswagen por dentro para passar de uma s\u00f3 vez Bia Figueiredo e PP Fernandes. Dirani aproveitou a manobra e tamb\u00e9m conquistou posi\u00e7\u00f5es importantes para subir de quarto para segundo.<\/p>\n<p><a  href=\"https:\/\/www.r9competicoes.com.br\/r9\/wp-content\/uploads\/2025\/05\/451886_1152843_20250518_dudabairros_27107_web_.webp\" data-rel=\"lightbox-gallery-0\" data-rl_title=\"451886_1152843_20250518_dudabairros_27107_web_\" data-rl_caption=\"\" title=\"451886_1152843_20250518_dudabairros_27107_web_\"><img loading=\"lazy\" decoding=\"async\" class=\"aligncenter size-full wp-image-7796\" src=\"https:\/\/www.r9competicoes.com.br\/r9\/wp-content\/uploads\/2025\/05\/451886_1152843_20250518_dudabairros_27107_web_.webp\" alt=\"\" width=\"777\" height=\"518\" srcset=\"https:\/\/www.r9competicoes.com.br\/r9\/wp-content\/uploads\/2025\/05\/451886_1152843_20250518_dudabairros_27107_web_.webp 777w, https:\/\/www.r9competicoes.com.br\/r9\/wp-content\/uploads\/2025\/05\/451886_1152843_20250518_dudabairros_27107_web_-450x300.webp 450w, https:\/\/www.r9competicoes.com.br\/r9\/wp-content\/uploads\/2025\/05\/451886_1152843_20250518_dudabairros_27107_web_-600x400.webp 600w, https:\/\/www.r9competicoes.com.br\/r9\/wp-content\/uploads\/2025\/05\/451886_1152843_20250518_dudabairros_27107_web_-768x512.webp 768w\" sizes=\"auto, (max-width: 777px) 100vw, 777px\" \/><\/a><\/p>\n<p>Andr\u00e9 Marques acelerou forte na primeira corrida para o p\u00f3dio. J\u00e1 na segunda corrida, al\u00e9m de Felipe Giaffone, Paulo Salustiano rumou com seu Volkswagen da R9 para o p\u00f3dio.<\/p>\n<p><strong>Reencontro marcado<\/strong><\/p>\n<p>A pr\u00f3xima etapa da temporada 2025 da Copa Truck Petrobras foi recentemente confirmada para o Aut\u00f3dromo Internacional de Tarum\u00e3, em Viam\u00e3o, na regi\u00e3o metropolitana de Porto Alegre, Rio Grande do Sul.<\/p>\n<p><a  href=\"https:\/\/www.r9competicoes.com.br\/r9\/wp-content\/uploads\/2025\/05\/451886_1152850_20250518_dudabairros_26756_web_.webp\" data-rel=\"lightbox-gallery-0\" data-rl_title=\"451886_1152850_20250518_dudabairros_26756_web_\" data-rl_caption=\"\" title=\"451886_1152850_20250518_dudabairros_26756_web_\"><img loading=\"lazy\" decoding=\"async\" class=\"aligncenter size-full wp-image-7797\" src=\"https:\/\/www.r9competicoes.com.br\/r9\/wp-content\/uploads\/2025\/05\/451886_1152850_20250518_dudabairros_26756_web_.webp\" alt=\"\" width=\"777\" height=\"517\" srcset=\"https:\/\/www.r9competicoes.com.br\/r9\/wp-content\/uploads\/2025\/05\/451886_1152850_20250518_dudabairros_26756_web_.webp 777w, https:\/\/www.r9competicoes.com.br\/r9\/wp-content\/uploads\/2025\/05\/451886_1152850_20250518_dudabairros_26756_web_-450x299.webp 450w, https:\/\/www.r9competicoes.com.br\/r9\/wp-content\/uploads\/2025\/05\/451886_1152850_20250518_dudabairros_26756_web_-600x399.webp 600w, https:\/\/www.r9competicoes.com.br\/r9\/wp-content\/uploads\/2025\/05\/451886_1152850_20250518_dudabairros_26756_web_-768x511.webp 768w\" sizes=\"auto, (max-width: 777px) 100vw, 777px\" \/><\/a><\/p>\n<p>Previsto para os dias 14 e 15 de junho, o quarto encontro do ano est\u00e1 garantido e ter\u00e1 lugar no tradicional circuito ga\u00facho ap\u00f3s obras de melhorias de seguran\u00e7a, coordenadas pela Federa\u00e7\u00e3o de Automobilismo do Rio Grande do Sul (FGA), em esfor\u00e7o conjunto com a Confedera\u00e7\u00e3o Brasileira de Automobilismo (CBA).<\/p>\n<p>\u201cA Federa\u00e7\u00e3o, junto \u00e0 com a CBA, fez um grande esfor\u00e7o para apoiar o aut\u00f3dromo na realiza\u00e7\u00e3o da obra que traz mais seguran\u00e7a para a pista, e o que viabiliza manter Tarum\u00e3 no calend\u00e1rio das grandes competi\u00e7\u00f5es de esporte a motor do Brasil, como \u00e9 a Copa Truck Petrobras, que sempre fez quest\u00e3o de correr conosco\u201d, destaca Arlindo Signor, presidente da FGA.<\/p>\n<p><strong>Classifica\u00e7\u00e3o do campeonato, Super Truck Pro (top-10):<\/strong><br \/>\n1\u00ba &#8211; Felipe Giaffone, 92<br \/>\n2\u00ba &#8211; Raphael Abbate, 87<br \/>\n3\u00ba &#8211; Leandro Totti, 83<br \/>\n4\u00ba &#8211; Andr\u00e9 Marques, 79<br \/>\n5\u00ba &#8211; Danilo Dirani, 71<br \/>\n6\u00ba &#8211; Wellington Cirino, 63<br \/>\n7\u00ba &#8211; Roberval Andrade, 59<br \/>\n8\u00ba &#8211; Beto Monteiro, 51<br \/>\n9\u00ba &#8211; Bia Figueiredo, 50<br \/>\n10\u00ba &#8211; Jaidson Zini, 45<br \/>\n<em>*pontua\u00e7\u00e3o extraoficial<\/em>&nbsp;<\/p>\n<p><strong>Confira o calend\u00e1rio definitivo da Copa Truck Petrobras 2025:<br \/>\n<\/strong>Etapa 1 \u2013 23 de mar\u00e7o \u2013 Campo Grande (MS)<br \/>\nEtapa 2 \u2013 13 de abril \u2013 Londrina (PR)<br \/>\nEtapa 3 \u2013 18 de maio \u2013 Interlagos \/ S\u00e3o Paulo (SP)<br \/>\nEtapa 4 \u2013 15 de junho \u2013 Tarum\u00e3 (RS)<br \/>\nEtapa 5 \u2013 13 de julho \u2013 Cascavel (PR)<br \/>\nEtapa 6 \u2013 24 de agosto \u2013 Santa Cruz do Sul (RS)<br \/>\nEtapa 7 \u2013 21 de setembro \u2013 Curvelo (MG)<br \/>\nEtapa 8 \u2013 19 de outubro \u2013 Londrina (PR)<br \/>\nEtapa 9 \u2013 7 de dezembro \u2013 Interlagos \/ S\u00e3o Paulo (SP)<\/p>\n<hr>\n<p><em>Comunica\u00e7\u00e3o Copa Truck Petrobras<\/em><br \/>\n<em>Contato: Bruno Vicaria (11) 981963069<\/em><\/p>\n<hr>\n<p>&nbsp;<\/p>\n","protected":false},"excerpt":{"rendered":"<p>Com os resultados da etapa, Felipe Giaffone sustenta a lideran\u00e7a do campeonato, agora com 92 pontos. Com promessa de fortes emo\u00e7\u00f5es e grandes disputas, a [&hellip;]<\/p>\n","protected":false},"author":2,"featured_media":7798,"comment_status":"closed","ping_status":"closed","sticky":false,"template":"","format":"standard","meta":{"ngg_post_thumbnail":0,"footnotes":""},"categories":[3],"tags":[],"class_list":["post-7795","post","type-post","status-publish","format-standard","has-post-thumbnail","hentry","category-noticias"],"_links":{"self":[{"href":"https:\/\/www.r9competicoes.com.br\/r9\/wp-json\/wp\/v2\/posts\/7795","targetHints":{"allow":["GET"]}}],"collection":[{"href":"https:\/\/www.r9competicoes.com.br\/r9\/wp-json\/wp\/v2\/posts"}],"about":[{"href":"https:\/\/www.r9competicoes.com.br\/r9\/wp-json\/wp\/v2\/types\/post"}],"author":[{"embeddable":true,"href":"https:\/\/www.r9competicoes.com.br\/r9\/wp-json\/wp\/v2\/users\/2"}],"replies":[{"embeddable":true,"href":"https:\/\/www.r9competicoes.com.br\/r9\/wp-json\/wp\/v2\/comments?post=7795"}],"version-history":[{"count":1,"href":"https:\/\/www.r9competicoes.com.br\/r9\/wp-json\/wp\/v2\/posts\/7795\/revisions"}],"predecessor-version":[{"id":7799,"href":"https:\/\/www.r9competicoes.com.br\/r9\/wp-json\/wp\/v2\/posts\/7795\/revisions\/7799"}],"wp:featuredmedia":[{"embeddable":true,"href":"https:\/\/www.r9competicoes.com.br\/r9\/wp-json\/wp\/v2\/media\/7798"}],"wp:attachment":[{"href":"https:\/\/www.r9competicoes.com.br\/r9\/wp-json\/wp\/v2\/media?parent=7795"}],"wp:term":[{"taxonomy":"category","embeddable":true,"href":"https:\/\/www.r9competicoes.com.br\/r9\/wp-json\/wp\/v2\/categories?post=7795"},{"taxonomy":"post_tag","embeddable":true,"href":"https:\/\/www.r9competicoes.com.br\/r9\/wp-json\/wp\/v2\/tags?post=7795"}],"curies":[{"name":"wp","href":"https:\/\/api.w.org\/{rel}","templated":true}]}}