{"id":7801,"date":"2025-06-13T23:01:38","date_gmt":"2025-06-14T02:01:38","guid":{"rendered":"https:\/\/www.r9competicoes.com.br\/r9\/?p=7801"},"modified":"2025-06-13T23:01:38","modified_gmt":"2025-06-14T02:01:38","slug":"sexta-feira-de-treinos-livres-da-copa-truck-em-taruma-rs","status":"publish","type":"post","link":"https:\/\/www.r9competicoes.com.br\/r9\/2025\/06\/sexta-feira-de-treinos-livres-da-copa-truck-em-taruma-rs\/","title":{"rendered":"Sexta-feira de treinos livres da Copa Truck em Tarum\u00e3 (RS)"},"content":{"rendered":"<p>Abertura dos trabalhos de pista nesta sexta-feira (13), ocorreu para a quarta etapa da temporada 2025 da Copa Truck Petrobras, no Aut\u00f3dromo Internacional de Tarum\u00e3, em Viam\u00e3o, no Rio Grande do Sul. Com muitas melhorias entregues para elevar a seguran\u00e7a daquele que \u00e9 um dos palcos mais importantes do esporte a motor nacional, o circuito recebeu dois treinos livres para cada uma das classes em disputa no campeonato.<\/p>\n<p>A sexta-feira foi tamb\u00e9m de mudan\u00e7as no grid, promovidas especificamente para a etapa de Tarum\u00e3. J\u00f4 Augusto Dias est\u00e1 entre os desfalques da rodada e Rafa Lopes \u2014 de volta \u00e0 Copa Truck Petrobras depois de cinco anos \u2014 foi definido como seu substituto na R9 Competi\u00e7\u00f5es.<\/p>\n<p>Nicolas Giaffone chegou a liderar treinos em alguns instantes e concluiu em terceiro com o Volkswagen da R9 Competi\u00e7\u00f5es, seguido pelo seu novo companheiro de equipe nesta etapa, Rafa Lopes.<\/p>\n<p>A Copa Truck Petrobras acelera novamente neste s\u00e1bado. Pela manh\u00e3, a partir de 10h05, os caminh\u00f5es voltam \u00e0 pista de Tarum\u00e3 para o terceiro treino livre. E a partir de 13h45, com transmiss\u00e3o pelo streaming oficial da categoria no YouTube, acontece a sess\u00e3o classificat\u00f3ria que vai definir o grid de largada da Corrida 1, come\u00e7ando pela Elite, enquanto a Pro vai para a tomada de tempos a partir de 14h25.<\/p>\n<p><a  href=\"https:\/\/www.r9competicoes.com.br\/r9\/wp-content\/uploads\/2025\/06\/453071_1157128_20250613_dudabairros_7130_web_.webp\" data-rel=\"lightbox-gallery-0\" data-rl_title=\"Felipe e Nicolas Giaffone\" data-rl_caption=\"\" title=\"Felipe e Nicolas Giaffone\"><img loading=\"lazy\" decoding=\"async\" class=\"aligncenter size-full wp-image-7802\" src=\"https:\/\/www.r9competicoes.com.br\/r9\/wp-content\/uploads\/2025\/06\/453071_1157128_20250613_dudabairros_7130_web_.webp\" alt=\"\" width=\"777\" height=\"518\" srcset=\"https:\/\/www.r9competicoes.com.br\/r9\/wp-content\/uploads\/2025\/06\/453071_1157128_20250613_dudabairros_7130_web_.webp 777w, https:\/\/www.r9competicoes.com.br\/r9\/wp-content\/uploads\/2025\/06\/453071_1157128_20250613_dudabairros_7130_web_-450x300.webp 450w, https:\/\/www.r9competicoes.com.br\/r9\/wp-content\/uploads\/2025\/06\/453071_1157128_20250613_dudabairros_7130_web_-600x400.webp 600w, https:\/\/www.r9competicoes.com.br\/r9\/wp-content\/uploads\/2025\/06\/453071_1157128_20250613_dudabairros_7130_web_-768x512.webp 768w\" sizes=\"auto, (max-width: 777px) 100vw, 777px\" \/><\/a><\/p>\n<p>O apogeu de um fim de semana que ter\u00e1 ainda ter\u00e1 em a\u00e7\u00e3o a NASCAR Brasil e a Copa Hyundai HB20 traz as duas corridas da Copa Truck Petrobras em Tarum\u00e3, a partir de 12h10, com transmiss\u00e3o ao vivo da Band, SporTV e diversos canais digitais: CATVE.com, Copa Truck, Esporte na Band, Portal Highspeed e Parc Ferm\u00e9 no YouTube.<\/p>\n<p><strong>Programa\u00e7\u00e3o em Tarum\u00e3<br \/>\nS\u00e1bado, 14 de junho<br \/>\n<\/strong>08h30 \u2013 Treino Livre \u2013 Copa Hyundai HB20<br \/>\n09h10 \u2013 Treino Oficial \u2013 NASCAR Brasil<br \/>\n10h05 \u2013 Treino Livre \u2013 Copa Truck Petrobras \u2013 classe Super Truck Elite<br \/>\n10h50 \u2013 Treino Livre \u2013 Copa Truck Petrobras \u2013 classe Super Truck Pro<br \/>\n11h40 \u2013 Classifica\u00e7\u00e3o \u2013 NASCAR Brasil<br \/>\n12h50 \u2013 Classifica\u00e7\u00e3o \u2013 Copa Hyundai HB20<br \/>\n13h45 \u2013 Classifica\u00e7\u00e3o \u2013 Copa Truck Petrobras \u2013 classe Super Truck Elite<br \/>\n14h07 \u2013 Top Qualifying \u2013 Copa Truck Petrobras \u2013 classe Super Truck Elite<br \/>\n14h27 \u2013 Classifica\u00e7\u00e3o \u2013 Copa Truck Petrobras \u2013 classe Super Truck Pro<br \/>\n14h50 \u2013 Top Qualifying \u2013 Copa Truck Petrobras \u2013 classe Super Truck Pro<br \/>\n15h18 \u2013 Corrida 1 \u2013 NASCAR Brasil<br \/>\n16h30 \u2013 Corrida 1 \u2013 Copa Hyundai HB20<br \/>\n17h00 \u2013 A\u00e7\u00e3o Promocional<\/p>\n<p><strong>Domingo, 15 de junho<br \/>\n<\/strong>08h00 \u2013 Warm Up \u2013 Copa Truck Petrobras\u2013 classe Super Truck Pro<br \/>\n08h15 \u2013 Warm Up \u2013 Copa Truck Petrobras \u2013 classe Super Truck Elite<br \/>\n08h30 \u2013 Warm Up \u2013 NASCAR Brasil<br \/>\n09h00 \u2013 Visita\u00e7\u00e3o aos Boxes<br \/>\n09h15 \u2013 Desfile de caminh\u00f5es, motos e Opalas<br \/>\n10h33 \u2013 Corrida 2 \u2013 Copa Hyundai HB20<br \/>\n11h10 \u2013 Desfile de pilotos<br \/>\n12h10 \u2013 Corrida 1 \u2013 Copa Truck Petrobras<br \/>\n12h42 \u2013 Corrida 2 \u2013 Copa Truck Petrobras<br \/>\n13h30 \u2013 Grid Walk NASCAR Brasil<br \/>\n14h18 \u2013 Corrida 2 \u2013 NASCAR Brasil<br \/>\n15h15 \u2013 A\u00e7\u00e3o Promocional.<\/p>\n<p>&nbsp;<\/p>\n<p><strong>Data<br \/>\n<\/strong>14 e 15 de junho de 2025<\/p>\n<p><strong>Local<br \/>\n<\/strong>Aut\u00f3dromo Internacional de Tarum\u00e3<br \/>\nEstrada Capit\u00e3o Gentil Machado de Godoy, 5905 \u2013 Viam\u00e3o \/ RS<\/p>\n<hr>\n<p><strong>Comunica\u00e7\u00e3o Copa Truck Petrobras<br \/>\nContato:<\/strong>&nbsp;Bruno Vicaria (11) 981963069&nbsp;<\/p>\n","protected":false},"excerpt":{"rendered":"<p>Abertura dos trabalhos de pista nesta sexta-feira (13), ocorreu para a quarta etapa da temporada 2025 da Copa Truck Petrobras, no Aut\u00f3dromo Internacional de Tarum\u00e3, [&hellip;]<\/p>\n","protected":false},"author":2,"featured_media":7803,"comment_status":"closed","ping_status":"closed","sticky":false,"template":"","format":"standard","meta":{"ngg_post_thumbnail":0,"footnotes":""},"categories":[3],"tags":[],"class_list":["post-7801","post","type-post","status-publish","format-standard","has-post-thumbnail","hentry","category-noticias"],"_links":{"self":[{"href":"https:\/\/www.r9competicoes.com.br\/r9\/wp-json\/wp\/v2\/posts\/7801","targetHints":{"allow":["GET"]}}],"collection":[{"href":"https:\/\/www.r9competicoes.com.br\/r9\/wp-json\/wp\/v2\/posts"}],"about":[{"href":"https:\/\/www.r9competicoes.com.br\/r9\/wp-json\/wp\/v2\/types\/post"}],"author":[{"embeddable":true,"href":"https:\/\/www.r9competicoes.com.br\/r9\/wp-json\/wp\/v2\/users\/2"}],"replies":[{"embeddable":true,"href":"https:\/\/www.r9competicoes.com.br\/r9\/wp-json\/wp\/v2\/comments?post=7801"}],"version-history":[{"count":1,"href":"https:\/\/www.r9competicoes.com.br\/r9\/wp-json\/wp\/v2\/posts\/7801\/revisions"}],"predecessor-version":[{"id":7804,"href":"https:\/\/www.r9competicoes.com.br\/r9\/wp-json\/wp\/v2\/posts\/7801\/revisions\/7804"}],"wp:featuredmedia":[{"embeddable":true,"href":"https:\/\/www.r9competicoes.com.br\/r9\/wp-json\/wp\/v2\/media\/7803"}],"wp:attachment":[{"href":"https:\/\/www.r9competicoes.com.br\/r9\/wp-json\/wp\/v2\/media?parent=7801"}],"wp:term":[{"taxonomy":"category","embeddable":true,"href":"https:\/\/www.r9competicoes.com.br\/r9\/wp-json\/wp\/v2\/categories?post=7801"},{"taxonomy":"post_tag","embeddable":true,"href":"https:\/\/www.r9competicoes.com.br\/r9\/wp-json\/wp\/v2\/tags?post=7801"}],"curies":[{"name":"wp","href":"https:\/\/api.w.org\/{rel}","templated":true}]}}