{"id":7805,"date":"2025-06-14T18:47:25","date_gmt":"2025-06-14T21:47:25","guid":{"rendered":"https:\/\/www.r9competicoes.com.br\/r9\/?p=7805"},"modified":"2025-06-14T18:47:25","modified_gmt":"2025-06-14T21:47:25","slug":"lider-do-campeonato-felipe-giaffone-colocou-a-vw-caminhoes-na-primeira-fila-para-a-corrida-de-amanha","status":"publish","type":"post","link":"https:\/\/www.r9competicoes.com.br\/r9\/2025\/06\/lider-do-campeonato-felipe-giaffone-colocou-a-vw-caminhoes-na-primeira-fila-para-a-corrida-de-amanha\/","title":{"rendered":"L\u00edder do campeonato, Felipe Giaffone colocou a VW Caminh\u00f5es na primeira fila para a corrida de amanh\u00e3"},"content":{"rendered":"<p>L\u00edder do campeonato, Felipe Giaffone posicionou a Volkswagen na primeira fila com tempo apenas 0s087 superior ao concorrente pole-position. Outro Volkswagen Meteor da R9 Competi\u00e7\u00f5es, pilotado por Beto Monteiro, vai largar da terceira posi\u00e7\u00e3o no grid.<\/p>\n<p>A classifica\u00e7\u00e3o foi declarada em condi\u00e7\u00e3o de chuva pela dire\u00e7\u00e3o de prova. Tal cen\u00e1rio levou a uma mudan\u00e7a na configura\u00e7\u00e3o da sess\u00e3o, que teve um formato diferente. Todos os pilotos foram \u00e0 pista para um \u00fanico segmento, de 15 minutos, sem o Top Qualifying, de modo que as posi\u00e7\u00f5es conquistadas na tomada de tempos determinariam as coloca\u00e7\u00f5es no grid de largada para a primeira prova da etapa ga\u00facha, no domingo.<\/p>\n<p><a  href=\"https:\/\/www.r9competicoes.com.br\/r9\/wp-content\/uploads\/2025\/06\/453098_1157248_20250613_dudabairros_7548_web_.webp\" data-rel=\"lightbox-gallery-0\" data-rl_title=\"453098_1157248_20250613_dudabairros_7548_web_\" data-rl_caption=\"\" title=\"453098_1157248_20250613_dudabairros_7548_web_\"><img loading=\"lazy\" decoding=\"async\" class=\"aligncenter size-full wp-image-7807\" src=\"https:\/\/www.r9competicoes.com.br\/r9\/wp-content\/uploads\/2025\/06\/453098_1157248_20250613_dudabairros_7548_web_.webp\" alt=\"\" width=\"777\" height=\"518\" srcset=\"https:\/\/www.r9competicoes.com.br\/r9\/wp-content\/uploads\/2025\/06\/453098_1157248_20250613_dudabairros_7548_web_.webp 777w, https:\/\/www.r9competicoes.com.br\/r9\/wp-content\/uploads\/2025\/06\/453098_1157248_20250613_dudabairros_7548_web_-450x300.webp 450w, https:\/\/www.r9competicoes.com.br\/r9\/wp-content\/uploads\/2025\/06\/453098_1157248_20250613_dudabairros_7548_web_-600x400.webp 600w, https:\/\/www.r9competicoes.com.br\/r9\/wp-content\/uploads\/2025\/06\/453098_1157248_20250613_dudabairros_7548_web_-768x512.webp 768w\" sizes=\"auto, (max-width: 777px) 100vw, 777px\" \/><\/a><\/p>\n<p>Depois da classifica\u00e7\u00e3o para os pilotos da Elite, foi a vez dos \u2018feras\u2019 da Pro acelerarem no tra\u00e7ado ga\u00facho de 3.045 metros, que traz como novidade neste fim de semana a chicane projetada pelos multicampe\u00f5es Felipe Giaffone e Beto Monteiro.<\/p>\n<p>Em top-3 formado por tr\u00eas marcas distintas, Nicolas Giaffone vai largar em terceiro com o Volkswagen Meteor #31 da R9 Competi\u00e7\u00f5es na SuperTruck Elite. A quarta fila ter\u00e1 Rafa Lopes, de volta ao grid da Copa Truck Petrobras depois de cinco anos. A sess\u00e3o, da categoria, come\u00e7ou sem chuva, mas com pista molhada em v\u00e1rios trechos do tra\u00e7ado de 3.045 metros, o que imp\u00f4s mais um desafio aos pilotos da Elite.<\/p>\n<p><a  href=\"https:\/\/www.r9competicoes.com.br\/r9\/wp-content\/uploads\/2025\/06\/453102_1157254_20250502_magnustorquato_9893_web_.webp\" data-rel=\"lightbox-gallery-0\" data-rl_title=\"453102_1157254_20250502_magnustorquato_9893_web_\" data-rl_caption=\"\" title=\"453102_1157254_20250502_magnustorquato_9893_web_\"><img loading=\"lazy\" decoding=\"async\" class=\"aligncenter size-full wp-image-7808\" src=\"https:\/\/www.r9competicoes.com.br\/r9\/wp-content\/uploads\/2025\/06\/453102_1157254_20250502_magnustorquato_9893_web_.webp\" alt=\"\" width=\"777\" height=\"518\" srcset=\"https:\/\/www.r9competicoes.com.br\/r9\/wp-content\/uploads\/2025\/06\/453102_1157254_20250502_magnustorquato_9893_web_.webp 777w, https:\/\/www.r9competicoes.com.br\/r9\/wp-content\/uploads\/2025\/06\/453102_1157254_20250502_magnustorquato_9893_web_-450x300.webp 450w, https:\/\/www.r9competicoes.com.br\/r9\/wp-content\/uploads\/2025\/06\/453102_1157254_20250502_magnustorquato_9893_web_-600x400.webp 600w, https:\/\/www.r9competicoes.com.br\/r9\/wp-content\/uploads\/2025\/06\/453102_1157254_20250502_magnustorquato_9893_web_-768x512.webp 768w\" sizes=\"auto, (max-width: 777px) 100vw, 777px\" \/><\/a><\/p>\n<p>Com a pista melhor a cada volta e tendo um princ\u00edpio de trilho seco, os tempos desabaram, em din\u00e2mica que deixou a classifica\u00e7\u00e3o emocionante e imprevis\u00edvel, com grande altern\u00e2ncia de pilotos ocupando a lideran\u00e7a da tabela de tempos. Nos segundos finais, Nic Giaffone deixou seus concorrentes para tr\u00e1s e tomou a ponta mas foi superado j\u00e1 na bandeira quadriculada.<\/p>\n<p><a  href=\"https:\/\/www.r9competicoes.com.br\/r9\/wp-content\/uploads\/2025\/06\/453102_1157260_20250614_dudabairros_9365_web_.webp\" data-rel=\"lightbox-gallery-0\" data-rl_title=\"453102_1157260_20250614_dudabairros_9365_web_\" data-rl_caption=\"\" title=\"453102_1157260_20250614_dudabairros_9365_web_\"><img loading=\"lazy\" decoding=\"async\" class=\"aligncenter size-full wp-image-7809\" src=\"https:\/\/www.r9competicoes.com.br\/r9\/wp-content\/uploads\/2025\/06\/453102_1157260_20250614_dudabairros_9365_web_.webp\" alt=\"\" width=\"777\" height=\"518\" srcset=\"https:\/\/www.r9competicoes.com.br\/r9\/wp-content\/uploads\/2025\/06\/453102_1157260_20250614_dudabairros_9365_web_.webp 777w, https:\/\/www.r9competicoes.com.br\/r9\/wp-content\/uploads\/2025\/06\/453102_1157260_20250614_dudabairros_9365_web_-450x300.webp 450w, https:\/\/www.r9competicoes.com.br\/r9\/wp-content\/uploads\/2025\/06\/453102_1157260_20250614_dudabairros_9365_web_-600x400.webp 600w, https:\/\/www.r9competicoes.com.br\/r9\/wp-content\/uploads\/2025\/06\/453102_1157260_20250614_dudabairros_9365_web_-768x512.webp 768w\" sizes=\"auto, (max-width: 777px) 100vw, 777px\" \/><\/a><\/p>\n<p><strong>Agenda em Tarum\u00e3<\/strong><\/p>\n<p>A expectativa de um fim de semana que ter\u00e1 ainda em a\u00e7\u00e3o a NASCAR Brasil e a Copa Hyundai HB20 traz as duas corridas da Copa Truck Petrobras em Tarum\u00e3, a partir de 12h10, com transmiss\u00e3o ao vivo da Band, SporTV e diversos canais digitais: CATVE.com, Copa Truck, Esporte na Band, Portal Highspeed e Parc Ferm\u00e9 no YouTube.<\/p>\n<p>Confira a seguir os grids de largada e a programa\u00e7\u00e3o deste domingo em Tarum\u00e3:<\/p>\n<p><strong>Copa Truck Petrobras, temporada 2025<br \/>\nEtapa 4, Tarum\u00e3 (RS), Super Truck Pro<br \/>\nCorrida 1, grid de largada<\/strong><br \/>\n1\u00ba &#8211; Raphael Abbate (ASG Motorsport\/Mercedes-Benz), 1min26s082<br \/>\n2\u00ba &#8211; Felipe Giaffone (R9 Competi\u00e7\u00f5es\/Volkswagen), 1min26s169<br \/>\n3\u00ba &#8211; Beto Monteiro (R9 Competi\u00e7\u00f5es\/Volkswagen), 1min26s276<br \/>\n4\u00ba &#8211; Bia Figueiredo (ASG Motorsport\/Mercedes-Benz), 1min26s397<br \/>\n5\u00ba &#8211; Leandro Totti (Vannucci Racing\/Iveco),1min26s708<br \/>\n6\u00ba &#8211; Evandro Camargo (PP Motorsport\/Mercedes-Benz), 1min26s827<br \/>\n7\u00ba &#8211; Wellington Cirino (Iveco Usual Racing\/Iveco), 1min26s895<br \/>\n8\u00ba &#8211; Roberval Andrade (ASG Motorsport\/Mercedes-Benz), 1min26s913<br \/>\n9\u00ba &#8211; Jaidson Zini (ASG Motorsport\/Mercedes-Benz), 1min27s045<br \/>\n10\u00ba &#8211; Felipe Tozzo (Dakar Motorsport\/Iveco), 1min27s056<br \/>\n11\u00ba &#8211; Danilo Alamini (R9 Competi\u00e7\u00f5es\/Volkswagen), 1min27s890<br \/>\n12\u00ba &#8211; Andr\u00e9 Marques (R9 Competi\u00e7\u00f5es\/Volkswagen), 1min28s078<br \/>\n13\u00ba &#8211; Alberto Cattucci (Tiger Team Race\/Mercedes-Benz), 1min28s110<br \/>\n14\u00ba &#8211; Fabio Foga\u00e7a (DMais Motorsport\/Mercedes-Benz), 1min28s295<br \/>\n15\u00ba &#8211; D\u00e9bora Rodrigues (R9 Competi\u00e7\u00f5es\/Volkswagen), 1min28s466<br \/>\n16\u00ba &#8211; Thiago Rizzo (R9 Competi\u00e7\u00f5es\/Volkswagen), 1min29s000<br \/>\n17\u00ba &#8211; Paulo Salustiano (R9 Competi\u00e7\u00f5es\/Volkswagen), 1min46s256<br \/>\n18\u00ba &#8211; Victor Franzoni (Tiger Team Race\/Mercedes-Benz), exclu\u00eddo<br \/>\n19\u00ba &#8211; Danilo Dirani (Iveco Usual Racing\/Iveco), exclu\u00eddo<br \/>\n20\u00ba &#8211; Adalberto Jardim (AJ5 Eco Sports\/Mercedes-Benz), exclu\u00eddo&nbsp;&nbsp;&nbsp;&nbsp;&nbsp;&nbsp;&nbsp;&nbsp;<br \/>\n21\u00ba &#8211; Pedro Paulo Fernandes (PP Motorsport\/Mercedes-Benz), exclu\u00eddo<br \/>\n22\u00ba &#8211; Regis Boessio (Boessio Competi\u00e7\u00f5es\/Volvo), sem tempo.<\/p>\n<p><strong>Copa Truck Petrobras, temporada 2025<br \/>\nEtapa 4, Tarum\u00e3 (RS), Super Truck Elite<br \/>\nCorrida 1, grid de largada<\/strong><br \/>\n1\u00ba &#8211; Arthur Scherer (ASG Motorsport\/Mercedes-Benz), 1min30s887<br \/>\n2\u00ba &#8211; Diogo Moscato (Scuderia Chiarelli\/Iveco), 1min31s294<br \/>\n3\u00ba &#8211; Nicolas Giaffone (R9 Competi\u00e7\u00f5es\/Volkswagen), 1min31s835<br \/>\n4\u00ba &#8211; Pedro Perdoncini (ASG Motorsport\/Mercedes-Benz), 1min31s965<br \/>\n5\u00ba &#8211; Djalma Pivetta (Iveco Usual Racing\/Iveco), 1min32s162<br \/>\n6\u00ba &#8211; Hugo Cibien (Vannucci Racing\/Volvo), 1min32s181<br \/>\n7\u00ba &#8211; Rafa Lopes (R9 Competi\u00e7\u00f5es\/Volkswagen), 1min32s493<br \/>\n8\u00ba &#8211; Luan Lopes (ASG Motorsport\/Mercedes-Benz), 1min32s791<br \/>\n9\u00ba &#8211; Leo Rufino (PP Motorsport\/Mercedes-Benz), 1min33s116<br \/>\n10\u00ba &#8211; Rodrigo Taborda (Vannucci Racing\/Volvo), 1min33s378<br \/>\n11\u00ba &#8211; Marcio Giordano (Tokio Petro Racing\/Mercedes-Benz), 1min34s551<br \/>\n12\u00ba &#8211; Thaline Chicoski (DMais Motorsport\/Mercedes-Benz), 1min34s573<br \/>\n13\u00ba &#8211; Beto Cavaleiro (Dmais Motorsport\/Mercedes-Benz), 1min34s673<br \/>\n14\u00ba &#8211; Kleber Eletric (Eletric Truck\/Scania). 1min36s206<br \/>\n15\u00ba &#8211; Ricardo Alvarez (Tiger Team Race\/Mercedes-Benz), exclu\u00eddo<br \/>\n16\u00ba &#8211; Maicon Roncen (Tiger Team Race\/Mercedes-Benz), exclu\u00eddo<br \/>\n17\u00ba &#8211; Juca Bala (Eletric Truck\/Scania), exclu\u00eddo.<\/p>\n<p><strong>Programa\u00e7\u00e3o em Tarum\u00e3<br \/>\nDomingo, 15 de junho<br \/>\n<\/strong>08h00 \u2013 Warm Up \u2013 Copa Truck Petrobras\u2013 classe Super Truck Pro<br \/>\n08h15 \u2013 Warm Up \u2013 Copa Truck Petrobras \u2013 classe Super Truck Elite<br \/>\n08h30 \u2013 Warm Up \u2013 NASCAR Brasil<br \/>\n09h00 \u2013 Visita\u00e7\u00e3o aos Boxes<br \/>\n09h15 \u2013 Desfile de caminh\u00f5es, motos e Opalas<br \/>\n10h33 \u2013 Corrida 2 \u2013 Copa Hyundai HB20<br \/>\n11h10 \u2013 Desfile de pilotos<br \/>\n12h10 \u2013 Corrida 1 \u2013 Copa Truck Petrobras<br \/>\n12h42 \u2013 Corrida 2 \u2013 Copa Truck Petrobras<br \/>\n13h30 \u2013 Grid Walk NASCAR Brasil<br \/>\n14h18 \u2013 Corrida 2 \u2013 NASCAR Brasil<br \/>\n15h15 \u2013 A\u00e7\u00e3o Promocional.<\/p>\n<hr>\n<p><em><strong>Comunica\u00e7\u00e3o Copa Truck Petrobras<br \/>\nContato:<\/strong>&nbsp;Bruno Vicaria (11) 981963069&nbsp;<\/em><\/p>\n","protected":false},"excerpt":{"rendered":"<p>L\u00edder do campeonato, Felipe Giaffone posicionou a Volkswagen na primeira fila com tempo apenas 0s087 superior ao concorrente pole-position. Outro Volkswagen Meteor da R9 Competi\u00e7\u00f5es, [&hellip;]<\/p>\n","protected":false},"author":2,"featured_media":7806,"comment_status":"closed","ping_status":"closed","sticky":false,"template":"","format":"standard","meta":{"ngg_post_thumbnail":0,"footnotes":""},"categories":[3],"tags":[],"class_list":["post-7805","post","type-post","status-publish","format-standard","has-post-thumbnail","hentry","category-noticias"],"_links":{"self":[{"href":"https:\/\/www.r9competicoes.com.br\/r9\/wp-json\/wp\/v2\/posts\/7805","targetHints":{"allow":["GET"]}}],"collection":[{"href":"https:\/\/www.r9competicoes.com.br\/r9\/wp-json\/wp\/v2\/posts"}],"about":[{"href":"https:\/\/www.r9competicoes.com.br\/r9\/wp-json\/wp\/v2\/types\/post"}],"author":[{"embeddable":true,"href":"https:\/\/www.r9competicoes.com.br\/r9\/wp-json\/wp\/v2\/users\/2"}],"replies":[{"embeddable":true,"href":"https:\/\/www.r9competicoes.com.br\/r9\/wp-json\/wp\/v2\/comments?post=7805"}],"version-history":[{"count":1,"href":"https:\/\/www.r9competicoes.com.br\/r9\/wp-json\/wp\/v2\/posts\/7805\/revisions"}],"predecessor-version":[{"id":7810,"href":"https:\/\/www.r9competicoes.com.br\/r9\/wp-json\/wp\/v2\/posts\/7805\/revisions\/7810"}],"wp:featuredmedia":[{"embeddable":true,"href":"https:\/\/www.r9competicoes.com.br\/r9\/wp-json\/wp\/v2\/media\/7806"}],"wp:attachment":[{"href":"https:\/\/www.r9competicoes.com.br\/r9\/wp-json\/wp\/v2\/media?parent=7805"}],"wp:term":[{"taxonomy":"category","embeddable":true,"href":"https:\/\/www.r9competicoes.com.br\/r9\/wp-json\/wp\/v2\/categories?post=7805"},{"taxonomy":"post_tag","embeddable":true,"href":"https:\/\/www.r9competicoes.com.br\/r9\/wp-json\/wp\/v2\/tags?post=7805"}],"curies":[{"name":"wp","href":"https:\/\/api.w.org\/{rel}","templated":true}]}}