{"id":7811,"date":"2025-06-15T18:46:17","date_gmt":"2025-06-15T21:46:17","guid":{"rendered":"https:\/\/www.r9competicoes.com.br\/r9\/?p=7811"},"modified":"2025-06-15T18:46:17","modified_gmt":"2025-06-15T21:46:17","slug":"r9-competicoes-garante-podios-na-pro-e-elite-em-taruma-rs","status":"publish","type":"post","link":"https:\/\/www.r9competicoes.com.br\/r9\/2025\/06\/r9-competicoes-garante-podios-na-pro-e-elite-em-taruma-rs\/","title":{"rendered":"R9 Competi\u00e7\u00f5es garante p\u00f3dios na PRO e Elite em Tarum\u00e3 (RS)"},"content":{"rendered":"<p>A Copa Truck Petrobras entregou tudo em emo\u00e7\u00e3o e velocidade neste domingo (15) que representou o complemento da quarta etapa da temporada 2025. O tradicional Aut\u00f3dromo Internacional de Tarum\u00e3, em Viam\u00e3o, no Rio Grande do Sul, foi o palco de duas corridas bastante movimentadas.<\/p>\n<p><a  href=\"https:\/\/www.r9competicoes.com.br\/r9\/wp-content\/uploads\/2025\/06\/453122_1157404_20250615_dudabairros_18998_web_.webp\" data-rel=\"lightbox-gallery-0\" data-rl_title=\"453122_1157404_20250615_dudabairros_18998_web_\" data-rl_caption=\"\" title=\"453122_1157404_20250615_dudabairros_18998_web_\"><img loading=\"lazy\" decoding=\"async\" class=\"aligncenter size-full wp-image-7813\" src=\"https:\/\/www.r9competicoes.com.br\/r9\/wp-content\/uploads\/2025\/06\/453122_1157404_20250615_dudabairros_18998_web_.webp\" alt=\"\" width=\"777\" height=\"518\" srcset=\"https:\/\/www.r9competicoes.com.br\/r9\/wp-content\/uploads\/2025\/06\/453122_1157404_20250615_dudabairros_18998_web_.webp 777w, https:\/\/www.r9competicoes.com.br\/r9\/wp-content\/uploads\/2025\/06\/453122_1157404_20250615_dudabairros_18998_web_-450x300.webp 450w, https:\/\/www.r9competicoes.com.br\/r9\/wp-content\/uploads\/2025\/06\/453122_1157404_20250615_dudabairros_18998_web_-600x400.webp 600w, https:\/\/www.r9competicoes.com.br\/r9\/wp-content\/uploads\/2025\/06\/453122_1157404_20250615_dudabairros_18998_web_-768x512.webp 768w\" sizes=\"auto, (max-width: 777px) 100vw, 777px\" \/><\/a><\/p>\n<p>Na Elite, Nic Giaffone competiu fortemente na primeira corrida para terminar na segunda coloca\u00e7\u00e3o. Rafa Lopes concluiu em sexto \u2014 que virou 13\u00ba depois de puni\u00e7\u00e3o por excesso de velocidade em zona de radar.<\/p>\n<p>Felipe Giaffone conquistou p\u00f3dio na primeira corrida da PRO, j\u00e1 Beto Monteiro subiu na segunda corrida em terras ga\u00fachas.<\/p>\n<p>A etapa terminou com um grande susto em raz\u00e3o do forte acidente sofrido por Paulo Salustiano e Danilo Alamini. Apesar da viol\u00eancia do impacto, ambos est\u00e3o bem, mas a ocorr\u00eancia levou a dire\u00e7\u00e3o de prova a acionar a bandeira vermelha e determinar o fim precoce da Corrida 2.<\/p>\n<p><a  href=\"https:\/\/www.r9competicoes.com.br\/r9\/wp-content\/uploads\/2025\/06\/453123_1157379_20250615_dudabairros_18067_web_.webp\" data-rel=\"lightbox-gallery-0\" data-rl_title=\"453123_1157379_20250615_dudabairros_18067_web_\" data-rl_caption=\"\" title=\"453123_1157379_20250615_dudabairros_18067_web_\"><img loading=\"lazy\" decoding=\"async\" class=\"aligncenter size-full wp-image-7814\" src=\"https:\/\/www.r9competicoes.com.br\/r9\/wp-content\/uploads\/2025\/06\/453123_1157379_20250615_dudabairros_18067_web_.webp\" alt=\"\" width=\"777\" height=\"517\" srcset=\"https:\/\/www.r9competicoes.com.br\/r9\/wp-content\/uploads\/2025\/06\/453123_1157379_20250615_dudabairros_18067_web_.webp 777w, https:\/\/www.r9competicoes.com.br\/r9\/wp-content\/uploads\/2025\/06\/453123_1157379_20250615_dudabairros_18067_web_-450x299.webp 450w, https:\/\/www.r9competicoes.com.br\/r9\/wp-content\/uploads\/2025\/06\/453123_1157379_20250615_dudabairros_18067_web_-600x399.webp 600w, https:\/\/www.r9competicoes.com.br\/r9\/wp-content\/uploads\/2025\/06\/453123_1157379_20250615_dudabairros_18067_web_-768x511.webp 768w\" sizes=\"auto, (max-width: 777px) 100vw, 777px\" \/><\/a><\/p>\n<p><strong>Campeonato pega fogo<\/strong><\/p>\n<p>A luta pelo t\u00edtulo est\u00e1 mais acirrada do que nunca depois do desfecho da etapa deste fim de semana. Somente quatro pontos separam os tr\u00eas primeiros colocados. Raphael Abbate assumiu a lideran\u00e7a da tabela e soma agora 120 tentos, um a mais que Felipe Giaffone, agora vice-l\u00edder.<\/p>\n<p>Na Elite, Nicolas Giaffone \u00e9 quarto, com 93 pontos, empatado com Leo Rufino.<\/p>\n<p>A pr\u00f3xima etapa da temporada 2025 da Copa Truck Petrobras j\u00e1 tem data marcada e ser\u00e1 realizada no fim de semana de 11 a 13 de julho no Aut\u00f3dromo Internacional Zilmar Beux, em Cascavel, no oeste do Paran\u00e1.<\/p>\n<p>Confira os resultados das corridas deste domingo em Tarum\u00e3:<\/p>\n<p><strong>Corrida 1<\/strong><br \/>\n1\u00ba &#8211; Raphael Abbate (ASG Motorsport\/Mercedes-Benz), 15 voltas em 27min37s012<br \/>\n2\u00ba &#8211; Leandro Totti (Vannucci Racing\/Iveco), a 0s687<br \/>\n3\u00ba &#8211; Felipe Giaffone (R9 Competi\u00e7\u00f5es\/Volkswagen), a 4s346<br \/>\n4\u00ba &#8211; Beto Monteiro (R9 Competi\u00e7\u00f5es\/Volkswagen), a 5s300<br \/>\n5\u00ba &#8211; Evandro Camargo (PP Motorsport\/Mercedes-Benz), a 7s059<br \/>\n6\u00ba &#8211; Wellington Cirino (Iveco Usual Racing\/Iveco), a 7s870<br \/>\n7\u00ba &#8211; Jaidson Zini (ASG Motorsport\/Mercedes-Benz), a 8s483<br \/>\n8\u00ba &#8211; Felipe Tozzo (Dakar Motorsport\/Iveco), a 9s678<br \/>\n9\u00ba &#8211; Danilo Alamini (R9 Competi\u00e7\u00f5es\/Volkswagen), a 13s898<br \/>\n10\u00ba &#8211; Andr\u00e9 Marques (R9 Competi\u00e7\u00f5es\/Volkswagen), a 14s631<br \/>\n11\u00ba &#8211; Danilo Dirani (Iveco Usual Racing\/Iveco), a 15s687<br \/>\n12\u00ba &#8211; Fabio Foga\u00e7a (DMais Motorsport\/Mercedes-Benz), a 18s083<br \/>\n13\u00ba &#8211; Thiago Rizzo (R9 Competi\u00e7\u00f5es\/Volkswagen), a 18s553<br \/>\n14\u00ba &#8211; Victor Franzoni (Tiger Team Race\/Mercedes-Benz), a 19s537<br \/>\n15\u00ba &#8211; D\u00e9bora Rodrigues (R9 Competi\u00e7\u00f5es\/Volkswagen), a 20s808<br \/>\n16\u00ba &#8211; Roberval Andrade (ASG Motorsport\/Mercedes-Benz), a 24s600<br \/>\n17\u00ba &#8211; Adalberto Jardim (AJ5 Eco Sports\/Mercedes-Benz), a 41s503<br \/>\n18\u00ba &#8211; Paulo Salustiano (R9 Competi\u00e7\u00f5es\/Volkswagen), a 4 voltas<\/p>\n<p><em>N\u00e3o completaram<\/em><br \/>\nAlberto Cattucci (Tiger Team Race\/Mercedes-Benz), a 6 voltas<br \/>\nPedro Paulo Fernandes (PP Motorsport\/Mercedes-Benz), a 8 voltas<br \/>\nBia Figueiredo (ASG Motorsport\/Mercedes-Benz), n\u00e3o largou.<\/p>\n<hr>\n<p>1\u00ba &#8211; Arthur Scherer (ASG Motorsport\/Mercedes-Benz), 15 voltas em 27min59s392<br \/>\n2\u00ba &#8211; Nicolas Giaffone (R9 Competi\u00e7\u00f5es\/Volkswagen), a 3s851<br \/>\n3\u00ba &#8211; Diogo Moscato (Scuderia Chiarelli\/Iveco), a 5s843<br \/>\n4\u00ba &#8211; Djalma Pivetta (Iveco Usual Racing\/Iveco), a 6s578<br \/>\n5\u00ba &#8211; Pedro Perdoncini (ASG Motorsport\/Mercedes-Benz), a 7s061<br \/>\n6\u00ba &#8211; Hugo Cibien (Vannucci Racing\/Volvo), a 9s244<br \/>\n7\u00ba &#8211; Rodrigo Taborda (Vannucci Racing\/Volvo), a 16s343<br \/>\n8\u00ba &#8211; Marcio Giordano (Tokio Petro Racing\/Mercedes-Benz), a 17s257<br \/>\n9\u00ba &#8211; Thaline Chicoski (DMais Motorsport\/Mercedes-Benz), a 18s409<br \/>\n10\u00ba &#8211; Ricardo Alvarez (Tiger Team Race\/Mercedes-Benz), a 20s471<br \/>\n11\u00ba &#8211; Maicon Roncen (Tiger Team Race\/Mercedes-Benz), a 21s008<br \/>\n12\u00ba &#8211; Kleber Eletric (Eletric Truck\/Scania), a 22s731<br \/>\n13\u00ba &#8211; Rafa Lopes (R9 Competi\u00e7\u00f5es\/Volkswagen), a 27s587<br \/>\n14\u00ba &#8211; Juca Bala (Eletric Truck\/Scania), a 2 voltas<br \/>\n15\u00ba &#8211; Leo Rufino (PP Motorsport\/Mercedes-Benz), a 4 voltas<\/p>\n<p><em>N\u00e3o completaram<\/em><br \/>\nMaur\u00edcio Arias (AJ5 Eco Sports\/Mercedes-Benz), a 4 voltas<br \/>\nLuan Lopes (ASG Motorsport\/Mercedes-Benz), a 5 voltas<br \/>\nBeto Cavaleiro (Dmais Motorsport\/Mercedes-Benz), n\u00e3o largou<\/p>\n<p><strong>Corrida 2<\/strong><br \/>\n1\u00ba &#8211; Wellington Cirino (Iveco Usual Racing\/Iveco), 8 voltas em 16min34s834<br \/>\n2\u00ba &#8211; Felipe Tozzo (Dakar Motorsport\/Iveco), a 1s386<br \/>\n3\u00ba &#8211; Leandro Totti (Vannucci Racing\/Iveco), a 1s512<br \/>\n4\u00ba &#8211; Beto Monteiro (R9 Competi\u00e7\u00f5es\/Volkswagen), a 1s863<br \/>\n5\u00ba &#8211; Evandro Camargo (PP Motorsport\/Mercedes-Benz), a 2s570<br \/>\n6\u00ba &#8211; Jaidson Zini (ASG Motorsport\/Mercedes-Benz), a 2s848<br \/>\n7\u00ba &#8211; Felipe Giaffone (R9 Competi\u00e7\u00f5es\/Volkswagen), a 3s668<br \/>\n8\u00ba &#8211; Raphael Abbate (ASG Motorsport\/Mercedes-Benz), a 4s002<br \/>\n9\u00ba &#8211; Danilo Alamini (R9 Competi\u00e7\u00f5es\/Volkswagen), a 4s194<br \/>\n10\u00ba &#8211; Danilo Dirani (Iveco Usual Racing\/Iveco), a 4s632<br \/>\n11\u00ba &#8211; Fabio Foga\u00e7a (DMais Motorsport\/Mercedes-Benz), a 4s964<br \/>\n12\u00ba &#8211; Paulo Salustiano (R9 Competi\u00e7\u00f5es\/Volkswagen), a 5s530<br \/>\n13\u00ba &#8211; Roberval Andrade (ASG Motorsport\/Mercedes-Benz), a 5s544<br \/>\n14\u00ba &#8211; Victor Franzoni (Tiger Team Race\/Mercedes-Benz), a 6s260<br \/>\n15\u00ba &#8211; Thiago Rizzo (R9 Competi\u00e7\u00f5es\/Volkswagen), a 6s789<br \/>\n16\u00ba &#8211; Andr\u00e9 Marques (R9 Competi\u00e7\u00f5es\/Volkswagen), a 7s133<br \/>\n17\u00ba &#8211; Adalberto Jardim (AJ5 Eco Sports\/Mercedes-Benz), a 8s087<br \/>\n18\u00ba &#8211; Alberto Cattucci (Tiger Team Race\/Mercedes-Benz), a 8s899<br \/>\n19\u00ba &#8211; D\u00e9bora Rodrigues (R9 Competi\u00e7\u00f5es\/Volkswagen), a 9s281<\/p>\n<p><em>N\u00e3o completou<\/em><br \/>\nPedro Paulo Fernandes (PP Motorsport\/Mercedes-Benz), a 4 voltas<\/p>\n<hr>\n<p>1\u00ba &#8211; Pedro Perdoncini (ASG Motorsport\/Mercedes-Benz), 8 voltas em 16min46s021<br \/>\n2\u00ba &#8211; Arthur Scherer (ASG Motorsport\/Mercedes-Benz), a 1s172<br \/>\n3\u00ba &#8211; Djalma Pivetta (Iveco Usual Racing\/Iveco), a 2s502<br \/>\n4\u00ba &#8211; Marcio Giordano (Tokio Petro Racing\/Mercedes-Benz), a 3s202<br \/>\n5\u00ba &#8211; Diogo Moscato (Scuderia Chiarelli\/Iveco), a 3s572<br \/>\n6\u00ba &#8211; Rafa Lopes (R9 Competi\u00e7\u00f5es\/Volkswagen), a 3s852<br \/>\n7\u00ba &#8211; Ricardo Alvarez (Tiger Team Race\/Mercedes-Benz), a 4s474<br \/>\n8\u00ba &#8211; Luan Lopes (ASG Motorsport\/Mercedes-Benz), a 5s966<br \/>\n9\u00ba &#8211; Thaline Chicoski (DMais Motorsport\/Mercedes-Benz), a 7s039<br \/>\n10\u00ba &#8211; Juca Bala (Eletric Truck\/Scania), a 9s384<br \/>\n11\u00ba &#8211; Nicolas Giaffone (R9 Competi\u00e7\u00f5es\/Volkswagen), a 20s685<br \/>\n12\u00ba &#8211; Rodrigo Taborda (Vannucci Racing\/Volvo), a 29s505<br \/>\n13\u00ba &#8211; Kleber Eletric (Eletric Truck\/Scania), a 1 volta<\/p>\n<p><em>N\u00e3o completaram<\/em><br \/>\nHugo Cibien (Vannucci Racing\/Volvo)<br \/>\nMaicon Roncen (Tiger Team Race\/Mercedes-Benz)<\/p>\n<p><strong>Classifica\u00e7\u00e3o do campeonato: *<\/strong><br \/>\n1\u00ba Raphael Abbate, 120 pontos<br \/>\n2\u00ba Felipe Giaffone, 119<br \/>\n3\u00ba Leandro Totti, 117<br \/>\n4\u00ba Wellington Cirino, 97<br \/>\n5\u00ba Andr\u00e9 Marques, 89<br \/>\n6\u00ba Danilo Dirani, 86<br \/>\n7\u00ba Beto Monteiro, 79<br \/>\n8\u00ba Jaidson Zini, 68<br \/>\n9\u00ba Roberval Andrade, 62<br \/>\n10\u00ba Danilo Alamini, 55<br \/>\n11\u00ba Evandro Camargo, 53<br \/>\n12\u00ba Bia Figueiredo, 50<br \/>\n13\u00ba Pedro Paulo Fernandes, 36<br \/>\n14\u00ba Victor Franzoni, 34<br \/>\n15\u00ba Felipe Tozzo, 33<br \/>\n16\u00ba Alberto Cattucci, 32<br \/>\n17\u00ba Luiz Lopes, 27<br \/>\n18\u00ba D\u00e9bora Rodrigues, 27<br \/>\n19\u00ba Fabio Foga\u00e7a, 27<br \/>\n20\u00ba Paulo Salustiano, 21<br \/>\n21\u00ba Thiago Rizzo, 20<br \/>\n22\u00ba Adalberto Jardim, 1.<\/p>\n<hr>\n<p>1\u00ba Arthur Scherer, 130 pontos<br \/>\n2\u00ba Diogo Moscato, 122<br \/>\n3\u00ba Pedro Perdoncini, 111<br \/>\n4\u00ba Nicolas Giaffone, 93<br \/>\n5\u00ba Leo Rufino, 93<br \/>\n6\u00ba Djalma Pivetta, 90<br \/>\n7\u00ba Hugo Cibien, 68<br \/>\n8\u00ba Ricardo Alvarez, 68<br \/>\n9\u00ba Kleber Eletric, 64<br \/>\n10\u00ba Rodrigo Taborda, 52<br \/>\n11\u00ba Daniel Kelemen, 48<br \/>\n12\u00ba J\u00f4 Augusto Dias, 48<br \/>\n13\u00ba M\u00e1rcio Giordano, 46<br \/>\n14\u00ba Juca Bala, 45<br \/>\n15\u00ba Felipe Gama, 44<br \/>\n16\u00ba Thaline Chicoski, 43<br \/>\n17\u00ba Maicon Roncen, 35<br \/>\n18\u00ba Mauricio Arias, 11.<\/p>\n<p><em>*pontua\u00e7\u00e3o extraoficial<\/em><\/p>\n<hr>\n<p><em><strong>Comunica\u00e7\u00e3o Copa Truck Petrobras<br \/>\nContato:<\/strong>&nbsp;Bruno Vicaria (11) 981963069&nbsp;<\/em><\/p>\n","protected":false},"excerpt":{"rendered":"<p>A Copa Truck Petrobras entregou tudo em emo\u00e7\u00e3o e velocidade neste domingo (15) que representou o complemento da quarta etapa da temporada 2025. O tradicional [&hellip;]<\/p>\n","protected":false},"author":2,"featured_media":7812,"comment_status":"closed","ping_status":"closed","sticky":false,"template":"","format":"standard","meta":{"ngg_post_thumbnail":0,"footnotes":""},"categories":[3],"tags":[],"class_list":["post-7811","post","type-post","status-publish","format-standard","has-post-thumbnail","hentry","category-noticias"],"_links":{"self":[{"href":"https:\/\/www.r9competicoes.com.br\/r9\/wp-json\/wp\/v2\/posts\/7811","targetHints":{"allow":["GET"]}}],"collection":[{"href":"https:\/\/www.r9competicoes.com.br\/r9\/wp-json\/wp\/v2\/posts"}],"about":[{"href":"https:\/\/www.r9competicoes.com.br\/r9\/wp-json\/wp\/v2\/types\/post"}],"author":[{"embeddable":true,"href":"https:\/\/www.r9competicoes.com.br\/r9\/wp-json\/wp\/v2\/users\/2"}],"replies":[{"embeddable":true,"href":"https:\/\/www.r9competicoes.com.br\/r9\/wp-json\/wp\/v2\/comments?post=7811"}],"version-history":[{"count":1,"href":"https:\/\/www.r9competicoes.com.br\/r9\/wp-json\/wp\/v2\/posts\/7811\/revisions"}],"predecessor-version":[{"id":7815,"href":"https:\/\/www.r9competicoes.com.br\/r9\/wp-json\/wp\/v2\/posts\/7811\/revisions\/7815"}],"wp:featuredmedia":[{"embeddable":true,"href":"https:\/\/www.r9competicoes.com.br\/r9\/wp-json\/wp\/v2\/media\/7812"}],"wp:attachment":[{"href":"https:\/\/www.r9competicoes.com.br\/r9\/wp-json\/wp\/v2\/media?parent=7811"}],"wp:term":[{"taxonomy":"category","embeddable":true,"href":"https:\/\/www.r9competicoes.com.br\/r9\/wp-json\/wp\/v2\/categories?post=7811"},{"taxonomy":"post_tag","embeddable":true,"href":"https:\/\/www.r9competicoes.com.br\/r9\/wp-json\/wp\/v2\/tags?post=7811"}],"curies":[{"name":"wp","href":"https:\/\/api.w.org\/{rel}","templated":true}]}}