{"id":7823,"date":"2025-07-11T22:25:38","date_gmt":"2025-07-12T01:25:38","guid":{"rendered":"https:\/\/www.r9competicoes.com.br\/r9\/?p=7823"},"modified":"2025-07-11T22:25:38","modified_gmt":"2025-07-12T01:25:38","slug":"paulo-salustiano-mostrou-forca-e-registrou-o-segundo-melhor-tempo-do-dia","status":"publish","type":"post","link":"https:\/\/www.r9competicoes.com.br\/r9\/2025\/07\/paulo-salustiano-mostrou-forca-e-registrou-o-segundo-melhor-tempo-do-dia\/","title":{"rendered":"Paulo Salustiano mostrou for\u00e7a e registrou o segundo melhor tempo do dia"},"content":{"rendered":"<p>Passado o grande susto com o forte acidente no fim da etapa de Tarum\u00e3, no m\u00eas passado, Paulo Salustiano acelerou com novo \u00e2nimo em Cascavel e foi um dos principais nomes do dia. O piloto da R9 Competi\u00e7\u00f5es foi o segundo mais r\u00e1pido dos treinos livres com o Volkswagen que outrora era pilotado por J\u00f4 Augusto Dias (Super Truck Elite).<\/p>\n<p>A categoria PRO completou as atividades da tarde com Salustiano sustentando boa performance a bordo do seu Volkswagen. O experiente piloto foi o primeiro no fim de semana a andar abaixo da marca de 1min20s \u2014 1min19s862 \u2014 e assumiu a lideran\u00e7a do treino ainda em seu in\u00edcio. Mas a marca registrada por \u2018Salu\u2019 evidenciou que a pista estava mais r\u00e1pida naquele per\u00edodo.<\/p>\n<p>Ainda nesta sexta-feira, os pilotos da Copa Truck Petrobras sentiram os prazeres e os desafios de acelerar no circuito de Cascavel \u00e0 noite, em reconhecimento do que os competidores ter\u00e3o de encarar neste s\u00e1bado singular na hist\u00f3ria da categoria.<\/p>\n<p><a  href=\"https:\/\/www.r9competicoes.com.br\/r9\/wp-content\/uploads\/2025\/07\/454132_1160794_20250710_dudabairros_1251_web_.webp\" data-rel=\"lightbox-gallery-0\" data-rl_title=\"454132_1160794_20250710_dudabairros_1251_web_\" data-rl_caption=\"\" title=\"454132_1160794_20250710_dudabairros_1251_web_\"><img loading=\"lazy\" decoding=\"async\" class=\"aligncenter size-full wp-image-7824\" src=\"https:\/\/www.r9competicoes.com.br\/r9\/wp-content\/uploads\/2025\/07\/454132_1160794_20250710_dudabairros_1251_web_.webp\" alt=\"\" width=\"777\" height=\"518\" srcset=\"https:\/\/www.r9competicoes.com.br\/r9\/wp-content\/uploads\/2025\/07\/454132_1160794_20250710_dudabairros_1251_web_.webp 777w, https:\/\/www.r9competicoes.com.br\/r9\/wp-content\/uploads\/2025\/07\/454132_1160794_20250710_dudabairros_1251_web_-450x300.webp 450w, https:\/\/www.r9competicoes.com.br\/r9\/wp-content\/uploads\/2025\/07\/454132_1160794_20250710_dudabairros_1251_web_-600x400.webp 600w, https:\/\/www.r9competicoes.com.br\/r9\/wp-content\/uploads\/2025\/07\/454132_1160794_20250710_dudabairros_1251_web_-768x512.webp 768w\" sizes=\"auto, (max-width: 777px) 100vw, 777px\" \/><\/a><\/p>\n<p><strong>UM S\u00c1BADO PARA A HIST\u00d3RIA&nbsp;<\/strong><\/p>\n<p>Est\u00e1 definida a programa\u00e7\u00e3o completa do evento hist\u00f3rico da Copa Truck Petrobras, NASCAR Brasil, Copa Hyundai HB20 e Old Stock Race, que contar\u00e1 com a primeira corrida noturna da hist\u00f3ria da categoria dos caminh\u00f5es, enquanto a NASCAR Brasil realiza sua prova de 100 milhas, cuja largada tamb\u00e9m acontecer\u00e1 sob a luz dos holofotes.<\/p>\n<p>Ambas as provas noturnas ser\u00e3o disputadas no s\u00e1bado, o que provocou uma mudan\u00e7a no formato do evento, que ter\u00e1 provas acontecendo tanto no s\u00e1bado quanto no domingo, com uma programa\u00e7\u00e3o bastante movimentada. Al\u00e9m disso, treinos de reconhecimento foram realizados na noite da sexta-feira.<\/p>\n<p><a  href=\"https:\/\/www.r9competicoes.com.br\/r9\/wp-content\/uploads\/2025\/07\/454132_1160799_20250710_dudabairros_1191_web_.webp\" data-rel=\"lightbox-gallery-0\" data-rl_title=\"454132_1160799_20250710_dudabairros_1191_web_\" data-rl_caption=\"\" title=\"454132_1160799_20250710_dudabairros_1191_web_\"><img loading=\"lazy\" decoding=\"async\" class=\"aligncenter size-full wp-image-7825\" src=\"https:\/\/www.r9competicoes.com.br\/r9\/wp-content\/uploads\/2025\/07\/454132_1160799_20250710_dudabairros_1191_web_.webp\" alt=\"\" width=\"777\" height=\"517\" srcset=\"https:\/\/www.r9competicoes.com.br\/r9\/wp-content\/uploads\/2025\/07\/454132_1160799_20250710_dudabairros_1191_web_.webp 777w, https:\/\/www.r9competicoes.com.br\/r9\/wp-content\/uploads\/2025\/07\/454132_1160799_20250710_dudabairros_1191_web_-450x299.webp 450w, https:\/\/www.r9competicoes.com.br\/r9\/wp-content\/uploads\/2025\/07\/454132_1160799_20250710_dudabairros_1191_web_-600x399.webp 600w, https:\/\/www.r9competicoes.com.br\/r9\/wp-content\/uploads\/2025\/07\/454132_1160799_20250710_dudabairros_1191_web_-768x511.webp 768w\" sizes=\"auto, (max-width: 777px) 100vw, 777px\" \/><\/a><\/p>\n<p>A prova do s\u00e1bado da Copa Truck Petrobras, que marca a estreia sob luzes artificiais, acontece \u00e0s 19h18, enquanto a corrida que completa a programa\u00e7\u00e3o ser\u00e1 disputada a partir das 12h25 do domingo. Confira abaixo os resultados dos treinos livres desta sexta-feira e a sequ\u00eancia da programa\u00e7\u00e3o do fim de semana, com as atividades detalhadas de cada uma das quatro categorias participantes:<\/p>\n<p><strong>Super Truck Pro<br \/>\nTreino Livre 1<\/strong><br \/>\n1\u00ba &#8211; Leandro Totti (Vannucci Racing\/Iveco), 1min20s182<br \/>\n2\u00ba &#8211; Paulo Salustiano (R9 Competi\u00e7\u00f5es\/Volkswagen), 1min20s354<br \/>\n3\u00ba &#8211; Raphael Abbate (ASG Motorsport\/Mercedes-Benz), 1min20s433<br \/>\n4\u00ba &#8211; Wellington Cirino (Iveco Usual Racing\/Iveco), 1min20s592<br \/>\n5\u00ba &#8211; Bia Figueiredo (ASG Motorsport\/Mercedes-Benz), 1min21s014<br \/>\n6\u00ba &#8211; Felipe Giaffone (R9 Competi\u00e7\u00f5es\/Volkswagen), 1min21s132<br \/>\n7\u00ba &#8211; Danilo Alamini (R9 Competi\u00e7\u00f5es\/Volkswagen), 1min21s330<br \/>\n8\u00ba &#8211; Evandro Camargo (PP Motorsport\/Mercedes-Benz), 1min21s421<br \/>\n9\u00ba &#8211; Felipe Tozzo (Dakar Motorsport\/Iveco), 1min21s423<br \/>\n10\u00ba &#8211; Victor Franzoni (Tiger Team Race\/Mercedes-Benz), 1min21s558<br \/>\n11\u00ba &#8211; Luiz Lopes (ASG Motorsport\/Mercedes-Benz), 1min21s786<br \/>\n12\u00ba &#8211; Fabio Foga\u00e7a (DMais Motorsport\/Mercedes-Benz), 1min21s889<br \/>\n13\u00ba &#8211; Alberto Cattucci (Tiger Team Race\/Mercedes-Benz), 1min23s575<\/p>\n<p><strong>Treino Livre 2<\/strong><br \/>\n1\u00ba &#8211; Leandro Totti (Vannucci Racing\/Iveco), 1min19s673<br \/>\n2\u00ba &#8211; Paulo Salustiano (R9 Competi\u00e7\u00f5es\/Volkswagen), 1min19s837<br \/>\n3\u00ba &#8211; Raphael Abbate (ASG Motorsport\/Mercedes-Benz), 1min20s051<br \/>\n4\u00ba &#8211; Victor Franzoni (Tiger Team Race\/Mercedes-Benz), 1min20s073<br \/>\n5\u00ba &#8211; Bia Figueiredo (ASG Motorsport\/Mercedes-Benz), 1min20s145<br \/>\n6\u00ba &#8211; Felipe Giaffone (R9 Competi\u00e7\u00f5es\/Volkswagen), 1min20s169<br \/>\n7\u00ba &#8211; Fabio Foga\u00e7a (DMais Motorsport\/Mercedes-Benz), 1min20s211<br \/>\n8\u00ba &#8211; Wellington Cirino (Iveco Usual Racing\/Iveco), 1min20s377<br \/>\n9\u00ba &#8211; Beto Monteiro (R9 Competi\u00e7\u00f5es\/Volkswagen), 1min20s765<br \/>\n10\u00ba &#8211; Danilo Alamini (R9 Competi\u00e7\u00f5es\/Volkswagen), 1min20s871<br \/>\n11\u00ba &#8211; Luiz Lopes (ASG Motorsport\/Mercedes-Benz), 1min20s932<br \/>\n12\u00ba &#8211; Evandro Camargo (PP Motorsport\/Mercedes-Benz), 1min21s192<br \/>\n13\u00ba &#8211; Alberto Cattucci (Tiger Team Race\/Mercedes-Benz), 1min21s272<br \/>\n14\u00ba &#8211; Danilo Dirani (Iveco Usual Racing\/Iveco), 1min21s329<br \/>\n15\u00ba &#8211; Adalberto Jardim (AJ5 Eco Sports\/Mercedes-Benz), 1min21s365<br \/>\n16\u00ba &#8211; Felipe Tozzo (Dakar Motorsport\/Iveco), 1min21s464<br \/>\n17\u00ba &#8211; Thiago Rizzo (R9 Competi\u00e7\u00f5es\/Volkswagen), 1min21s499<br \/>\n18\u00ba &#8211; Regis Boessio (Boessio Competi\u00e7\u00f5es\/Volvo), 1min22s352<\/p>\n<p><strong>Super Truck Elite<br \/>\nTreino Livre 1<\/strong><br \/>\n1\u00ba &#8211; Arthur Scherer (ASG Motorsport\/Mercedes-Benz), 1min20s537<br \/>\n2\u00ba &#8211; Pedro Perdoncini (ASG Motorsport\/Mercedes-Benz), 1min20s710<br \/>\n3\u00ba &#8211; Leo Rufino (PP Motorsport\/Mercedes-Benz), 1min21s084<br \/>\n4\u00ba &#8211; Kleber Eletric (Eletric Truck\/Scania), 1min21s617<br \/>\n5\u00ba &#8211; Hugo Cibien (Vannucci Racing\/Volvo), 1min22s176<br \/>\n6\u00ba &#8211; Diogo Moscato (Scuderia Chiarelli\/Iveco), 1min22s314<br \/>\n7\u00ba &#8211; J\u00f4 Augusto Dias (R9 Competi\u00e7\u00f5es\/Volkswagen), 1min22s374<br \/>\n8\u00ba &#8211; Maicon Roncen (Tiger Team Race\/Mercedes-Benz), 1min23s472<br \/>\n9\u00ba &#8211; Thaline Chicoski (DMais Motorsport\/Mercedes-Benz), 1min23s645<br \/>\n10\u00ba &#8211; Rodrigo Taborda (Vannucci Racing\/Volvo), 1min23s734<br \/>\n11\u00ba &#8211; Daniel Kelemen (Dmais Motorsport\/Mercedes-Benz), 1min23s736<br \/>\n12\u00ba &#8211; Maur\u00edcio Arias (AJ5 Eco Sports\/Mercedes-Benz), 1min24s775<\/p>\n<p><strong>Treino Livre 2<\/strong><br \/>\n1\u00ba &#8211; Pedro Perdoncini (ASG Motorsport\/Mercedes-Benz), 1min20s337<br \/>\n2\u00ba &#8211; Leo Rufino (PP Motorsport\/Mercedes-Benz), 1min20s528<br \/>\n3\u00ba &#8211; Rafa Lopes (R9 Competi\u00e7\u00f5es\/Volkswagen), 1min20s775<br \/>\n4\u00ba &#8211; Arthur Scherer (ASG Motorsport\/Mercedes-Benz), 1min20s971<br \/>\n5\u00ba &#8211; Kleber Eletric (Eletric Truck\/Scania), 1min21s291<br \/>\n6\u00ba &#8211; Hugo Cibien (Vannucci Racing\/Volvo), 1min21s627<br \/>\n7\u00ba &#8211; Djalma Pivetta (Iveco Usual Racing\/Iveco), 1min21s856<br \/>\n8\u00ba &#8211; Daniel Kelemen (Dmais Motorsport\/Mercedes-Benz), 1min21s912<br \/>\n9\u00ba &#8211; Diogo Moscato (Scuderia Chiarelli\/Iveco), 1min22s300<br \/>\n10\u00ba &#8211; Ricardo Alvarez (Tiger Team Race\/Mercedes-Benz), 1min22s524<br \/>\n11\u00ba &#8211; Maur\u00edcio Arias (AJ5 Eco Sports\/Mercedes-Benz), 1min22s588<br \/>\n12\u00ba &#8211; Maicon Roncen (Tiger Team Race\/Mercedes-Benz), 1min23s037<br \/>\n13\u00ba &#8211; Juca Bala (Eletric Truck\/Scania), 1min24s339<br \/>\n<strong><br \/>\nS\u00c1BADO | 12 DE JULHO<\/strong><\/p>\n<p>08:30 &#8211; 08:50 | Classificat\u00f3rio &#8211; Old Stock Race<br \/>\n09:00 &#8211; 09:30 | 4\u00ba Treino Livre &#8211; Copa Hyundai HB20<br \/>\n09:40 &#8211; 10:05 | 3\u00ba Treino Livre &#8211; Copa Truck Petrobras &#8211; Super Truck Elite<br \/>\n10:15 &#8211; 10:50 | 3\u00ba Treino Livre &#8211; Copa Truck Petrobras &#8211; Super Truck Pro<br \/>\n11:00 &#8211; 11:50 | 2\u00ba Treino Oficial &#8211; NASCAR Brasil<br \/>\n12:00 &#8211; 12:45 | Classificat\u00f3rio &#8211; Copa Hyundai HB20<br \/>\n12:55 &#8211; 13:07 | Classificat\u00f3rio &#8211; Copa Truck Petrobras &#8211; Super Truck Elite<br \/>\n13:17 &#8211; 13:27 | Top Qualifying &#8211; Copa Truck Petrobras &#8211; Super Truck Elite<br \/>\n13:37 &#8211; 13:49 | Classificat\u00f3rio &#8211; Copa Truck Petrobras &#8211; Super Truck Pro<br \/>\n13:59 &#8211; 14:09 | Top Qualifying &#8211; Copa Truck Petrobras &#8211; Super Truck Pro<br \/>\n14:30 &#8211; 15:30 | Classificat\u00f3rio &#8211; NASCAR Brasil<br \/>\n16:08 | Largada (25 min + 1 volta) &#8211; Copa Hyundai HB20<br \/>\n17:43 | Largada (60 min) &#8211; NASCAR Brasil<br \/>\n19:18 | Largada (20 min + 1 volta) &#8211; Copa Truck Petrobras<\/p>\n<p><strong>DOMINGO | 13 DE JULHO<\/strong><\/p>\n<p>08:00 &#8211; 08:10 | Warm-up &#8211; Old Stock Race<br \/>\n08:15 &#8211; 08:25 | Warm-up &#8211; Copa Truck Petrobras &#8211; Super Truck Pro<br \/>\n08:30 &#8211; 08:40 | Warm-up &#8211; Copa Truck Petrobras &#8211; Super Truck Elite<br \/>\n08:58 | Largada (30 min) &#8211; Old Stock Race<br \/>\n09:50 &#8211; 10:50&nbsp;|&nbsp;Visita\u00e7\u00e3o aos Boxes<br \/>\n10:00 &#8211; 10:30&nbsp;|&nbsp;<strong>Desfile de Caminh\u00f5es Charada \/ A\u00e7\u00e3o Promocional \/ Hino Nacional \/ Gridwalk<br \/>\n<\/strong>12:25 | Largada (30 min + 1 volta) &#8211; Copa Truck Petrobras<br \/>\n13:33 | Largada (30 min + 1 volta) &#8211; Copa Hyundai HB20<br \/>\n14:28 | Largada (30 min) &#8211; Old Stock Race<br \/>\n15:20 &#8211; 15:10 | A\u00e7\u00e3o Promocional.<\/p>\n<p>&nbsp;<\/p>\n<hr>\n<p>&nbsp;<\/p>\n<p><em><strong>Comunica\u00e7\u00e3o Copa Truck Petrobras<br \/>\nContato:<\/strong>&nbsp;Bruno Vicaria (11) 981963069&nbsp;<\/em><\/p>\n","protected":false},"excerpt":{"rendered":"<p>Passado o grande susto com o forte acidente no fim da etapa de Tarum\u00e3, no m\u00eas passado, Paulo Salustiano acelerou com novo \u00e2nimo em Cascavel [&hellip;]<\/p>\n","protected":false},"author":2,"featured_media":7826,"comment_status":"closed","ping_status":"closed","sticky":false,"template":"","format":"standard","meta":{"ngg_post_thumbnail":0,"footnotes":""},"categories":[3],"tags":[],"class_list":["post-7823","post","type-post","status-publish","format-standard","has-post-thumbnail","hentry","category-noticias"],"_links":{"self":[{"href":"https:\/\/www.r9competicoes.com.br\/r9\/wp-json\/wp\/v2\/posts\/7823","targetHints":{"allow":["GET"]}}],"collection":[{"href":"https:\/\/www.r9competicoes.com.br\/r9\/wp-json\/wp\/v2\/posts"}],"about":[{"href":"https:\/\/www.r9competicoes.com.br\/r9\/wp-json\/wp\/v2\/types\/post"}],"author":[{"embeddable":true,"href":"https:\/\/www.r9competicoes.com.br\/r9\/wp-json\/wp\/v2\/users\/2"}],"replies":[{"embeddable":true,"href":"https:\/\/www.r9competicoes.com.br\/r9\/wp-json\/wp\/v2\/comments?post=7823"}],"version-history":[{"count":1,"href":"https:\/\/www.r9competicoes.com.br\/r9\/wp-json\/wp\/v2\/posts\/7823\/revisions"}],"predecessor-version":[{"id":7827,"href":"https:\/\/www.r9competicoes.com.br\/r9\/wp-json\/wp\/v2\/posts\/7823\/revisions\/7827"}],"wp:featuredmedia":[{"embeddable":true,"href":"https:\/\/www.r9competicoes.com.br\/r9\/wp-json\/wp\/v2\/media\/7826"}],"wp:attachment":[{"href":"https:\/\/www.r9competicoes.com.br\/r9\/wp-json\/wp\/v2\/media?parent=7823"}],"wp:term":[{"taxonomy":"category","embeddable":true,"href":"https:\/\/www.r9competicoes.com.br\/r9\/wp-json\/wp\/v2\/categories?post=7823"},{"taxonomy":"post_tag","embeddable":true,"href":"https:\/\/www.r9competicoes.com.br\/r9\/wp-json\/wp\/v2\/tags?post=7823"}],"curies":[{"name":"wp","href":"https:\/\/api.w.org\/{rel}","templated":true}]}}