{"id":7831,"date":"2025-07-12T17:00:47","date_gmt":"2025-07-12T20:00:47","guid":{"rendered":"https:\/\/www.r9competicoes.com.br\/r9\/?p=7831"},"modified":"2025-07-12T17:00:47","modified_gmt":"2025-07-12T20:00:47","slug":"festa-para-rafa-lopes-pole-position-da-elite-para-a-quinta-etapa-da-temporada","status":"publish","type":"post","link":"https:\/\/www.r9competicoes.com.br\/r9\/2025\/07\/festa-para-rafa-lopes-pole-position-da-elite-para-a-quinta-etapa-da-temporada\/","title":{"rendered":"Festa para Rafa Lopes, pole position da Elite para a quinta etapa da temporada"},"content":{"rendered":"<p>A sess\u00e3o classificat\u00f3ria que definiu o grid das duas corridas v\u00e1lidas pela quinta etapa da temporada 2025 da Copa Truck Petrobras reservou surpresas na tarde deste s\u00e1bado (12) em Cascavel (PR). Favoritos destacados \u00e0 posi\u00e7\u00e3o de honra depois de forte performance nos treinos livres tanto na sexta-feira como no per\u00edodo da manh\u00e3 foram superados na tomada de tempos por Rafa Lopes.<\/p>\n<p>Com o Volkswagen Meteor da R9 Competi\u00e7\u00f5es, o piloto, que j\u00e1 reunia experi\u00eancia na categoria dos brutos, est\u00e1 de volta em participa\u00e7\u00e3o especial e neste fim de semana corre em substitui\u00e7\u00e3o a Andr\u00e9 Marques (Pro). Lopes aproveitou bem a chance e conquistou a pole position. J\u00f4 Augusto Dias (Volkswagen da R9 Competi\u00e7\u00f5es) vai partir da quinta coloca\u00e7\u00e3o.<\/p>\n<p><a  href=\"https:\/\/www.r9competicoes.com.br\/r9\/wp-content\/uploads\/2025\/07\/454156_1160888_20250711_dudabairros_5368_web_.webp\" data-rel=\"lightbox-gallery-0\" data-rl_title=\"454156_1160888_20250711_dudabairros_5368_web_\" data-rl_caption=\"\" title=\"454156_1160888_20250711_dudabairros_5368_web_\"><img loading=\"lazy\" decoding=\"async\" class=\"aligncenter size-full wp-image-7832\" src=\"https:\/\/www.r9competicoes.com.br\/r9\/wp-content\/uploads\/2025\/07\/454156_1160888_20250711_dudabairros_5368_web_.webp\" alt=\"\" width=\"777\" height=\"518\" srcset=\"https:\/\/www.r9competicoes.com.br\/r9\/wp-content\/uploads\/2025\/07\/454156_1160888_20250711_dudabairros_5368_web_.webp 777w, https:\/\/www.r9competicoes.com.br\/r9\/wp-content\/uploads\/2025\/07\/454156_1160888_20250711_dudabairros_5368_web_-450x300.webp 450w, https:\/\/www.r9competicoes.com.br\/r9\/wp-content\/uploads\/2025\/07\/454156_1160888_20250711_dudabairros_5368_web_-600x400.webp 600w, https:\/\/www.r9competicoes.com.br\/r9\/wp-content\/uploads\/2025\/07\/454156_1160888_20250711_dudabairros_5368_web_-768x512.webp 768w\" sizes=\"auto, (max-width: 777px) 100vw, 777px\" \/><\/a><\/p>\n<p>De volta ao grid da Copa Truck Petrobras, o piloto falou sobre a chance concedida pela R9 Competi\u00e7\u00f5es de substituir Andr\u00e9 Marques (Pro), que n\u00e3o corre neste fim de semana em raz\u00e3o de compromissos profissionais.<\/p>\n<p>\u201cS\u00f3 posso agradec\u00ea-lo pela oportunidade de andar com um baita caminh\u00e3o, uma grande oportunidade. Fico feliz por dar o retorno esperado pela equipe. Vamos trabalhar tanto hoje como amanh\u00e3, ver como vai ser, mas sabemos que a corrida principal \u00e9 amanh\u00e3. Hoje vamos com cautela pensando no domingo. Mas vamos pra cima\u201d, destacou Rafa Lopes.<\/p>\n<p><strong>Programa\u00e7\u00e3o em Cascavel<\/strong><\/p>\n<p>Depois da defini\u00e7\u00e3o da pole position e do grid de largada, Cascavel ser\u00e1 palco, logo mais, de um dos momentos mais aguardados de toda a temporada. A primeira corrida noturna da hist\u00f3ria da Copa Truck Petrobras ser\u00e1 disputada a partir de 19h15 (hor\u00e1rio de Bras\u00edlia). A prova ter\u00e1 a dura\u00e7\u00e3o e a pontua\u00e7\u00e3o de uma prova 2 no formato habitual da categoria, de modo que a ordem de largada ser\u00e1 determinada pela invers\u00e3o dos oito primeiros colocados. A disputa ter\u00e1 transmiss\u00e3o ao vivo exclusivamente pelo canal oficial da Copa Truck Petrobras no YouTube.<\/p>\n<p>O domingo marca a conclus\u00e3o da quinta etapa do campeonato em grande estilo. A prova longa do fim de semana, com 30 minutos mais uma volta e a ordem do grid determinada pela sess\u00e3o classificat\u00f3ria, tem largada marcada para 12h25. A prova ser\u00e1 transmitida ao vivo pela Band, SporTV e canais digitais da Copa Truck Petrobras, Esporte na Band, CATVE.com, Portal HighSpeed e Parc Ferm\u00e9 no YouTube.<\/p>\n<p>Confira a seguir o grid de largada da Elite e a programa\u00e7\u00e3o do fim de semana em Cascavel.<\/p>\n<p><strong>Copa Truck Petrobras, temporada 2025<br \/>\nEtapa 5, Cascavel (PR), Super Truck Elite<br \/>\nCorrida 2 (s\u00e1bado \u00e0 noite), grid de largada (invers\u00e3o dos oito primeiros na classifica\u00e7\u00e3o)<br \/>\n<\/strong>1\u00ba &#8211; Hugo Cibien (Vannucci Racing\/Volvo)<br \/>\n2\u00ba &#8211; Maur\u00edcio Arias (AJ5 Eco Sports\/Mercedes-Benz)<br \/>\n3\u00ba &#8211; Djalma Pivetta (Iveco Usual Racing\/Iveco)<br \/>\n4\u00ba &#8211; J\u00f4 Augusto Dias (R9 Competi\u00e7\u00f5es\/Volkswagen)<br \/>\n5\u00ba &#8211; Pedro Perdoncini (ASG Motorsport\/Mercedes-Benz)<br \/>\n6\u00ba &#8211; Arthur Scherer (ASG Motorsport\/Mercedes-Benz)<br \/>\n7\u00ba &#8211; Leo Rufino (PP Motorsport\/Mercedes-Benz)<strong><br \/>\n<\/strong>8\u00ba &#8211; Rafa Lopes (R9 Competi\u00e7\u00f5es\/Volkswagen)<br \/>\n9\u00ba &#8211; Kleber Eletric (Eletric Truck\/Scania)<br \/>\n10\u00ba &#8211; Diogo Moscato (Scuderia Chiarelli\/Iveco)<br \/>\n11\u00ba &#8211; Ricardo Alvarez (Tiger Team Race\/Mercedes-Benz)<br \/>\n12\u00ba &#8211; Marcio Giordano (Tokio Petro Racing\/Mercedes-Benz)<br \/>\n13\u00ba &#8211; Thaline Chicoski (DMais Motorsport\/Mercedes-Benz)<br \/>\n14\u00ba &#8211; Maicon Roncen (Tiger Team Race\/Mercedes-Benz)<br \/>\n15\u00ba &#8211; Juca Bala (Eletric Truck\/Scania)<br \/>\n16\u00ba &#8211; Daniel Kelemen (Dmais Motorsport\/Mercedes-Benz)<br \/>\n17\u00ba &#8211; Nicolas Giaffone (R9 Competi\u00e7\u00f5es\/Volkswagen)<br \/>\n18\u00ba &#8211; Rodrigo Taborda (Vannucci Racing\/Volvo)<strong><\/p>\n<p>Corrida 1 (domingo), grid de largada<br \/>\n<\/strong>1\u00ba &#8211; Rafa Lopes (R9 Competi\u00e7\u00f5es\/Volkswagen), 1min21s208<br \/>\n2\u00ba &#8211; Leo Rufino (PP Motorsport\/Mercedes-Benz), 1min21s303<br \/>\n3\u00ba &#8211; Arthur Scherer (ASG Motorsport\/Mercedes-Benz), 1min21s553<br \/>\n4\u00ba &#8211; Pedro Perdoncini (ASG Motorsport\/Mercedes-Benz), 1min21s594<br \/>\n5\u00ba &#8211; J\u00f4 Augusto Dias (R9 Competi\u00e7\u00f5es\/Volkswagen), 1min22s147<br \/>\n6\u00ba &#8211; Djalma Pivetta (Iveco Usual Racing\/Iveco), 1min22s791<br \/>\n7\u00ba &#8211; Maur\u00edcio Arias (AJ5 Eco Sports\/Mercedes-Benz), sem tempo&nbsp;&nbsp;&nbsp;&nbsp;&nbsp;&nbsp;&nbsp;&nbsp;&nbsp;&nbsp;<br \/>\n8\u00ba &#8211; Hugo Cibien (Vannucci Racing\/Volvo) , sem tempo<br \/>\n9\u00ba &#8211; Kleber Eletric (Eletric Truck\/Scania), 1min21s918<br \/>\n10\u00ba &#8211; Diogo Moscato (Scuderia Chiarelli\/Iveco), 1min22s655<br \/>\n11\u00ba &#8211; Ricardo Alvarez (Tiger Team Race\/Mercedes-Benz), 1min23s082<br \/>\n12\u00ba &#8211; Marcio Giordano (Tokio Petro Racing\/Mercedes-Benz), 1min23s188<br \/>\n13\u00ba &#8211; Thaline Chicoski (DMais Motorsport\/Mercedes-Benz), 1min23s443<br \/>\n14\u00ba &#8211; Maicon Roncen (Tiger Team Race\/Mercedes-Benz), 1min24s850<br \/>\n15\u00ba &#8211; Juca Bala (Eletric Truck\/Scania), sem tempo<br \/>\n16\u00ba &#8211; Daniel Kelemen (Dmais Motorsport\/Mercedes-Benz), sem tempo<br \/>\n17\u00ba &#8211; Nicolas Giaffone (R9 Competi\u00e7\u00f5es\/Volkswagen), sem tempo<br \/>\n18\u00ba &#8211; Rodrigo Taborda (Vannucci Racing\/Volvo), sem tempo<strong><br \/>\n<\/strong><br \/>\n<strong>Programa\u00e7\u00e3o em Cascavel<br \/>\nS\u00e1bado, 12 de julho<br \/>\n<\/strong>16h08 \u2013 Copa Hyundai HB20 \u2013 Corrida 1 (25 minutos + 1 volta)<br \/>\n17h43 \u2013 NASCAR Brasil \u2013 Corrida \u2013 100 Miles (60 minutos)<br \/>\n19h18 \u2013 Copa Truck Petrobras &#8211; Corrida noturna (20 minutos + 1 volta)<\/p>\n<p><strong>Domingo, 13 de julho<\/strong><br \/>\n08h00 \u2013 Old Stock Race \u2013 Warm Up<br \/>\n08h15 \u2013 Copa Truck Petrobras \u2013 Warm Up \u2013 Super Truck Pro<br \/>\n08h30 \u2013 Copa Truck Petrobras \u2013 Warm Up \u2013 Super Truck Elite<br \/>\n08h58 \u2013 Old Stock Race \u2013 Corrida 1 (30 minutos)<br \/>\n09h50 \u2013&nbsp;Visita\u00e7\u00e3o aos Boxes<br \/>\n10h00 \u2013&nbsp;Desfile de Caminh\u00f5es<br \/>\n12h25 \u2013 Copa Truck Petrobras \u2013 Corrida (30 minutos + 1 volta)<br \/>\n13h33 \u2013 Copa Hyundai HB20 \u2013 Corrida 2 (30 minutos + 1 volta)<br \/>\n14h28 \u2013 Old Stock Race \u2013 Corrida 2 (30 minutos + 1 volta)<\/p>\n<p>&nbsp;<\/p>\n<hr>\n<p><em><strong>Comunica\u00e7\u00e3o Copa Truck Petrobras<br \/>\nContato:<\/strong>&nbsp;Bruno Vicaria (11) 981963069&nbsp;<\/em><\/p>\n<p>&nbsp;<\/p>\n","protected":false},"excerpt":{"rendered":"<p>A sess\u00e3o classificat\u00f3ria que definiu o grid das duas corridas v\u00e1lidas pela quinta etapa da temporada 2025 da Copa Truck Petrobras reservou surpresas na tarde [&hellip;]<\/p>\n","protected":false},"author":2,"featured_media":7833,"comment_status":"closed","ping_status":"closed","sticky":false,"template":"","format":"standard","meta":{"ngg_post_thumbnail":0,"footnotes":""},"categories":[3],"tags":[],"class_list":["post-7831","post","type-post","status-publish","format-standard","has-post-thumbnail","hentry","category-noticias"],"_links":{"self":[{"href":"https:\/\/www.r9competicoes.com.br\/r9\/wp-json\/wp\/v2\/posts\/7831","targetHints":{"allow":["GET"]}}],"collection":[{"href":"https:\/\/www.r9competicoes.com.br\/r9\/wp-json\/wp\/v2\/posts"}],"about":[{"href":"https:\/\/www.r9competicoes.com.br\/r9\/wp-json\/wp\/v2\/types\/post"}],"author":[{"embeddable":true,"href":"https:\/\/www.r9competicoes.com.br\/r9\/wp-json\/wp\/v2\/users\/2"}],"replies":[{"embeddable":true,"href":"https:\/\/www.r9competicoes.com.br\/r9\/wp-json\/wp\/v2\/comments?post=7831"}],"version-history":[{"count":1,"href":"https:\/\/www.r9competicoes.com.br\/r9\/wp-json\/wp\/v2\/posts\/7831\/revisions"}],"predecessor-version":[{"id":7834,"href":"https:\/\/www.r9competicoes.com.br\/r9\/wp-json\/wp\/v2\/posts\/7831\/revisions\/7834"}],"wp:featuredmedia":[{"embeddable":true,"href":"https:\/\/www.r9competicoes.com.br\/r9\/wp-json\/wp\/v2\/media\/7833"}],"wp:attachment":[{"href":"https:\/\/www.r9competicoes.com.br\/r9\/wp-json\/wp\/v2\/media?parent=7831"}],"wp:term":[{"taxonomy":"category","embeddable":true,"href":"https:\/\/www.r9competicoes.com.br\/r9\/wp-json\/wp\/v2\/categories?post=7831"},{"taxonomy":"post_tag","embeddable":true,"href":"https:\/\/www.r9competicoes.com.br\/r9\/wp-json\/wp\/v2\/tags?post=7831"}],"curies":[{"name":"wp","href":"https:\/\/api.w.org\/{rel}","templated":true}]}}